{"id":20063,"date":"2026-08-30T08:03:38","date_gmt":"2026-08-30T06:03:38","guid":{"rendered":"https:\/\/meiser-tv.de\/uncategorized\/unser-militaer-ist-hilflos-der-hinterhalt-von-migranten-auf-militaerfahrzeuge-in-ceuta-war-laut-polizei-im-voraus-geplant\/"},"modified":"2026-08-30T08:03:38","modified_gmt":"2026-08-30T06:03:38","slug":"unser-militaer-ist-hilflos-der-hinterhalt-von-migranten-auf-militaerfahrzeuge-in-ceuta-war-laut-polizei-im-voraus-geplant","status":"publish","type":"post","link":"https:\/\/meiser-tv.de\/en\/uncategorized\/unser-militaer-ist-hilflos-der-hinterhalt-von-migranten-auf-militaerfahrzeuge-in-ceuta-war-laut-polizei-im-voraus-geplant\/","title":{"rendered":"\u201eUnser Milit\u00e4r ist hilflos\u201c: Der Hinterhalt von Migranten auf Milit\u00e4rfahrzeuge in Ceuta war laut Polizei im Voraus geplant"},"content":{"rendered":"<div>\n<p class=\"wp-block-paragraph\"><em>Von Tyler Durden<\/em><\/p>\n<p class=\"wp-block-paragraph\"><em>Laut Remix News<\/em><\/p>\n<p class=\"wp-block-paragraph\"><em><strong>handelte es sich bei dem Angriff auf eine Milit\u00e4rpatrouille im Gebiet Benz\u00fa in Ceuta gestern Abend nach vorl\u00e4ufigen Erkenntnissen der Nationalpolizei nicht um eine spontane Auseinandersetzung, sondern um einen vorab geplanten Hinterhalt. Nun berichten milit\u00e4rische Quellen von Soldaten, die keine k\u00f6rperliche Gewalt anwenden d\u00fcrfen, keine Waffen besitzen und daher in Zukunft f\u00fcr solche Angriffe besonders anf\u00e4llig sind.<\/strong><\/em><\/p>\n<p class=\"wp-block-paragraph\">Im Zusammenhang mit dem Hinterhalt entdeckten die Ermittler der Polizei am Tatort eine ungew\u00f6hnliche Ansammlung schwerer Steine, die nicht zur nat\u00fcrlichen Geologie des Gel\u00e4ndes passte. Die Polizei geht davon aus, dass die Wurfgeschosse absichtlich im Vorfeld an dieser Stelle gelagert wurden, um eine Falle f\u00fcr ein Fahrzeug oder einen Konvoi zu stellen, der das Gebiet durchqueren w\u00fcrde.<\/p>\n<p class=\"wp-block-paragraph\">Bilder von besch\u00e4digten Milit\u00e4rfahrzeugen haben sich in den sozialen Medien wie ein Lauffeuer verbreitet. Mehrere Fahrzeuge erlitten bei dem Angriff zerbrochene Windschutzscheiben und andere Sch\u00e4den.<\/p>\n<blockquote class=\"twitter-tweet\">\n<p lang=\"es\" dir=\"ltr\"> <a target=\"_blank\" rel=\"noopener noreferrer\" href=\"https:\/\/x.com\/hashtag\/URGENTE?src=hash&amp;ref_src=twsrc%5Etfw\">#URGENTE<\/a> | Los inmigrantes ilegales de Ceuta han atacado esta madrugada los veh\u00edculos de los militares espa\u00f1oles. <\/p>\n<p>Este es el estado de algunos de los coches y camiones del Ej\u00e9rcito que les ha ayudado a instalarse en polideportivos. <a target=\"_blank\" rel=\"noopener noreferrer\" href=\"https:\/\/t.co\/KnT9RU35AM\">pic.twitter.com\/KnT9RU35AM<\/a><\/p>\n<p>\u2014 Vito Quiles <img data-opt-id=1566039635  fetchpriority=\"high\" decoding=\"async\" src=\"https:\/\/mleexelnfod5.i.optimole.com\/w:auto\/h:auto\/q:mauto\/f:best\/https:\/\/meiser-tv.de\/wp-content\/uploads\/2026\/08\/1f1ea-1f1f8-7.png\" alt=\"\ud83c\uddea\ud83c\uddf8\" class=\"wp-smiley\" style=\"height: 1em; max-height: 1em;\"> (@vitoquiles) <a target=\"_blank\" rel=\"noopener noreferrer\" href=\"https:\/\/x.com\/vitoquiles\/status\/2092890986913415610?ref_src=twsrc%5Etfw\">August 27, 2026<\/a><\/p><\/blockquote>\n<p> <script async src=\"https:\/\/platform.x.com\/widgets.js\" charset=\"utf-8\"><\/script><\/p>\n<p class=\"wp-block-paragraph\"><em><strong>\u00dcbersetzung von \u201eX\u201c<\/strong>: Illegale Einwanderer aus Ceuta haben heute fr\u00fch Fahrzeuge des spanischen Milit\u00e4rs angegriffen. So sehen einige der Autos und Lastwagen der Armee aus, die ihnen dabei geholfen haben, sich in Sportanlagen unterzubringen.<\/em><\/p>\n<p class=\"wp-block-paragraph\"><strong>Der Hinterhalt ereignete sich, w\u00e4hrend Truppen der 54. regul\u00e4ren Gruppe von Ceuta Routinepatrouillen durchf\u00fchrten.<\/strong> Dutzende illegaler Einwanderer \u00fcberfielen das Patrouillenfahrzeug mit einem heftigen Steinewurf. Durch die pl\u00f6tzliche Heftigkeit des Angriffs wurde das Fahrzeug schwer besch\u00e4digt, die Scheiben zerbrachen und die Insassen waren im Fahrzeug eingeschlossen.<\/p>\n<p class=\"wp-block-paragraph\">Umgeben von einer gro\u00dfen Menge an Wurfgeschossen \u201ef\u00fcrchteten die Soldaten um ihr Leben\u201c, wie aus sp\u00e4teren Aussagen gegen\u00fcber den Ermittlern hervorgeht, \u00fcber die die spanische Zeitung El Debate berichtete. Vier Soldaten wurden verletzt, und Beh\u00f6rdenvertreter erkl\u00e4rten gegen\u00fcber der Presse, dass die gel\u00e4ndeg\u00e4ngigen Logistikfahrzeuge nicht gepanzert und f\u00fcr solche Angriffe nicht ausger\u00fcstet seien.<\/p>\n<p class=\"wp-block-paragraph\">Marco Antonio G\u00f3mez, Pr\u00e4sident des Verbandes der spanischen Soldaten und Matrosen (ATME), <strong>erkl\u00e4rte, dass dieser \u201e\u00e4u\u00dferst schwerwiegende Angriff\u201c zeige, dass \u201eunser Milit\u00e4r hilflos ist\u201c.<\/strong><\/p>\n<p class=\"wp-block-paragraph\"><em><strong>\u201eSie sind unbewaffnet. Unsere Kollegen mussten fliehen, um ihr Leben zu retten.\u201c<\/strong><\/em><\/p>\n<p class=\"wp-block-paragraph\">Milit\u00e4rquellen, die direkt vor Ort in Ceuta im Einsatz sind, berichten gegen\u00fcber \u201eEl Debate\u201c, dass den Soldaten \u201edie H\u00e4nde und F\u00fc\u00dfe gebunden\u201c seien.<\/p>\n<p class=\"wp-block-paragraph\">Obwohl das Milit\u00e4r mit der Nationalpolizei zusammenarbeitet, bleibt die Lage gef\u00e4hrlich.<\/p>\n<p class=\"wp-block-paragraph\"><strong>Die Quelle erkl\u00e4rte: \u201eSie haben das Notwendige getan und sind in Situationen eingegriffen, in denen die illegalen Einwanderer die Einwohner von Ceuta bel\u00e4stigt haben.\u201c<\/strong><\/p>\n<blockquote class=\"twitter-tweet\">\n<p lang=\"en\" dir=\"ltr\"> A young Spanish woman is fleeing Ceuta because she no longer feels safe.<\/p>\n<p>&#8222;I don&#8217;t want to feel anxious every time I step outside\u2026 It seems awful to me that all this is allowed to happen and nobody can close the border or do anything.&#8220;<\/p>\n<p>However, she also claims that the\u2026 <a target=\"_blank\" rel=\"noopener noreferrer\" href=\"https:\/\/t.co\/o6KVfhR7p8\">pic.twitter.com\/o6KVfhR7p8<\/a><\/p>\n<p>\u2014 Remix News &amp; Views (@RMXnews) <a target=\"_blank\" rel=\"noopener noreferrer\" href=\"https:\/\/x.com\/RMXnews\/status\/2086848976318238895?ref_src=twsrc%5Etfw\">August 10, 2026<\/a><\/p><\/blockquote>\n<p> <script async src=\"https:\/\/platform.x.com\/widgets.js\" charset=\"utf-8\"><\/script><\/p>\n<p class=\"wp-block-paragraph\"><em><strong>\u00dcbersetzung von \u201eX\u201c<\/strong>: Eine junge Spanierin flieht aus Ceuta, weil sie sich dort nicht mehr sicher f\u00fchlt. \u201eIch m\u00f6chte nicht jedes Mal Angst haben, wenn ich vor die T\u00fcr trete \u2026 Ich finde es schrecklich, dass all das einfach so passieren darf und niemand die Grenze schlie\u00dfen oder etwas dagegen unternehmen kann.\u201c Allerdings betont sie auch, dass die spanischen M\u00e4nner, die Migranten verpr\u00fcgeln, das nicht tun sollten und dass es \u201eschrecklich\u201c sei. Inzwischen sagt sie, sie fliehe dorthin, \u201ewo ich wei\u00df, dass sie nicht einmarschieren werden. Und wenn sie einmarschieren, wird das wohl nicht so bald sein, also mache ich mich auf den Weg.\u201c<\/em><\/p>\n<p class=\"wp-block-paragraph\"><strong>Diese milit\u00e4rischen Quellen beklagen jedoch, dass verschiedene rechtliche Rahmenbedingungen dazu gef\u00fchrt haben, dass Soldaten keine Waffen mehr haben, und dass diese Vorschriften es den Soldaten zudem erschweren, Festnahmen durchzuf\u00fchren und jegliche Art von Gewalt anzuwenden.<\/strong><\/p>\n<p class=\"wp-block-paragraph\">Migranten sind sich dieser Einschr\u00e4nkungen m\u00f6glicherweise sogar bewusst, was es ihnen erm\u00f6glicht, fast ungestraft Hinterhalte gegen Soldaten zu ver\u00fcben.<\/p>\n<blockquote class=\"twitter-tweet\">\n<p lang=\"en\" dir=\"ltr\"> 5 migrants tried to gang rape a 12-year-old girl as she screamed for help, said locals in Ceuta who stopped the attack.<\/p>\n<p>&#8222;There were five against a 12-year-old girl. She was a little girl, they were taking off her pants. She was screaming, screaming, screaming. She was\u2026 <a target=\"_blank\" rel=\"noopener noreferrer\" href=\"https:\/\/t.co\/g97pj8phUR\">pic.twitter.com\/g97pj8phUR<\/a><\/p>\n<p>\u2014 Remix News &amp; Views (@RMXnews) <a target=\"_blank\" rel=\"noopener noreferrer\" href=\"https:\/\/x.com\/RMXnews\/status\/2092199478786666631?ref_src=twsrc%5Etfw\">August 25, 2026<\/a><\/p><\/blockquote>\n<p> <script async src=\"https:\/\/platform.x.com\/widgets.js\" charset=\"utf-8\"><\/script><\/p>\n<p class=\"wp-block-paragraph\"><em><strong>\u00dcbersetzung von \u201eX\u201c<\/strong>: F\u00fcnf Migranten versuchten, ein 12-j\u00e4hriges M\u00e4dchen zu vergewaltigen, w\u00e4hrend sie um Hilfe schrie, berichteten Anwohner in Ceuta, die den \u00dcbergriff verhinderten.<\/em><\/p>\n<p class=\"wp-block-paragraph\"><em>\u201eEs waren f\u00fcnf gegen ein 12-j\u00e4hriges M\u00e4dchen. Sie war noch ein kleines M\u00e4dchen, sie zogen ihr die Hose aus. Sie schrie und schrie und schrie. Sie sprach Arabisch, wir verstanden sie, weil sie sie direkt vor meinem Haus vergewaltigten.\u201c<\/em><\/p>\n<p class=\"wp-block-paragraph\"><em>\u201eSie h\u00e4tten sie umgebracht, wenn wir sie auf der Stra\u00dfe zur\u00fcckgelassen h\u00e4tten.\u201c<\/em><\/p>\n<p class=\"wp-block-paragraph\"><em>Obwohl wir die Polizei gerufen hatten, kam niemand.<\/em><\/p>\n<p class=\"wp-block-paragraph\"><em>\u201eSie sagten mir, sie seien \u00fcberfordert, und als ich zur Polizeiwache ging, sagten sie mir, ich solle sie nach Marokko bringen und sie w\u00fcrden keine Anzeige aufnehmen\u201c, sagte die Tochter.<\/em><\/p>\n<p class=\"wp-block-paragraph\"><strong>Seit dem Angriff wurden 12 Verd\u00e4chtige am Tatort von der Pr\u00e4ventions- und Reaktionsabteilung (UPR) der Nationalpolizei festgenommen.<\/strong> Berichten zufolge versuchten einige Migranten, sich der Festnahme zu entziehen, indem sie ins Meer sprangen. Verst\u00e4rkung durch die Guardia Civil trug ebenfalls zur Absicherung des Gel\u00e4ndes bei.<\/p>\n<p class=\"wp-block-paragraph\">Die Vereinigung der Milit\u00e4rtruppen (UMT) gab eine Erkl\u00e4rung ab, in der sie ihre \u201eentschiedene Ablehnung und Emp\u00f6rung\u201c zum Ausdruck brachte und darauf hinwies, dass sie bereits zehn Tage zuvor vor den Bedingungen gewarnt hatte, denen die Truppen ausgesetzt waren.<\/p>\n<p class=\"wp-block-paragraph\">Die Ermittlungen der Nationalpolizei dauern an, w\u00e4hrend die Beh\u00f6rden daran arbeiten, alle noch fl\u00fcchtigen Personen aufzusp\u00fcren, die an dem Hinterhalt beteiligt waren.<\/p>\n<p class=\"wp-block-paragraph\">***<\/p>\n<p class=\"wp-block-paragraph\">\n<\/div>","protected":false},"excerpt":{"rendered":"<p>Von Tyler Durden Laut Remix News handelte es sich bei dem Angriff auf eine Milit\u00e4rpatrouille im Gebiet Benz\u00fa in Ceuta gestern Abend nach vorl\u00e4ufigen Erkenntnissen der Nationalpolizei nicht um eine spontane Auseinandersetzung, sondern um einen vorab geplanten Hinterhalt. Nun berichten milit\u00e4rische Quellen von Soldaten, die keine k\u00f6rperliche Gewalt anwenden d\u00fcrfen, keine Waffen besitzen und daher [&hellip;]<\/p>\n","protected":false},"author":1,"featured_media":20064,"comment_status":"closed","ping_status":"closed","sticky":false,"template":"","format":"standard","meta":{"_gspb_post_css":"","_uag_custom_page_level_css":"","fifu_image_url":"","fifu_image_alt":"","footnotes":""},"categories":[1],"tags":[],"class_list":["post-20063","post","type-post","status-publish","format-standard","has-post-thumbnail","hentry","category-uncategorized"],"blocksy_meta":{"styles_descriptor":{"styles":{"desktop":"","tablet":"","mobile":""},"google_fonts":[],"version":7}},"uagb_featured_image_src":{"full":["https:\/\/mleexelnfod5.i.optimole.com\/w:auto\/h:auto\/q:mauto\/f:best\/https:\/\/meiser-tv.de\/wp-content\/uploads\/2026\/08\/1f534-6.png",72,72,false],"thumbnail":["https:\/\/mleexelnfod5.i.optimole.com\/w:auto\/h:auto\/q:mauto\/f:best\/https:\/\/meiser-tv.de\/wp-content\/uploads\/2026\/08\/1f534-6.png",72,72,false],"medium":["https:\/\/mleexelnfod5.i.optimole.com\/w:auto\/h:auto\/q:mauto\/f:best\/https:\/\/meiser-tv.de\/wp-content\/uploads\/2026\/08\/1f534-6.png",72,72,false],"medium_large":["https:\/\/mleexelnfod5.i.optimole.com\/w:auto\/h:auto\/q:mauto\/f:best\/https:\/\/meiser-tv.de\/wp-content\/uploads\/2026\/08\/1f534-6.png",72,72,false],"large":["https:\/\/mleexelnfod5.i.optimole.com\/w:auto\/h:auto\/q:mauto\/f:best\/https:\/\/meiser-tv.de\/wp-content\/uploads\/2026\/08\/1f534-6.png",72,72,false],"1536x1536":["https:\/\/mleexelnfod5.i.optimole.com\/w:auto\/h:auto\/q:mauto\/f:best\/https:\/\/meiser-tv.de\/wp-content\/uploads\/2026\/08\/1f534-6.png",72,72,false],"2048x2048":["https:\/\/mleexelnfod5.i.optimole.com\/w:auto\/h:auto\/q:mauto\/f:best\/https:\/\/meiser-tv.de\/wp-content\/uploads\/2026\/08\/1f534-6.png",72,72,false],"trp-custom-language-flag":["https:\/\/mleexelnfod5.i.optimole.com\/w:12\/h:12\/q:mauto\/f:best\/dpr:2\/https:\/\/meiser-tv.de\/wp-content\/uploads\/2026\/08\/1f534-6.png",12,12,true]},"uagb_author_info":{"display_name":"admin","author_link":"https:\/\/meiser-tv.de\/en\/author\/admin\/"},"uagb_comment_info":0,"uagb_excerpt":"Von Tyler Durden Laut Remix News handelte es sich bei dem Angriff auf eine Milit\u00e4rpatrouille im Gebiet Benz\u00fa in Ceuta gestern Abend nach vorl\u00e4ufigen Erkenntnissen der Nationalpolizei nicht um eine spontane Auseinandersetzung, sondern um einen vorab geplanten Hinterhalt. Nun berichten milit\u00e4rische Quellen von Soldaten, die keine k\u00f6rperliche Gewalt anwenden d\u00fcrfen, keine Waffen besitzen und daher&hellip;","_links":{"self":[{"href":"https:\/\/meiser-tv.de\/en\/wp-json\/wp\/v2\/posts\/20063","targetHints":{"allow":["GET"]}}],"collection":[{"href":"https:\/\/meiser-tv.de\/en\/wp-json\/wp\/v2\/posts"}],"about":[{"href":"https:\/\/meiser-tv.de\/en\/wp-json\/wp\/v2\/types\/post"}],"author":[{"embeddable":true,"href":"https:\/\/meiser-tv.de\/en\/wp-json\/wp\/v2\/users\/1"}],"replies":[{"embeddable":true,"href":"https:\/\/meiser-tv.de\/en\/wp-json\/wp\/v2\/comments?post=20063"}],"version-history":[{"count":0,"href":"https:\/\/meiser-tv.de\/en\/wp-json\/wp\/v2\/posts\/20063\/revisions"}],"wp:featuredmedia":[{"embeddable":true,"href":"https:\/\/meiser-tv.de\/en\/wp-json\/wp\/v2\/media\/20064"}],"wp:attachment":[{"href":"https:\/\/meiser-tv.de\/en\/wp-json\/wp\/v2\/media?parent=20063"}],"wp:term":[{"taxonomy":"category","embeddable":true,"href":"https:\/\/meiser-tv.de\/en\/wp-json\/wp\/v2\/categories?post=20063"},{"taxonomy":"post_tag","embeddable":true,"href":"https:\/\/meiser-tv.de\/en\/wp-json\/wp\/v2\/tags?post=20063"}],"curies":[{"name":"wp","href":"https:\/\/api.w.org\/{rel}","templated":true}]}}