{"id":20066,"date":"2026-08-30T08:03:40","date_gmt":"2026-08-30T06:03:40","guid":{"rendered":"https:\/\/meiser-tv.de\/uncategorized\/russland-greift-munitionsdepot-in-kiew-in-der-naehe-von-wohnhaeusern-an-ukraine-raeumt-ein-dass-90-der-logistik-fuer-den-lebensmitteleinzelhandel-zerstoert-sind\/"},"modified":"2026-08-30T08:03:40","modified_gmt":"2026-08-30T06:03:40","slug":"russland-greift-munitionsdepot-in-kiew-in-der-naehe-von-wohnhaeusern-an-ukraine-raeumt-ein-dass-90-der-logistik-fuer-den-lebensmitteleinzelhandel-zerstoert-sind","status":"publish","type":"post","link":"https:\/\/meiser-tv.de\/en\/uncategorized\/russland-greift-munitionsdepot-in-kiew-in-der-naehe-von-wohnhaeusern-an-ukraine-raeumt-ein-dass-90-der-logistik-fuer-den-lebensmitteleinzelhandel-zerstoert-sind\/","title":{"rendered":"Russland greift Munitionsdepot in Kiew in der N\u00e4he von Wohnh\u00e4usern an; Ukraine r\u00e4umt ein, dass 90 % der Logistik f\u00fcr den Lebensmitteleinzelhandel zerst\u00f6rt sind"},"content":{"rendered":"<div>\n<p class=\"wp-block-paragraph\"><em>Von Tyler Durden<\/em><\/p>\n<p class=\"wp-block-paragraph\">Am Freitagabend traf eine russische Drohne ein Munitionslager der ukrainischen Streitkr\u00e4fte im Dorf Myla, westlich von Kiew. <strong>Der dadurch ausgel\u00f6ste Brand und stundenlange Folgedetonationen<\/strong> <strong>kosteten mindestens<\/strong> <strong>37 Menschen<\/strong> <strong>das Leben, verletzten Dutzende weitere<\/strong>, besch\u00e4digten rund 50 Wohngeb\u00e4ude sowie ein Pflegeheim f\u00fcr \u00e4ltere und behinderte Menschen und zwangen Hunderte zur Evakuierung. Unter den Toten befand sich auch der Ortsvorsteher, der zur Hilfe geeilt war.<\/p>\n<blockquote class=\"twitter-tweet\">\n<p lang=\"en\" dir=\"ltr\">Here are some close-up shots from yesterday&#8217;s explosion at an ammunition depot in the village of Myla, in the Kyiv region. The local population is understandably unhappy. <a target=\"_blank\" rel=\"noopener noreferrer\" href=\"https:\/\/t.co\/TWJudPFh6j\">pic.twitter.com\/TWJudPFh6j<\/a><\/p>\n<p>\u2014 Z.O.V Military (@WarHunter2222) <a target=\"_blank\" rel=\"noopener noreferrer\" href=\"https:\/\/x.com\/WarHunter2222\/status\/2093691320862683321?ref_src=twsrc%5Etfw\">August 29, 2026<\/a><\/p><\/blockquote>\n<p> <script async src=\"https:\/\/platform.x.com\/widgets.js\" charset=\"utf-8\"><\/script><\/p>\n<p class=\"wp-block-paragraph\"><em><strong>\u00dcbersetzung von \u201eX\u201c<\/strong>: Hier sind einige Nahaufnahmen von der gestrigen Explosion in einem Munitionsdepot im Dorf Myla in der Region Kiew. Die \u00f6rtliche Bev\u00f6lkerung ist verst\u00e4ndlicherweise ver\u00e4rgert.<\/em><\/p>\n<p class=\"wp-block-paragraph\">Als Reaktion darauf bezeichnete der ukrainische Pr\u00e4sident <strong>Wolodymyr Selenskyj die Einrichtung eines Waffenlagers in der N\u00e4he von Zivilisten als \u201eschreckliche Fahrl\u00e4ssigkeit\u201c.<\/strong> Der erste Einschlag, so sagte er, traf ein Depot, in dem Granaten, Minen, andere Munition und Drohnen gelagert waren, die \u201eauf keinen Fall dort h\u00e4tten sein d\u00fcrfen\u201c \u2013 w\u00e4hrend die Staatsanwaltschaft in Kiew eine strafrechtliche Untersuchung zur Rechtm\u00e4\u00dfigkeit der Lagerung von Sprengstoff in der N\u00e4he von Wohngebieten einleitete. <strong>Dies ist der zweite Vorfall dieser Art innerhalb von zwei Monaten<\/strong>. Ein Angriff im Juli auf ein Depot im nahegelegenen Vyshneve f\u00fchrte zu \u00e4hnlichen Sekund\u00e4rexplosionen, Todesf\u00e4llen und sp\u00e4ter zu Festnahmen von F\u00fchrungskr\u00e4ften staatlicher R\u00fcstungsunternehmen.<\/p>\n<blockquote class=\"twitter-tweet\">\n<p lang=\"en\" dir=\"ltr\">Footage showing the moment of the secondary detonation at an ammunition depot in Kyiv Oblast following a Russian Geran-4 jet-drone strike. <a target=\"_blank\" rel=\"noopener noreferrer\" href=\"https:\/\/t.co\/xH7IFTrnk3\">pic.twitter.com\/xH7IFTrnk3<\/a><\/p>\n<p>\u2014 AMK Mapping  (@AMK_Mapping_) <a target=\"_blank\" rel=\"noopener noreferrer\" href=\"https:\/\/x.com\/AMK_Mapping_\/status\/2093459609940046031?ref_src=twsrc%5Etfw\">August 28, 2026<\/a><\/p><\/blockquote>\n<p> <script async src=\"https:\/\/platform.x.com\/widgets.js\" charset=\"utf-8\"><\/script><\/p>\n<p class=\"wp-block-paragraph\"><em><strong>\u00dcbersetzung von \u201eX\u201c<\/strong>: Aufnahmen, die den Moment der Sekund\u00e4rdetonation in einem Munitionsdepot in der Oblast Kiew nach einem Angriff durch eine russische \u201eGeran-4\u201c-Jet-Drohne zeigen.<\/em><\/p>\n<figure class=\"wp-block-image aligncenter size-large is-resized\"><img data-opt-id=1291369070  fetchpriority=\"high\" decoding=\"async\" src=\"https:\/\/mleexelnfod5.i.optimole.com\/w:auto\/h:auto\/q:mauto\/f:best\/https:\/\/meiser-tv.de\/wp-content\/uploads\/2026\/08\/tag-3Areuterscom-2C2026-3Anewsml_LYNXMPEM7S06V-3A12026-08-29T094516Z_1_LYNXMPEM7S06V_RTROPTP_3_UKRAINE-CRISIS-ATTACK-KYIV-REGION_80.jpg\" alt=\"\" style=\"aspect-ratio:1.4992504434085345;width:638px;height:auto\"><figcaption class=\"wp-element-caption\">Einwohner gehen am Ort eines russischen Drohnenangriffs vorbei, w\u00e4hrend Rauch aufsteigt, inmitten des russischen Angriffs auf die Ukraine, in der Region Kiew, Ukraine, 29. August 2026.\u201c REUTERS\/Alina Smutko<\/figcaption><\/figure>\n<blockquote class=\"twitter-tweet\">\n<p lang=\"en\" dir=\"ltr\">Devastating aftermath in the Bucha district following a Russian strike on an enterprise in the Kyiv region. <\/p>\n<p>The attack triggered secondary explosions, killing at least 27 people and destroying local infrastructure and homes.<\/p>\n<p>Photos: Kostiantyn Liberov and Vlada Liberova <a target=\"_blank\" rel=\"noopener noreferrer\" href=\"https:\/\/t.co\/RO2QhMbocl\">pic.twitter.com\/RO2QhMbocl<\/a><\/p>\n<p>\u2014 KyivPost (@KyivPost) <a target=\"_blank\" rel=\"noopener noreferrer\" href=\"https:\/\/x.com\/KyivPost\/status\/2093632874012405945?ref_src=twsrc%5Etfw\">August 29, 2026<\/a><\/p><\/blockquote>\n<p> <script async src=\"https:\/\/platform.x.com\/widgets.js\" charset=\"utf-8\"><\/script><\/p>\n<p class=\"wp-block-paragraph\"><em><strong>\u00dcbersetzung von \u201eX\u201c<\/strong>: Verheerende Folgen im Bezirk Bucha nach einem russischen Angriff auf ein Unternehmen in der Region Kiew. Der Angriff l\u00f6ste Sekund\u00e4rexplosionen aus, bei denen mindestens 27 Menschen ums Leben kamen und die \u00f6rtliche Infrastruktur sowie Wohnh\u00e4user zerst\u00f6rt wurden.<\/em><\/p>\n<p class=\"wp-block-paragraph\"><strong>Das russische Verteidigungsministerium<\/strong> <strong>teilte mit<\/strong>, <strong>dass am Standort Myla Komponenten und Startbooster f\u00fcr Langstrecken-Drohnen gelagert worden seien.<\/strong> Es gab au\u00dferdem an, Angriffe auf Einrichtungen im Zusammenhang mit der Marschflugrakete \u201eFlamingo\u201c in der Region Kiew sowie auf die H\u00e4fen von Mykolajiw und Ismail durchgef\u00fchrt zu haben. Behauptungen in den sozialen Medien, dass dort \u201ePatriot\u201c-Raketen gelagert worden seien, wurden durch offizielle ukrainische Stellungnahmen bislang nicht best\u00e4tigt.<\/p>\n<blockquote class=\"twitter-tweet\">\n<p lang=\"en\" dir=\"ltr\">Some unlucky fella got caught at the epicenter of the explosion at the ammunition depot in the Kiev region and filmed everything. You can hear the ammo going off. The Ukrainian military has consistently used civilians as human shields, but it looks like Putin has run out of\u2026 <a target=\"_blank\" rel=\"noopener noreferrer\" href=\"https:\/\/t.co\/HQmiphLNu4\">pic.twitter.com\/HQmiphLNu4<\/a><\/p>\n<p>\u2014 Gabriel (@GabeZZOZZ) <a target=\"_blank\" rel=\"noopener noreferrer\" href=\"https:\/\/x.com\/GabeZZOZZ\/status\/2093603951572594823?ref_src=twsrc%5Etfw\">August 29, 2026<\/a><\/p><\/blockquote>\n<p> <script async src=\"https:\/\/platform.x.com\/widgets.js\" charset=\"utf-8\"><\/script><\/p>\n<p class=\"wp-block-paragraph\"><em><strong>\u00dcbersetzung von \u201eX\u201c<\/strong>: Ein ungl\u00fccklicher Kerl geriet mitten ins Epizentrum der Explosion im Munitionsdepot in der Region Kiew und hat alles gefilmt. Man h\u00f6rt, wie die Munition explodiert. Das ukrainische Milit\u00e4r hat Zivilisten immer wieder als menschliche Schutzschilde benutzt, aber es sieht so aus, als w\u00e4re Putins Geduld am Ende.<\/em><\/p>\n<p class=\"wp-block-paragraph\">Die Explosion am Freitagabend ereignete sich im Rahmen einer mehrt\u00e4gigen russischen Offensive mit <strong>strahlgetriebenen Drohnen und Raketen<\/strong>, die zu <strong>nahezu ununterbrochenen Luftangriffswarnungen<\/strong> \u00fcber Kiew gef\u00fchrt und Lagerh\u00e4user von Supermarktketten, Postbetreibern, Einzelh\u00e4ndlern und Logistikunternehmen getroffen hat. Der ukrainische Landwirtschaftsminister Taras Vysotskyi erkl\u00e4rte gegen\u00fcber Reportern, dass \u201egrob gesch\u00e4tzt\u201c <strong>etwa<\/strong> <strong>90 %<\/strong> <strong>der von gro\u00dfen Einzelhandelsketten genutzten Lebensmittel-Logistikinfrastruktur<\/strong> (gro\u00dfe Verteilzentren, die Netzwerke wie Fora, Silpo, NOVUS und Varus versorgen) <strong>zerst\u00f6rt wurde<\/strong>. Dennoch <strong>betont Vysotskyi, dass dies nicht zu einer Hungersnot f\u00fchren werde \u2013<\/strong> da die Ketten auf teurere \u201eOn-Wheels\u201c-Lieferungen direkt vom Erzeuger umstellen. Dennoch berichten Gesch\u00e4fte in Kiew von leeren Regalen bei Obst und Gem\u00fcse, Milchprodukten und Grundnahrungsmitteln.<\/p>\n<figure class=\"wp-block-image aligncenter size-large is-resized\"><img data-opt-id=1498920677  fetchpriority=\"high\" decoding=\"async\" src=\"https:\/\/mleexelnfod5.i.optimole.com\/w:auto\/h:auto\/q:mauto\/f:best\/https:\/\/meiser-tv.de\/wp-content\/uploads\/2026\/08\/Screenshot2026-08-29at09-45-47RussianattackonUkrainianammunitionwarehousetriggerswavesofblastskilling37CNN.png\" alt=\"\" style=\"width:600px;height:auto\"><figcaption class=\"wp-element-caption\">Via CNN<\/figcaption><\/figure>\n<p class=\"wp-block-paragraph\">Der letzte noch in Betrieb befindliche Epicentr-Hypermarkt in Saporischschja wurde ebenfalls am Freitagmorgen <a target=\"_blank\" rel=\"noopener noreferrer\" href=\"https:\/\/www.kyivpost.com\/post\/83254\">getroffen<\/a>, wenige Stunden vor der Explosion in Myla.<\/p>\n<p class=\"wp-block-paragraph\"><strong>Beide Seiten greifen systematisch die Logistik und die zivil-milit\u00e4risch nutzbare kommerzielle Infrastruktur der jeweils anderen Seite an.<\/strong> Die Ukraine hat russische Raffinerien, Energieanlagen und Lagerh\u00e4user von Online-H\u00e4ndlern ins Visier genommen. Russland hat darauf reagiert, indem es die Lagerh\u00e4user ins Visier genommen hat, die die ukrainischen Gesch\u00e4fte mit Waren versorgen. <strong>Kiews Luftabwehr ist nach wie vor durch einen gut dokumentierten<\/strong> <strong>Mangel<\/strong> <strong>an Patriot-Abfangraketen<\/strong> eingeschr\u00e4nkt \u2013 dem einzigen System, das ballistische Raketen zuverl\u00e4ssig abfangen kann. D\u00fcsenbetriebene Drohnen haben den Druck noch weiter erh\u00f6ht.<\/p>\n<p class=\"wp-block-paragraph\"><strong>Die Regierung von Selenskyj hat ihre eigenen Fernangriffe als Mittel dargestellt, um Russland zu Verhandlungen zu zwingen<\/strong>. Die unmittelbaren Folgen sind in den Vororten von Kiew sichtbar: ein weiteres schlecht gelegenes Munitionslager, das in unmittelbarer N\u00e4he von Zivilisten explodiert, ein Logistiknetzwerk f\u00fcr den Einzelhandel, das nach Angaben des ukrainischen Ministers zu 90 % zerst\u00f6rt ist, und der nahende Winter. Die Untersuchung, wer die Entscheidung getroffen hat, Sprengstoff in der N\u00e4he von Wohnh\u00e4usern zu lagern, wird einen Teil der Geschichte erz\u00e4hlen. Die leeren Regale und die Sirenen werden den Rest erz\u00e4hlen.<\/p>\n<p class=\"wp-block-paragraph\">***<\/p>\n<p class=\"wp-block-paragraph\">\n<\/div>","protected":false},"excerpt":{"rendered":"<p>Von Tyler Durden Am Freitagabend traf eine russische Drohne ein Munitionslager der ukrainischen Streitkr\u00e4fte im Dorf Myla, westlich von Kiew. Der dadurch ausgel\u00f6ste Brand und stundenlange Folgedetonationen kosteten mindestens 37 Menschen das Leben, verletzten Dutzende weitere, besch\u00e4digten rund 50 Wohngeb\u00e4ude sowie ein Pflegeheim f\u00fcr \u00e4ltere und behinderte Menschen und zwangen Hunderte zur Evakuierung. Unter den [&hellip;]<\/p>\n","protected":false},"author":1,"featured_media":20067,"comment_status":"closed","ping_status":"closed","sticky":false,"template":"","format":"standard","meta":{"_gspb_post_css":"","_uag_custom_page_level_css":"","fifu_image_url":"","fifu_image_alt":"","footnotes":""},"categories":[1],"tags":[],"class_list":["post-20066","post","type-post","status-publish","format-standard","has-post-thumbnail","hentry","category-uncategorized"],"blocksy_meta":{"styles_descriptor":{"styles":{"desktop":"","tablet":"","mobile":""},"google_fonts":[],"version":7}},"uagb_featured_image_src":{"full":["https:\/\/mleexelnfod5.i.optimole.com\/w:auto\/h:auto\/q:mauto\/f:best\/https:\/\/meiser-tv.de\/wp-content\/uploads\/2026\/08\/1f1f3-1f1ff.png",72,72,false],"thumbnail":["https:\/\/mleexelnfod5.i.optimole.com\/w:auto\/h:auto\/q:mauto\/f:best\/https:\/\/meiser-tv.de\/wp-content\/uploads\/2026\/08\/1f1f3-1f1ff.png",72,72,false],"medium":["https:\/\/mleexelnfod5.i.optimole.com\/w:auto\/h:auto\/q:mauto\/f:best\/https:\/\/meiser-tv.de\/wp-content\/uploads\/2026\/08\/1f1f3-1f1ff.png",72,72,false],"medium_large":["https:\/\/mleexelnfod5.i.optimole.com\/w:auto\/h:auto\/q:mauto\/f:best\/https:\/\/meiser-tv.de\/wp-content\/uploads\/2026\/08\/1f1f3-1f1ff.png",72,72,false],"large":["https:\/\/mleexelnfod5.i.optimole.com\/w:auto\/h:auto\/q:mauto\/f:best\/https:\/\/meiser-tv.de\/wp-content\/uploads\/2026\/08\/1f1f3-1f1ff.png",72,72,false],"1536x1536":["https:\/\/mleexelnfod5.i.optimole.com\/w:auto\/h:auto\/q:mauto\/f:best\/https:\/\/meiser-tv.de\/wp-content\/uploads\/2026\/08\/1f1f3-1f1ff.png",72,72,false],"2048x2048":["https:\/\/mleexelnfod5.i.optimole.com\/w:auto\/h:auto\/q:mauto\/f:best\/https:\/\/meiser-tv.de\/wp-content\/uploads\/2026\/08\/1f1f3-1f1ff.png",72,72,false],"trp-custom-language-flag":["https:\/\/mleexelnfod5.i.optimole.com\/w:12\/h:12\/q:mauto\/f:best\/dpr:2\/https:\/\/meiser-tv.de\/wp-content\/uploads\/2026\/08\/1f1f3-1f1ff.png",12,12,true]},"uagb_author_info":{"display_name":"admin","author_link":"https:\/\/meiser-tv.de\/en\/author\/admin\/"},"uagb_comment_info":0,"uagb_excerpt":"Von Tyler Durden Am Freitagabend traf eine russische Drohne ein Munitionslager der ukrainischen Streitkr\u00e4fte im Dorf Myla, westlich von Kiew. Der dadurch ausgel\u00f6ste Brand und stundenlange Folgedetonationen kosteten mindestens 37 Menschen das Leben, verletzten Dutzende weitere, besch\u00e4digten rund 50 Wohngeb\u00e4ude sowie ein Pflegeheim f\u00fcr \u00e4ltere und behinderte Menschen und zwangen Hunderte zur Evakuierung. Unter den&hellip;","_links":{"self":[{"href":"https:\/\/meiser-tv.de\/en\/wp-json\/wp\/v2\/posts\/20066","targetHints":{"allow":["GET"]}}],"collection":[{"href":"https:\/\/meiser-tv.de\/en\/wp-json\/wp\/v2\/posts"}],"about":[{"href":"https:\/\/meiser-tv.de\/en\/wp-json\/wp\/v2\/types\/post"}],"author":[{"embeddable":true,"href":"https:\/\/meiser-tv.de\/en\/wp-json\/wp\/v2\/users\/1"}],"replies":[{"embeddable":true,"href":"https:\/\/meiser-tv.de\/en\/wp-json\/wp\/v2\/comments?post=20066"}],"version-history":[{"count":0,"href":"https:\/\/meiser-tv.de\/en\/wp-json\/wp\/v2\/posts\/20066\/revisions"}],"wp:featuredmedia":[{"embeddable":true,"href":"https:\/\/meiser-tv.de\/en\/wp-json\/wp\/v2\/media\/20067"}],"wp:attachment":[{"href":"https:\/\/meiser-tv.de\/en\/wp-json\/wp\/v2\/media?parent=20066"}],"wp:term":[{"taxonomy":"category","embeddable":true,"href":"https:\/\/meiser-tv.de\/en\/wp-json\/wp\/v2\/categories?post=20066"},{"taxonomy":"post_tag","embeddable":true,"href":"https:\/\/meiser-tv.de\/en\/wp-json\/wp\/v2\/tags?post=20066"}],"curies":[{"name":"wp","href":"https:\/\/api.w.org\/{rel}","templated":true}]}}