{"id":20079,"date":"2026-08-30T09:03:11","date_gmt":"2026-08-30T07:03:11","guid":{"rendered":"https:\/\/meiser-tv.de\/politik\/schweizer-neutralitaetskampf-rt-de-wird-zum-thema-im-schweizer-fernsehen\/"},"modified":"2026-08-30T09:03:11","modified_gmt":"2026-08-30T07:03:11","slug":"schweizer-neutralitaetskampf-rt-de-wird-zum-thema-im-schweizer-fernsehen","status":"publish","type":"post","link":"https:\/\/meiser-tv.de\/en\/politik\/schweizer-neutralitaetskampf-rt-de-wird-zum-thema-im-schweizer-fernsehen\/","title":{"rendered":"Schweizer Neutralit\u00e4tskampf: RT DE wird zum Thema im Schweizer Fernsehen"},"content":{"rendered":"<div>\n<p>Knapp einen Monat vor der Abstimmung wird die Neutralit\u00e4tsinitiative zum heissen politischen Thema. Die Bef\u00fcrworter wollen die Neutralit\u00e4t verbindlicher in der Verfassung verankern.<\/p>\n<p>Die Bef\u00fcrworter wollen die Neutralit\u00e4t verbindlicher in der Verfassung verankern. Die Schweiz soll sich nicht an fremden Kriegen beteiligen, nicht zur Kriegspartei werden und sich nicht selbst zur Zielscheibe internationaler Konflikte machen lassen \u2013 sei es im Nahen Osten, zwischen Armenien und Aserbaidschan, im Ukraine-Krieg oder bei einem m\u00f6glichen Konflikt um Taiwan. Auch wirtschaftliche Konflikte spielen eine Rolle. Die Gegner warnen dagegen vor einer Isolation der Schweiz und geben der Vorlage einen russlandfreundlichen Anstrich.<\/p>\n<figure class=\"RTImage-root\">\n<div class=\"RTImage-image RTImage-original\"><picture class=\"Picture-root Picture-original\"><!--[if IE 9]><video style=\"display: none;\"><![endif]--><source media=\"(-webkit-min-device-pixel-ratio: 2) and (min-resolution: 120dpi)\" data-srcset=\" \nhttps:\/\/meiser-tv.de\/wp-content\/uploads\/2026\/08\/6a931daeb480cc1178260482.jpg 850w,\n                https:\/\/mleexelnfod5.i.optimole.com\/w:auto\/h:auto\/q:mauto\/f:best\/https:\/\/meiser-tv.de\/wp-content\/uploads\/2026\/08\/6a931daeb480cc1178260482.jpg 1960w,            \" srcset=\"data:image\/png;base64,iVBORw0KGgoAAAANSUhEUgAAABAAAAAJCAQAAACRI2S5AAAAEElEQVR42mNkIAAYRxWAAQAG9gAKqv6+AwAAAABJRU5ErkJggg==\"><source data-srcset=\" \nhttps:\/\/meiser-tv.de\/wp-content\/uploads\/2026\/08\/6a931daeb480cc1178260482.jpg 460w,\n              https:\/\/mleexelnfod5.i.optimole.com\/w:auto\/h:auto\/q:mauto\/f:best\/https:\/\/meiser-tv.de\/wp-content\/uploads\/2026\/08\/6a931daeb480cc1178260482.jpg 980w,\n            \" srcset=\"data:image\/png;base64,iVBORw0KGgoAAAANSUhEUgAAABAAAAAJCAQAAACRI2S5AAAAEElEQVR42mNkIAAYRxWAAQAG9gAKqv6+AwAAAABJRU5ErkJggg==\"><!--[if IE 9]><\/video><![endif]--><\/picture><!-- noscript pattern --><noscript><\/noscript><\/div><figcaption class=\"RTImage-footer\"><span class=\"RTImage-caption\"><\/span><span class=\"RTImage-source\"><span class=\"RTImage-captionItem\">Printscreen SRF<\/span><\/span><\/figcaption><\/figure>\n<p>In der &#8222;Arena&#8220; des Schweizer Fernsehens trafen die Bef\u00fcrworter und Gegner am Freitagabend direkt aufeinander. Bundesrat Ignazio Cassis verteidigte die heutige Auslegung der Neutralit\u00e4t. Bundesrat und Parlament m\u00fcssten auch k\u00fcnftig von Fall zu Fall entscheiden k\u00f6nnen, wie diese anzuwenden sei. Jede Krise\u00a0und jeder Krieg ist anders, sagte Cassis.<\/p>\n<p>Walter Wobmann, Pr\u00e4sident des Initiativkomitees, h\u00e4lt gerade diese politische Flexibilit\u00e4t f\u00fcr problematisch. Die Schweiz brauche klare Regeln, damit ihre Neutralit\u00e4t im Inland und international eindeutig verstanden werde.<br \/><strong><em><\/em><\/strong><\/p>\n<p><strong><em>Hinweis der Redaktion: RT DE steht in keinerlei Kontakt zu Wobmann.<\/em><\/strong><\/p>\n<p>SVP-Nationalr\u00e4tin Monika R\u00fcegger argumentierte \u00e4hnlich. Eine glaubw\u00fcrdige Neutralit\u00e4t m\u00fcsse verhindern, dass die Schweiz in fremde Konflikte hineingezogen werde.<\/p>\n<p>An diesem Abend geriet die Schweizer Neutralit\u00e4t fast zur Nebensache. Bereits zu Beginn lenkte die Sendung den Blick stark auf Russland und vermittelte den Eindruck, als gehe es bei der Abstimmung weniger um die Frage, wie die Schweiz ihre Neutralit\u00e4t k\u00fcnftig versteht, als um vermeintliche Interessen Moskaus.<\/p>\n<figure class=\"RTImage-root\">\n<div class=\"RTImage-image RTImage-original\"><picture class=\"Picture-root Picture-original\"><!--[if IE 9]><video style=\"display: none;\"><![endif]--><source media=\"(-webkit-min-device-pixel-ratio: 2) and (min-resolution: 120dpi)\" data-srcset=\" \nhttps:\/\/meiser-tv.de\/wp-content\/uploads\/2026\/08\/6a93227448fbef627128c80a.png 850w,\n                https:\/\/mleexelnfod5.i.optimole.com\/w:auto\/h:auto\/q:mauto\/f:best\/https:\/\/meiser-tv.de\/wp-content\/uploads\/2026\/08\/6a93227448fbef627128c80a.png 1960w,            \" srcset=\"data:image\/png;base64,iVBORw0KGgoAAAANSUhEUgAAABAAAAAJCAQAAACRI2S5AAAAEElEQVR42mNkIAAYRxWAAQAG9gAKqv6+AwAAAABJRU5ErkJggg==\"><source data-srcset=\" \nhttps:\/\/meiser-tv.de\/wp-content\/uploads\/2026\/08\/6a93227448fbef627128c80a.png 460w,\n              https:\/\/mleexelnfod5.i.optimole.com\/w:auto\/h:auto\/q:mauto\/f:best\/https:\/\/meiser-tv.de\/wp-content\/uploads\/2026\/08\/6a93227448fbef627128c80a.png 980w,\n            \" srcset=\"data:image\/png;base64,iVBORw0KGgoAAAANSUhEUgAAABAAAAAJCAQAAACRI2S5AAAAEElEQVR42mNkIAAYRxWAAQAG9gAKqv6+AwAAAABJRU5ErkJggg==\"><!--[if IE 9]><\/video><![endif]--><img data-opt-id=791639987  fetchpriority=\"high\" decoding=\"async\" data-sizes=\"auto\" src=\"data:image\/png;base64,iVBORw0KGgoAAAANSUhEUgAAABAAAAAJCAQAAACRI2S5AAAAEElEQVR42mNkIAAYRxWAAQAG9gAKqv6+AwAAAABJRU5ErkJggg==\" class=\"Picture-root Picture-original lazyload\" data-src=\"https:\/\/mleexelnfod5.i.optimole.com\/w:auto\/h:auto\/q:mauto\/f:best\/https:\/\/meiser-tv.de\/wp-content\/uploads\/2026\/08\/6a93227448fbef627128c80a.png\" alt=\"\"><\/picture><!-- noscript pattern --><noscript><img data-opt-id=940792866  fetchpriority=\"high\" decoding=\"async\" src=\"https:\/\/mleexelnfod5.i.optimole.com\/w:auto\/h:auto\/q:mauto\/f:best\/https:\/\/meiser-tv.de\/wp-content\/uploads\/2026\/08\/6a93227448fbef627128c80a.png\" alt=\"\"><\/noscript><\/div><figcaption class=\"RTImage-footer\"><span class=\"RTImage-caption\"><\/span><span class=\"RTImage-source\"><span class=\"RTImage-captionItem\">Printscreen SRF<\/span><\/span><\/figcaption><\/figure>\n<p>Maria Sacharowa wurde zitiert, <em>RT DE<\/em> erneut unter die Lupe genommen und die Berichterstattung des Senders selbst zum Thema gemacht. Damit erhielt die russische Dimension der Abstimmung auffallend viel Raum.<\/p>\n<p>F\u00fcr die Bef\u00fcrworter geh\u00f6rt auch diese Frage zur Neutralit\u00e4t. Wer einseitig Sanktionen \u00fcbernimmt, kann aus ihrer Sicht kaum glaubw\u00fcrdig als neutraler Vermittler auftreten.<\/p>\n<div class=\"EmbedBlock-root EmbedBlock-all\">\n<div class=\"AllEmbed\">\n                                                <iframe width=\"560\" height=\"315\" src=\"https:\/\/www.srf.ch\/play\/embed?urn=urn:srf:video:0e96cbbf-2a92-4347-9769-52193883d91c&amp;startTime=1093&amp;subdivisions=false\" allowfullscreen allow=\"geolocation *; autoplay; encrypted-media\"><\/iframe>\n                    <\/div>\n<\/p><\/div>\n<p><em>RT DE<\/em> berichtet ausf\u00fchrlich und detailliert \u00fcber die Schweizer Neutralit\u00e4tsinitiative, ohne sich f\u00fcr oder gegen die Vorlage zu positionieren. Die Berichterstattung stellt die Argumente der Bef\u00fcrworter und Gegner gegen\u00fcber und \u00fcberl\u00e4sst die politische Bewertung den Lesern.<\/p>\n<p>Den Gegnern der Initiative kommt die Pr\u00e4senz von <em>RT DE<\/em> dennoch gelegen. Im Zusammenhang mit dem Ukraine-Krieg versuchen sie, die Vorlage als &#8222;prorussisch&#8220;, &#8222;Pro-Moskau&#8220;- oder gar als &#8222;Pro-Putin&#8220;-Initiative darzustellen. Die Berichterstattung eines russischen Mediums wird dabei zum politischen Argument gegen den Inhalt der Initiative selbst.<\/p>\n<figure class=\"RTImage-root\">\n<div class=\"RTImage-image RTImage-original\"><picture class=\"Picture-root Picture-original\"><!--[if IE 9]><video style=\"display: none;\"><![endif]--><source media=\"(-webkit-min-device-pixel-ratio: 2) and (min-resolution: 120dpi)\" data-srcset=\" \nhttps:\/\/meiser-tv.de\/wp-content\/uploads\/2026\/08\/6a932039b480cc0d5c376119.png 850w,\n                https:\/\/mleexelnfod5.i.optimole.com\/w:auto\/h:auto\/q:mauto\/f:best\/https:\/\/meiser-tv.de\/wp-content\/uploads\/2026\/08\/6a932039b480cc0d5c376119.png 1960w,            \" srcset=\"data:image\/png;base64,iVBORw0KGgoAAAANSUhEUgAAABAAAAAJCAQAAACRI2S5AAAAEElEQVR42mNkIAAYRxWAAQAG9gAKqv6+AwAAAABJRU5ErkJggg==\"><source data-srcset=\" \nhttps:\/\/meiser-tv.de\/wp-content\/uploads\/2026\/08\/6a932039b480cc0d5c376119.png 460w,\n              https:\/\/mleexelnfod5.i.optimole.com\/w:auto\/h:auto\/q:mauto\/f:best\/https:\/\/meiser-tv.de\/wp-content\/uploads\/2026\/08\/6a932039b480cc0d5c376119.png 980w,\n            \" srcset=\"data:image\/png;base64,iVBORw0KGgoAAAANSUhEUgAAABAAAAAJCAQAAACRI2S5AAAAEElEQVR42mNkIAAYRxWAAQAG9gAKqv6+AwAAAABJRU5ErkJggg==\"><!--[if IE 9]><\/video><![endif]--><img data-opt-id=791639987  decoding=\"async\" data-sizes=\"auto\" src=\"data:image\/png;base64,iVBORw0KGgoAAAANSUhEUgAAABAAAAAJCAQAAACRI2S5AAAAEElEQVR42mNkIAAYRxWAAQAG9gAKqv6+AwAAAABJRU5ErkJggg==\" class=\"Picture-root Picture-original lazyload\" data-src=\"https:\/\/mleexelnfod5.i.optimole.com\/w:auto\/h:auto\/q:mauto\/f:best\/https:\/\/meiser-tv.de\/wp-content\/uploads\/2026\/08\/6a932039b480cc0d5c376119.png\" alt=\"\"><\/picture><!-- noscript pattern --><noscript><img data-opt-id=511433714  decoding=\"async\" src=\"https:\/\/mleexelnfod5.i.optimole.com\/w:auto\/h:auto\/q:mauto\/f:best\/https:\/\/meiser-tv.de\/wp-content\/uploads\/2026\/08\/6a932039b480cc0d5c376119.png\" alt=\"\"><\/noscript><\/div><figcaption class=\"RTImage-footer\"><span class=\"RTImage-caption\"><\/span><span class=\"RTImage-source\"><span class=\"RTImage-captionItem\">Printscreen Blick<\/span><\/span><\/figcaption><\/figure>\n<p>Bundesrat Cassis sieht darin keine russische Einflussnahme. Schweizer Abstimmungen erregten regelm\u00e4ssig weit \u00fcber die Landesgrenzen hinaus Aufmerksamkeit und w\u00fcrden in internationalen Medien aufgegriffen.<\/p>\n<p>F\u00fcr ihn kommt es darauf an, wie \u00fcber ein Thema berichtet wird. Werden Aussagen sachlich eingeordnet und mit nachvollziehbaren Quellen belegt, handelt es sich um journalistische Berichterstattung und nicht um eine Einmischung in den demokratischen Prozess.<\/p>\n<p data-start=\"0\" data-end=\"150\" data-is-last-node=\"\" data-is-only-node=\"\">Damit ist auch die Haltung des Bundesrats zu einem m\u00f6glichen Verbot von <em data-start=\"72\" data-end=\"79\">RT DE<\/em> in der Schweiz klar: Eine solche Massnahme steht nicht zur Diskussion.<\/p>\n<p><em>RT DE<\/em> berichtet \u00fcber politische und gesellschaftliche Entwicklungen in der Schweiz ebenso wie \u00fcber Ereignisse in Deutschland, \u00d6sterreich und anderen L\u00e4ndern. Dass ein Medium \u00fcber eine Abstimmung berichtet, ist f\u00fcr sich genommen noch kein Beleg daf\u00fcr, dass es Einfluss auf deren Ausgang nehmen will.<\/p>\n<p>Auch bei der Neutralit\u00e4tsinitiative bleibt <em>RT DE<\/em> bei dieser Linie. Die Positionen beider Seiten werden dargestellt, Argumente sowie Gegenargumente aufgegriffen und die politische Entscheidung letztlich dem Schweizer Stimmvolk \u00fcberlassen. Genau darin liegt der Unterschied zwischen Berichterstattung und politischer Einflussnahme.<\/p>\n<p><strong>Mehr zum Thema<\/strong>\u00a0\u2013\u00a0<a target=\"_blank\" rel=\"noopener noreferrer\" href=\"https:\/\/de-rtnews.com\/schweiz\/288729-schweizer-milliardaer-blocher-finanziert-ja\/\">Schweizer Milliard\u00e4r Blocher finanziert Ja-Kampagne zur Neutralit\u00e4tsinitiative<\/a><\/p>\n<div class=\"EmbedBlock-root EmbedBlock-externalVideo EmbedBlock-rumble\">\n<div class=\"VkEmbed\"><iframe class=\"lazyload\" data-src=\"https:\/\/rumble.com\/embed\/v7cgwis\" frameborder=\"0\" width=\"853\" height=\"480\" allowfullscreen><\/iframe><\/div>\n<\/p><\/div>\n<\/div>\n","protected":false},"excerpt":{"rendered":"<p>Knapp einen Monat vor der Abstimmung wird die Neutralit\u00e4tsinitiative zum heissen politischen Thema. Die Bef\u00fcrworter wollen die Neutralit\u00e4t verbindlicher in der Verfassung verankern. Die Bef\u00fcrworter wollen die Neutralit\u00e4t verbindlicher in der Verfassung verankern. Die Schweiz soll sich nicht an fremden Kriegen beteiligen, nicht zur Kriegspartei werden und sich nicht selbst zur Zielscheibe internationaler Konflikte machen [&hellip;]<\/p>\n","protected":false},"author":1,"featured_media":20080,"comment_status":"closed","ping_status":"closed","sticky":false,"template":"","format":"standard","meta":{"_gspb_post_css":"","_uag_custom_page_level_css":"","fifu_image_url":"","fifu_image_alt":"","footnotes":""},"categories":[5],"tags":[],"class_list":["post-20079","post","type-post","status-publish","format-standard","has-post-thumbnail","hentry","category-politik"],"blocksy_meta":{"styles_descriptor":{"styles":{"desktop":"","tablet":"","mobile":""},"google_fonts":[],"version":7}},"uagb_featured_image_src":{"full":["https:\/\/mleexelnfod5.i.optimole.com\/w:auto\/h:auto\/q:mauto\/f:best\/https:\/\/meiser-tv.de\/wp-content\/uploads\/2026\/08\/6a931daeb480cc1178260482.jpg",1920,534,false],"thumbnail":["https:\/\/mleexelnfod5.i.optimole.com\/w:150\/h:150\/q:mauto\/rt:fill\/g:ce\/f:best\/https:\/\/meiser-tv.de\/wp-content\/uploads\/2026\/08\/6a931daeb480cc1178260482.jpg",150,150,true],"medium":["https:\/\/mleexelnfod5.i.optimole.com\/w:300\/h:83\/q:mauto\/f:best\/https:\/\/meiser-tv.de\/wp-content\/uploads\/2026\/08\/6a931daeb480cc1178260482.jpg",300,83,true],"medium_large":["https:\/\/mleexelnfod5.i.optimole.com\/w:768\/h:214\/q:mauto\/f:best\/https:\/\/meiser-tv.de\/wp-content\/uploads\/2026\/08\/6a931daeb480cc1178260482.jpg",768,214,true],"large":["https:\/\/mleexelnfod5.i.optimole.com\/w:1024\/h:285\/q:mauto\/f:best\/https:\/\/meiser-tv.de\/wp-content\/uploads\/2026\/08\/6a931daeb480cc1178260482.jpg",1024,285,true],"1536x1536":["https:\/\/mleexelnfod5.i.optimole.com\/w:1536\/h:427\/q:mauto\/f:best\/https:\/\/meiser-tv.de\/wp-content\/uploads\/2026\/08\/6a931daeb480cc1178260482.jpg",1536,427,true],"2048x2048":["https:\/\/mleexelnfod5.i.optimole.com\/w:auto\/h:auto\/q:mauto\/f:best\/https:\/\/meiser-tv.de\/wp-content\/uploads\/2026\/08\/6a931daeb480cc1178260482.jpg",1920,534,false],"trp-custom-language-flag":["https:\/\/mleexelnfod5.i.optimole.com\/w:18\/h:5\/q:mauto\/f:best\/dpr:2\/https:\/\/meiser-tv.de\/wp-content\/uploads\/2026\/08\/6a931daeb480cc1178260482.jpg",18,5,true]},"uagb_author_info":{"display_name":"admin","author_link":"https:\/\/meiser-tv.de\/en\/author\/admin\/"},"uagb_comment_info":0,"uagb_excerpt":"Knapp einen Monat vor der Abstimmung wird die Neutralit\u00e4tsinitiative zum heissen politischen Thema. Die Bef\u00fcrworter wollen die Neutralit\u00e4t verbindlicher in der Verfassung verankern. Die Bef\u00fcrworter wollen die Neutralit\u00e4t verbindlicher in der Verfassung verankern. Die Schweiz soll sich nicht an fremden Kriegen beteiligen, nicht zur Kriegspartei werden und sich nicht selbst zur Zielscheibe internationaler Konflikte machen&hellip;","_links":{"self":[{"href":"https:\/\/meiser-tv.de\/en\/wp-json\/wp\/v2\/posts\/20079","targetHints":{"allow":["GET"]}}],"collection":[{"href":"https:\/\/meiser-tv.de\/en\/wp-json\/wp\/v2\/posts"}],"about":[{"href":"https:\/\/meiser-tv.de\/en\/wp-json\/wp\/v2\/types\/post"}],"author":[{"embeddable":true,"href":"https:\/\/meiser-tv.de\/en\/wp-json\/wp\/v2\/users\/1"}],"replies":[{"embeddable":true,"href":"https:\/\/meiser-tv.de\/en\/wp-json\/wp\/v2\/comments?post=20079"}],"version-history":[{"count":0,"href":"https:\/\/meiser-tv.de\/en\/wp-json\/wp\/v2\/posts\/20079\/revisions"}],"wp:featuredmedia":[{"embeddable":true,"href":"https:\/\/meiser-tv.de\/en\/wp-json\/wp\/v2\/media\/20080"}],"wp:attachment":[{"href":"https:\/\/meiser-tv.de\/en\/wp-json\/wp\/v2\/media?parent=20079"}],"wp:term":[{"taxonomy":"category","embeddable":true,"href":"https:\/\/meiser-tv.de\/en\/wp-json\/wp\/v2\/categories?post=20079"},{"taxonomy":"post_tag","embeddable":true,"href":"https:\/\/meiser-tv.de\/en\/wp-json\/wp\/v2\/tags?post=20079"}],"curies":[{"name":"wp","href":"https:\/\/api.w.org\/{rel}","templated":true}]}}