{"id":20085,"date":"2026-08-30T10:03:13","date_gmt":"2026-08-30T08:03:13","guid":{"rendered":"https:\/\/meiser-tv.de\/politik\/schuesse-auf-menschenmenge-bei-rave-party-toter-und-schwerverletzte-in-der-schweiz-taeter-fluechtig\/"},"modified":"2026-08-30T10:03:13","modified_gmt":"2026-08-30T08:03:13","slug":"schuesse-auf-menschenmenge-bei-rave-party-toter-und-schwerverletzte-in-der-schweiz-taeter-fluechtig","status":"publish","type":"post","link":"https:\/\/meiser-tv.de\/en\/politik\/schuesse-auf-menschenmenge-bei-rave-party-toter-und-schwerverletzte-in-der-schweiz-taeter-fluechtig\/","title":{"rendered":"Sch\u00fcsse auf Menschenmenge bei Rave-Party: Toter und Schwerverletzte in der Schweiz \u2013 T\u00e4ter fl\u00fcchtig"},"content":{"rendered":"<div>\n<p>In Aarau\u00a0endete eine Rave-Party in der Nacht auf Sonntag\u00a0mit einem schweren Gewaltvorfall. W\u00e4hrend der Veranstaltung fielen Sch\u00fcsse, durch die mehrere Menschen getroffen wurden. Nach bisherigen Angaben wurden insgesamt sechs Personen verletzt.<\/p>\n<p>Ein Mensch erlag seinen Verletzungen, f\u00fcnf weitere wurden schwer verletzt. Die Rettungskr\u00e4fte waren mit einem Gro\u00dfaufgebot vor Ort und versorgten die Opfer. Mehrere Verletzte wurden in umliegende Spit\u00e4ler gebracht.<\/p>\n<div class=\"EmbedBlock-root EmbedBlock-all\">\n<div class=\"AllEmbed\">\n<blockquote class=\"twitter-tweet\">\n<p lang=\"de\" dir=\"ltr\">++Aarau: N\u00e4chtliche Sch\u00fcsse bei Veranstaltung im Schachen. Mehrere Opfer. Grosseinsatz der Polizei l\u00e4uft. Bleiben Sie dem Gebiet fern. Videos und Bilder bitte an Insta-Kanal Kantonspolizei_Aargau. Weitere Infos folgen.++<\/p>\n<p>\u2014 Kapo_Aargau (@Kapo_Aargau) <a target=\"_blank\" rel=\"noopener noreferrer\" href=\"https:\/\/x.com\/Kapo_Aargau\/status\/2093906103968899457?ref_src=twsrc%5Etfw\">August 30, 2026<\/a><\/p><\/blockquote>\n<p> <script async src=\"https:\/\/platform.x.com\/widgets.js\" charset=\"utf-8\"><\/script>\n                    <\/div>\n<\/p><\/div>\n<p>Die Polizei r\u00fcckte mit zahlreichen Einsatzkr\u00e4ften aus und sperrte das Gebiet rund um den Veranstaltungsort ab. Auch die Schweizer Armee unterst\u00fctzte den Gro\u00dfeinsatz.<\/p>\n<p>Der T\u00e4ter konnte bislang nicht festgenommen werden. Die Polizei fahndet nach dem Verantwortlichen und untersucht derzeit den genauen Ablauf der Tat. Auch das Motiv ist noch unklar.<\/p>\n<p>Zum Zeitpunkt der Sch\u00fcsse befanden sich zahlreiche Menschen auf der Rave-Party. Die Ermittler sind deshalb auf Zeugenaussagen angewiesen und sichern Spuren am Tatort.<\/p>\n<p><em><\/em>Auch aus der Rave-Szene gibt es erste Reaktionen auf die t\u00f6dlichen Sch\u00fcsse in Aarau. DJ Tekibo, der am Samstagabend an der Veranstaltung auflegte, meldete sich auf <a target=\"_blank\" rel=\"noopener noreferrer\" href=\"https:\/\/www.instagram.com\/tekibo.dj\/\">Social Media<\/a> zu Wort. Ihm gehe es gut, doch das Geschehene sei &#8222;absolut herzzerreissend&#8220;.<\/p>\n<p>DJ Tekibo nach Sch\u00fcssen bei Rave:<\/p>\n<blockquote>\n<p><em>&#8222;Ich habe einen wichtigen Freund verloren&#8220;<\/em><\/p>\n<\/blockquote>\n<figure class=\"RTImage-root\">\n<div class=\"RTImage-image RTImage-original\"><picture class=\"Picture-root Picture-original\"><!--[if IE 9]><video style=\"display: none;\"><![endif]--><source media=\"(-webkit-min-device-pixel-ratio: 2) and (min-resolution: 120dpi)\" data-srcset=\" \nhttps:\/\/meiser-tv.de\/wp-content\/uploads\/2026\/08\/6a93df2eb480cc0d5c37612d.png 850w,\n                https:\/\/mleexelnfod5.i.optimole.com\/w:auto\/h:auto\/q:mauto\/f:best\/https:\/\/meiser-tv.de\/wp-content\/uploads\/2026\/08\/6a93df2eb480cc0d5c37612d.png 1960w,            \" srcset=\"data:image\/png;base64,iVBORw0KGgoAAAANSUhEUgAAABAAAAAJCAQAAACRI2S5AAAAEElEQVR42mNkIAAYRxWAAQAG9gAKqv6+AwAAAABJRU5ErkJggg==\"><source data-srcset=\" \nhttps:\/\/meiser-tv.de\/wp-content\/uploads\/2026\/08\/6a93df2eb480cc0d5c37612d.png 460w,\n              https:\/\/mleexelnfod5.i.optimole.com\/w:auto\/h:auto\/q:mauto\/f:best\/https:\/\/meiser-tv.de\/wp-content\/uploads\/2026\/08\/6a93df2eb480cc0d5c37612d.png 980w,\n            \" srcset=\"data:image\/png;base64,iVBORw0KGgoAAAANSUhEUgAAABAAAAAJCAQAAACRI2S5AAAAEElEQVR42mNkIAAYRxWAAQAG9gAKqv6+AwAAAABJRU5ErkJggg==\"><!--[if IE 9]><\/video><![endif]--><\/picture><!-- noscript pattern --><noscript><\/noscript><\/div><figcaption class=\"RTImage-footer\"><span class=\"RTImage-caption\"><span class=\"RTImage-captionItem\">Rave-Szene unter Schock: DJ Tekibo trauert um wichtigen Freund<\/span><\/span><span class=\"RTImage-source\"><a class=\"RTImage-captionItem Link-root\" target=\"_blank\" rel=\"noopener noreferrer\" href=\"https:\/\/www.instagram.com\/stories\/tekibo.dj\/3974895646983342358\/\">Printscreen Instagram<\/a><\/span><\/figcaption><\/figure>\n<p>Er habe einen wichtigen Freund verloren und wolle sich nun f\u00fcr eine Weile zur\u00fcckziehen, um das Erlebte zu verarbeiten. Auch das Basler DJ-Duo Moodos best\u00e4tigte, dass es ihm gut gehe. Die beiden waren bereits fr\u00fcher nach Hause gegangen und hatten die Sch\u00fcsse nicht miterlebt.<\/p>\n<p>Die Beh\u00f6rden haben bislang keine Angaben dazu gemacht, ob die Sch\u00fcsse gezielt gegen einzelne Personen gerichtet waren oder ob ihnen eine Auseinandersetzung vorausging. Auch zur Identit\u00e4t des T\u00e4ters liegen derzeit keine gesicherten Informationen vor.<\/p>\n<p>Die Ermittlungen dauern an.<\/p>\n<p><strong>Mehr zum Thema \u2013<\/strong><em>\u00a0<\/em><a target=\"_blank\" rel=\"noopener noreferrer\" href=\"https:\/\/de-rtnews.com\/inland\/287997-oeffentliche-fahndung-17-jaehriger-ueberfiel\/\">\u00d6ffentliche Fahndung: 17-J\u00e4hriger \u00fcberfiel bewaffnet sechs Tankstellen in zwei Wochen<\/a><\/p>\n<div class=\"EmbedBlock-root EmbedBlock-externalVideo EmbedBlock-rumble\">\n<div class=\"VkEmbed\"><iframe class=\"lazyload\" data-src=\"https:\/\/rumble.com\/embed\/v7b75aa\" frameborder=\"0\" width=\"853\" height=\"480\" allowfullscreen><\/iframe><\/div>\n<\/p><\/div>\n<\/p>\n<\/div>\n","protected":false},"excerpt":{"rendered":"<p>In Aarau\u00a0endete eine Rave-Party in der Nacht auf Sonntag\u00a0mit einem schweren Gewaltvorfall. W\u00e4hrend der Veranstaltung fielen Sch\u00fcsse, durch die mehrere Menschen getroffen wurden. Nach bisherigen Angaben wurden insgesamt sechs Personen verletzt. Ein Mensch erlag seinen Verletzungen, f\u00fcnf weitere wurden schwer verletzt. Die Rettungskr\u00e4fte waren mit einem Gro\u00dfaufgebot vor Ort und versorgten die Opfer. Mehrere Verletzte [&hellip;]<\/p>\n","protected":false},"author":1,"featured_media":20086,"comment_status":"closed","ping_status":"closed","sticky":false,"template":"","format":"standard","meta":{"_gspb_post_css":"","_uag_custom_page_level_css":"","fifu_image_url":"","fifu_image_alt":"","footnotes":""},"categories":[5],"tags":[],"class_list":["post-20085","post","type-post","status-publish","format-standard","has-post-thumbnail","hentry","category-politik"],"blocksy_meta":{"styles_descriptor":{"styles":{"desktop":"","tablet":"","mobile":""},"google_fonts":[],"version":7}},"uagb_featured_image_src":{"full":["https:\/\/mleexelnfod5.i.optimole.com\/w:auto\/h:auto\/q:mauto\/f:best\/https:\/\/meiser-tv.de\/wp-content\/uploads\/2026\/08\/6a93df2eb480cc0d5c37612d.png",656,1080,false],"thumbnail":["https:\/\/mleexelnfod5.i.optimole.com\/w:150\/h:150\/q:mauto\/rt:fill\/g:ce\/f:best\/https:\/\/meiser-tv.de\/wp-content\/uploads\/2026\/08\/6a93df2eb480cc0d5c37612d.png",150,150,true],"medium":["https:\/\/mleexelnfod5.i.optimole.com\/w:182\/h:300\/q:mauto\/f:best\/https:\/\/meiser-tv.de\/wp-content\/uploads\/2026\/08\/6a93df2eb480cc0d5c37612d.png",182,300,true],"medium_large":["https:\/\/mleexelnfod5.i.optimole.com\/w:auto\/h:auto\/q:mauto\/f:best\/https:\/\/meiser-tv.de\/wp-content\/uploads\/2026\/08\/6a93df2eb480cc0d5c37612d.png",656,1080,false],"large":["https:\/\/mleexelnfod5.i.optimole.com\/w:622\/h:1024\/q:mauto\/f:best\/https:\/\/meiser-tv.de\/wp-content\/uploads\/2026\/08\/6a93df2eb480cc0d5c37612d.png",622,1024,true],"1536x1536":["https:\/\/mleexelnfod5.i.optimole.com\/w:auto\/h:auto\/q:mauto\/f:best\/https:\/\/meiser-tv.de\/wp-content\/uploads\/2026\/08\/6a93df2eb480cc0d5c37612d.png",656,1080,false],"2048x2048":["https:\/\/mleexelnfod5.i.optimole.com\/w:auto\/h:auto\/q:mauto\/f:best\/https:\/\/meiser-tv.de\/wp-content\/uploads\/2026\/08\/6a93df2eb480cc0d5c37612d.png",656,1080,false],"trp-custom-language-flag":["https:\/\/mleexelnfod5.i.optimole.com\/w:7\/h:12\/q:mauto\/f:best\/dpr:2\/https:\/\/meiser-tv.de\/wp-content\/uploads\/2026\/08\/6a93df2eb480cc0d5c37612d.png",7,12,true]},"uagb_author_info":{"display_name":"admin","author_link":"https:\/\/meiser-tv.de\/en\/author\/admin\/"},"uagb_comment_info":0,"uagb_excerpt":"In Aarau\u00a0endete eine Rave-Party in der Nacht auf Sonntag\u00a0mit einem schweren Gewaltvorfall. W\u00e4hrend der Veranstaltung fielen Sch\u00fcsse, durch die mehrere Menschen getroffen wurden. Nach bisherigen Angaben wurden insgesamt sechs Personen verletzt. Ein Mensch erlag seinen Verletzungen, f\u00fcnf weitere wurden schwer verletzt. Die Rettungskr\u00e4fte waren mit einem Gro\u00dfaufgebot vor Ort und versorgten die Opfer. Mehrere Verletzte&hellip;","_links":{"self":[{"href":"https:\/\/meiser-tv.de\/en\/wp-json\/wp\/v2\/posts\/20085","targetHints":{"allow":["GET"]}}],"collection":[{"href":"https:\/\/meiser-tv.de\/en\/wp-json\/wp\/v2\/posts"}],"about":[{"href":"https:\/\/meiser-tv.de\/en\/wp-json\/wp\/v2\/types\/post"}],"author":[{"embeddable":true,"href":"https:\/\/meiser-tv.de\/en\/wp-json\/wp\/v2\/users\/1"}],"replies":[{"embeddable":true,"href":"https:\/\/meiser-tv.de\/en\/wp-json\/wp\/v2\/comments?post=20085"}],"version-history":[{"count":0,"href":"https:\/\/meiser-tv.de\/en\/wp-json\/wp\/v2\/posts\/20085\/revisions"}],"wp:featuredmedia":[{"embeddable":true,"href":"https:\/\/meiser-tv.de\/en\/wp-json\/wp\/v2\/media\/20086"}],"wp:attachment":[{"href":"https:\/\/meiser-tv.de\/en\/wp-json\/wp\/v2\/media?parent=20085"}],"wp:term":[{"taxonomy":"category","embeddable":true,"href":"https:\/\/meiser-tv.de\/en\/wp-json\/wp\/v2\/categories?post=20085"},{"taxonomy":"post_tag","embeddable":true,"href":"https:\/\/meiser-tv.de\/en\/wp-json\/wp\/v2\/tags?post=20085"}],"curies":[{"name":"wp","href":"https:\/\/api.w.org\/{rel}","templated":true}]}}