{"id":20088,"date":"2026-08-30T11:02:11","date_gmt":"2026-08-30T09:02:11","guid":{"rendered":"https:\/\/meiser-tv.de\/medienkritik\/sanktions-irrsinn-traditionsreicher-pharmahersteller-im-allgaeu-pleite-280-jobs-weg\/"},"modified":"2026-08-30T11:02:11","modified_gmt":"2026-08-30T09:02:11","slug":"sanktions-irrsinn-traditionsreicher-pharmahersteller-im-allgaeu-pleite-280-jobs-weg","status":"publish","type":"post","link":"https:\/\/meiser-tv.de\/en\/medienkritik\/sanktions-irrsinn-traditionsreicher-pharmahersteller-im-allgaeu-pleite-280-jobs-weg\/","title":{"rendered":"Sanktions-Irrsinn: Traditionsreicher Pharmahersteller im Allg\u00e4u pleite \u2013 280 Jobs weg!"},"content":{"rendered":"<div>\n<p class=\"wp-block-paragraph\">166 Jahre bayerische Firmengeschichte am Standort Illertissen im Allg\u00e4u (Landkreis Neu-Ulm) sind zu Ende: Wegen der Russland Sanktionen hat R-Pharm Germany Insolvenz angemeldet. Die Unternehmensleitung macht f\u00fcr die Pleite direkt die diversen EU-Sanktionsma\u00dfnahmen gegen Russland verantwortlich, in deren Folge Auftr\u00e4ge massiv eingebrochen und Kunden verlorengegangen seien. 280 Besch\u00e4ftigte stehen jetzt auf der Stra\u00dfe, nachdem die monatelange Suche nach einem rettenden Investor gescheitert ist.<\/p>\n<p class=\"wp-block-paragraph\">Der Standort im Allg\u00e4u geh\u00f6rte seit 2014 zum russischen Pharmariesen R-Pharm, blickt aber auf eine traditionsreiche Firmengeschichte zur\u00fcck. Die Fabrik im Allg\u00e4u wurde 1860 von dem schw\u00e4bischen Apotheker Heinrich Mack gegr\u00fcndet. Gro\u00dfe Bekanntheit erlangte der Pharmahersteller durch das Produkt \u201eKaiser Borax\u201c, das \u00fcber Jahrzehnte als popul\u00e4rer Badezusatz und Hautpflegemittel vertrieben wurde. Sp\u00e4ter verlagerte sich der Schwerpunkt auf die industrielle Herstellung von Arzneimitteln.<\/p>\n<p class=\"wp-block-paragraph\">Der von Heinrich Mack aufgebaute Produktionsstandort in Illertissen hatte zuletzt vor seiner \u00dcbernahme durch R-Pharm zum Pfizer-Konzern geh\u00f6rt.<\/p>\n<p><strong>Beitrag:<\/strong> <a target=\"_blank\" rel=\"noopener noreferrer\" href=\"https:\/\/deutschlandkurier.de\/2026\/08\/sanktions-irrsinn-traditionsreicher-pharmahersteller-im-allgaeu-pleite-280-jobs-weg\/\">Sanktions-Irrsinn: Traditionsreicher Pharmahersteller im Allg\u00e4u pleite \u2013 280 Jobs weg!<\/a> <br><strong>Quelle:<\/strong> Deutschland-Kurier.<\/p>\n<\/div>","protected":false},"excerpt":{"rendered":"<div>\n<p>166 Jahre bayerische Firmengeschichte am Standort Illertissen im Allg\u00e4u (Landkreis Neu-Ulm) sind zu Ende: Wegen der Russland Sanktionen hat R-Pharm Germany Insolvenz angemeldet. Die Unternehmensleitung macht f\u00fcr die Pleite direkt die diversen EU-Sanktionsma\u00dfnahmen gegen Russland verantwortlich, in deren Folge Auftr\u00e4ge massiv eingebrochen und Kunden verlorengegangen seien. 280 Besch\u00e4ftigte stehen jetzt auf der Stra\u00dfe, nachdem die [\u2026]<\/p>\n<p>The post <a href=\"https:\/\/deutschlandkurier.de\/2026\/08\/sanktions-irrsinn-traditionsreicher-pharmahersteller-im-allgaeu-pleite-280-jobs-weg\/\">Sanktions-Irrsinn: Traditionsreicher Pharmahersteller im Allg\u00e4u pleite \u2013 280 Jobs weg!<\/a> appeared first on <a href=\"https:\/\/deutschlandkurier.de\/\">Deutschland-Kurier<\/a>.<\/p>\n<\/div>\n","protected":false},"author":1,"featured_media":4846,"comment_status":"closed","ping_status":"closed","sticky":false,"template":"","format":"standard","meta":{"_gspb_post_css":"","_uag_custom_page_level_css":"","fifu_image_url":"","fifu_image_alt":"","footnotes":""},"categories":[17],"tags":[],"class_list":["post-20088","post","type-post","status-publish","format-standard","has-post-thumbnail","hentry","category-medienkritik"],"blocksy_meta":{"styles_descriptor":{"styles":{"desktop":"","tablet":"","mobile":""},"google_fonts":[],"version":7}},"uagb_featured_image_src":{"full":["https:\/\/mleexelnfod5.i.optimole.com\/w:auto\/h:auto\/q:mauto\/f:best\/https:\/\/i2.wp.com\/meiser-tv.de\/wp-content\/uploads\/2026\/05\/RSS-Hintergrund.jpg?w=1920&fit=1920,1080&ssl=1",1920,1080,true],"thumbnail":["https:\/\/mleexelnfod5.i.optimole.com\/w:auto\/h:auto\/q:mauto\/f:best\/https:\/\/i2.wp.com\/meiser-tv.de\/wp-content\/uploads\/2026\/05\/RSS-Hintergrund.jpg?w=150&resize=150,150&ssl=1",150,150,true],"medium":["https:\/\/mleexelnfod5.i.optimole.com\/w:auto\/h:auto\/q:mauto\/f:best\/https:\/\/i2.wp.com\/meiser-tv.de\/wp-content\/uploads\/2026\/05\/RSS-Hintergrund.jpg?w=300&fit=300,300&ssl=1",300,300,true],"medium_large":["https:\/\/mleexelnfod5.i.optimole.com\/w:auto\/h:auto\/q:mauto\/f:best\/https:\/\/i2.wp.com\/meiser-tv.de\/wp-content\/uploads\/2026\/05\/RSS-Hintergrund.jpg?w=768&resize=768,0&ssl=1",768,0,true],"large":["https:\/\/mleexelnfod5.i.optimole.com\/w:auto\/h:auto\/q:mauto\/f:best\/https:\/\/i2.wp.com\/meiser-tv.de\/wp-content\/uploads\/2026\/05\/RSS-Hintergrund.jpg?w=1024&fit=1024,1024&ssl=1",1024,1024,true],"1536x1536":["https:\/\/mleexelnfod5.i.optimole.com\/w:auto\/h:auto\/q:mauto\/f:best\/https:\/\/i2.wp.com\/meiser-tv.de\/wp-content\/uploads\/2026\/05\/RSS-Hintergrund.jpg?w=1536&fit=1536,1536&ssl=1",1536,1536,true],"2048x2048":["https:\/\/mleexelnfod5.i.optimole.com\/w:auto\/h:auto\/q:mauto\/f:best\/https:\/\/i2.wp.com\/meiser-tv.de\/wp-content\/uploads\/2026\/05\/RSS-Hintergrund.jpg?w=2048&fit=2048,2048&ssl=1",2048,2048,true],"trp-custom-language-flag":["https:\/\/mleexelnfod5.i.optimole.com\/w:auto\/h:auto\/q:mauto\/f:best\/https:\/\/i2.wp.com\/meiser-tv.de\/wp-content\/uploads\/2026\/05\/RSS-Hintergrund.jpg?w=18&fit=18,12&ssl=1",18,12,true]},"uagb_author_info":{"display_name":"admin","author_link":"https:\/\/meiser-tv.de\/en\/author\/admin\/"},"uagb_comment_info":0,"uagb_excerpt":"166 Jahre bayerische Firmengeschichte am Standort Illertissen im Allg\u00e4u (Landkreis Neu-Ulm) sind zu Ende: Wegen der Russland Sanktionen hat R-Pharm Germany Insolvenz angemeldet. Die Unternehmensleitung macht f\u00fcr die Pleite direkt die diversen EU-Sanktionsma\u00dfnahmen gegen Russland verantwortlich, in deren Folge Auftr\u00e4ge massiv eingebrochen und Kunden verlorengegangen seien. 280 Besch\u00e4ftigte stehen jetzt auf der Stra\u00dfe, nachdem die&hellip;","_links":{"self":[{"href":"https:\/\/meiser-tv.de\/en\/wp-json\/wp\/v2\/posts\/20088","targetHints":{"allow":["GET"]}}],"collection":[{"href":"https:\/\/meiser-tv.de\/en\/wp-json\/wp\/v2\/posts"}],"about":[{"href":"https:\/\/meiser-tv.de\/en\/wp-json\/wp\/v2\/types\/post"}],"author":[{"embeddable":true,"href":"https:\/\/meiser-tv.de\/en\/wp-json\/wp\/v2\/users\/1"}],"replies":[{"embeddable":true,"href":"https:\/\/meiser-tv.de\/en\/wp-json\/wp\/v2\/comments?post=20088"}],"version-history":[{"count":0,"href":"https:\/\/meiser-tv.de\/en\/wp-json\/wp\/v2\/posts\/20088\/revisions"}],"wp:featuredmedia":[{"embeddable":true,"href":"https:\/\/meiser-tv.de\/en\/wp-json\/wp\/v2\/media\/4846"}],"wp:attachment":[{"href":"https:\/\/meiser-tv.de\/en\/wp-json\/wp\/v2\/media?parent=20088"}],"wp:term":[{"taxonomy":"category","embeddable":true,"href":"https:\/\/meiser-tv.de\/en\/wp-json\/wp\/v2\/categories?post=20088"},{"taxonomy":"post_tag","embeddable":true,"href":"https:\/\/meiser-tv.de\/en\/wp-json\/wp\/v2\/tags?post=20088"}],"curies":[{"name":"wp","href":"https:\/\/api.w.org\/{rel}","templated":true}]}}