{"id":20089,"date":"2026-08-30T11:02:11","date_gmt":"2026-08-30T09:02:11","guid":{"rendered":"https:\/\/meiser-tv.de\/medienkritik\/abstand-wird-immer-groesser-afd-bundesweit-jetzt-fast-zehn-punkte-vor-cdu-und-csu\/"},"modified":"2026-08-30T11:02:11","modified_gmt":"2026-08-30T09:02:11","slug":"abstand-wird-immer-groesser-afd-bundesweit-jetzt-fast-zehn-punkte-vor-cdu-und-csu","status":"publish","type":"post","link":"https:\/\/meiser-tv.de\/en\/medienkritik\/abstand-wird-immer-groesser-afd-bundesweit-jetzt-fast-zehn-punkte-vor-cdu-und-csu\/","title":{"rendered":"Abstand wird immer gr\u00f6\u00dfer: AfD bundesweit jetzt fast zehn Punkte vor CDU und CSU!"},"content":{"rendered":"<div>\n<p class=\"wp-block-paragraph\">Eine Woche vor der historischen Landtagswahl in Sachsen-Anhalt meldet INSA f\u00fcr die AfD einen noch nie gemessenen bundesweiten Vorsprung von fast zehn Punkten vor CDU und CSU zusammen \u2013 von Garmisch bis Flensburg, von Aachen bis Dresden!<\/p>\n<p class=\"wp-block-paragraph\">W\u00e4hrend die Union auf 20 Prozent (\u22121) zur\u00fcckf\u00e4llt, bleibt die AfD mit 29 Prozent st\u00e4rkste Kraft und baut ihren Vorsprung auf satte neun Punkte aus. INSA-Chef Hermann Binkert sagte der \u201eBild\u201c-Zeitung als Dauerauftraggeber der Sonntagsfrage: \u201eDas ist der h\u00f6chste je gemessene Vorsprung der AfD vor der Union.\u201c<\/p>\n<p class=\"wp-block-paragraph\">Der Zeitpunkt k\u00f6nnte f\u00fcr die Merz-CDU kaum unpassender sein: Am 6. September w\u00e4hlt Sachsen-Anhalt, zwei Wochen sp\u00e4ter folgen Berlin und Mecklenburg-Vorpommern (20. September).<\/p>\n<p class=\"wp-block-paragraph\">Die sogenannten Liberalen (vier Prozent) verlieren bei INSA ebenfalls einen Punkt. Auch die Linke (10 Prozent) b\u00fc\u00dft ein Prozent ein. Einzig das BSW kann um einen Punkt zulegen und zieht mit der FDP gleich. \u201eGr\u00fcne\u201c (13 Prozent) und SPD (12 Prozent) kommen nicht vom Fleck.<\/p>\n<p><strong>Beitrag:<\/strong> <a target=\"_blank\" rel=\"noopener noreferrer\" href=\"https:\/\/deutschlandkurier.de\/2026\/08\/abstand-wird-immer-groesser-afd-bundesweit-jetzt-fast-zehn-punkte-vor-cdu-und-csu\/\">Abstand wird immer gr\u00f6\u00dfer: AfD bundesweit jetzt fast zehn Punkte vor CDU und CSU!<\/a> <br><strong>Quelle:<\/strong> Deutschland-Kurier.<\/p>\n<\/div>","protected":false},"excerpt":{"rendered":"<div>\n<p>Eine Woche vor der historischen Landtagswahl in Sachsen-Anhalt meldet INSA f\u00fcr die AfD einen noch nie gemessenen bundesweiten Vorsprung von fast zehn Punkten vor CDU und CSU zusammen \u2013 von Garmisch bis Flensburg, von Aachen bis Dresden! W\u00e4hrend die Union auf 20 Prozent (\u22121) zur\u00fcckf\u00e4llt, bleibt die AfD mit 29 Prozent st\u00e4rkste Kraft und baut [\u2026]<\/p>\n<p>The post <a href=\"https:\/\/deutschlandkurier.de\/2026\/08\/abstand-wird-immer-groesser-afd-bundesweit-jetzt-fast-zehn-punkte-vor-cdu-und-csu\/\">Abstand wird immer gr\u00f6\u00dfer: AfD bundesweit jetzt fast zehn Punkte vor CDU und CSU!<\/a> appeared first on <a href=\"https:\/\/deutschlandkurier.de\/\">Deutschland-Kurier<\/a>.<\/p>\n<\/div>\n","protected":false},"author":1,"featured_media":4846,"comment_status":"closed","ping_status":"closed","sticky":false,"template":"","format":"standard","meta":{"_gspb_post_css":"","_uag_custom_page_level_css":"","fifu_image_url":"","fifu_image_alt":"","footnotes":""},"categories":[17],"tags":[],"class_list":["post-20089","post","type-post","status-publish","format-standard","has-post-thumbnail","hentry","category-medienkritik"],"blocksy_meta":{"styles_descriptor":{"styles":{"desktop":"","tablet":"","mobile":""},"google_fonts":[],"version":7}},"uagb_featured_image_src":{"full":["https:\/\/mleexelnfod5.i.optimole.com\/w:auto\/h:auto\/q:mauto\/f:best\/https:\/\/i2.wp.com\/meiser-tv.de\/wp-content\/uploads\/2026\/05\/RSS-Hintergrund.jpg?w=1920&fit=1920,1080&ssl=1",1920,1080,true],"thumbnail":["https:\/\/mleexelnfod5.i.optimole.com\/w:auto\/h:auto\/q:mauto\/f:best\/https:\/\/i2.wp.com\/meiser-tv.de\/wp-content\/uploads\/2026\/05\/RSS-Hintergrund.jpg?w=150&resize=150,150&ssl=1",150,150,true],"medium":["https:\/\/mleexelnfod5.i.optimole.com\/w:auto\/h:auto\/q:mauto\/f:best\/https:\/\/i2.wp.com\/meiser-tv.de\/wp-content\/uploads\/2026\/05\/RSS-Hintergrund.jpg?w=300&fit=300,300&ssl=1",300,300,true],"medium_large":["https:\/\/mleexelnfod5.i.optimole.com\/w:auto\/h:auto\/q:mauto\/f:best\/https:\/\/i2.wp.com\/meiser-tv.de\/wp-content\/uploads\/2026\/05\/RSS-Hintergrund.jpg?w=768&resize=768,0&ssl=1",768,0,true],"large":["https:\/\/mleexelnfod5.i.optimole.com\/w:auto\/h:auto\/q:mauto\/f:best\/https:\/\/i2.wp.com\/meiser-tv.de\/wp-content\/uploads\/2026\/05\/RSS-Hintergrund.jpg?w=1024&fit=1024,1024&ssl=1",1024,1024,true],"1536x1536":["https:\/\/mleexelnfod5.i.optimole.com\/w:auto\/h:auto\/q:mauto\/f:best\/https:\/\/i2.wp.com\/meiser-tv.de\/wp-content\/uploads\/2026\/05\/RSS-Hintergrund.jpg?w=1536&fit=1536,1536&ssl=1",1536,1536,true],"2048x2048":["https:\/\/mleexelnfod5.i.optimole.com\/w:auto\/h:auto\/q:mauto\/f:best\/https:\/\/i2.wp.com\/meiser-tv.de\/wp-content\/uploads\/2026\/05\/RSS-Hintergrund.jpg?w=2048&fit=2048,2048&ssl=1",2048,2048,true],"trp-custom-language-flag":["https:\/\/mleexelnfod5.i.optimole.com\/w:auto\/h:auto\/q:mauto\/f:best\/https:\/\/i2.wp.com\/meiser-tv.de\/wp-content\/uploads\/2026\/05\/RSS-Hintergrund.jpg?w=18&fit=18,12&ssl=1",18,12,true]},"uagb_author_info":{"display_name":"admin","author_link":"https:\/\/meiser-tv.de\/en\/author\/admin\/"},"uagb_comment_info":0,"uagb_excerpt":"Eine Woche vor der historischen Landtagswahl in Sachsen-Anhalt meldet INSA f\u00fcr die AfD einen noch nie gemessenen bundesweiten Vorsprung von fast zehn Punkten vor CDU und CSU zusammen \u2013 von Garmisch bis Flensburg, von Aachen bis Dresden! W\u00e4hrend die Union auf 20 Prozent (\u22121) zur\u00fcckf\u00e4llt, bleibt die AfD mit 29 Prozent st\u00e4rkste Kraft und baut&hellip;","_links":{"self":[{"href":"https:\/\/meiser-tv.de\/en\/wp-json\/wp\/v2\/posts\/20089","targetHints":{"allow":["GET"]}}],"collection":[{"href":"https:\/\/meiser-tv.de\/en\/wp-json\/wp\/v2\/posts"}],"about":[{"href":"https:\/\/meiser-tv.de\/en\/wp-json\/wp\/v2\/types\/post"}],"author":[{"embeddable":true,"href":"https:\/\/meiser-tv.de\/en\/wp-json\/wp\/v2\/users\/1"}],"replies":[{"embeddable":true,"href":"https:\/\/meiser-tv.de\/en\/wp-json\/wp\/v2\/comments?post=20089"}],"version-history":[{"count":0,"href":"https:\/\/meiser-tv.de\/en\/wp-json\/wp\/v2\/posts\/20089\/revisions"}],"wp:featuredmedia":[{"embeddable":true,"href":"https:\/\/meiser-tv.de\/en\/wp-json\/wp\/v2\/media\/4846"}],"wp:attachment":[{"href":"https:\/\/meiser-tv.de\/en\/wp-json\/wp\/v2\/media?parent=20089"}],"wp:term":[{"taxonomy":"category","embeddable":true,"href":"https:\/\/meiser-tv.de\/en\/wp-json\/wp\/v2\/categories?post=20089"},{"taxonomy":"post_tag","embeddable":true,"href":"https:\/\/meiser-tv.de\/en\/wp-json\/wp\/v2\/tags?post=20089"}],"curies":[{"name":"wp","href":"https:\/\/api.w.org\/{rel}","templated":true}]}}