{"id":20095,"date":"2026-08-30T12:02:39","date_gmt":"2026-08-30T10:02:39","guid":{"rendered":"https:\/\/meiser-tv.de\/medienkritik\/toedlicher-messerangriff-in-oberbayern-britin-31-erstochen-taeter-laut-polizei-deutscher-staatsangehoeriger\/"},"modified":"2026-08-30T12:02:39","modified_gmt":"2026-08-30T10:02:39","slug":"toedlicher-messerangriff-in-oberbayern-britin-31-erstochen-taeter-laut-polizei-deutscher-staatsangehoeriger","status":"publish","type":"post","link":"https:\/\/meiser-tv.de\/en\/medienkritik\/toedlicher-messerangriff-in-oberbayern-britin-31-erstochen-taeter-laut-polizei-deutscher-staatsangehoeriger\/","title":{"rendered":"T\u00f6dlicher Messerangriff in Oberbayern: Britin (31) erstochen \u2013 T\u00e4ter laut Polizei \u201edeutscher Staatsangeh\u00f6riger\u201c"},"content":{"rendered":"<div>\n<p class=\"wp-block-paragraph\">Eine 31 Jahre alte Britin ist in der Nacht zum Sonntag (30.August) gegen 01.00 Uhr am Bahnhof von Rosenheim in Oberbayern mit einem Messer angegriffen worden. Die Frau kam mit schweren Verletzungen in ein Krankenhaus, wo sie wenig sp\u00e4ter starb.<\/p>\n<p class=\"wp-block-paragraph\">Die Polizei nahm einen Tatverd\u00e4chtigen fest. Den Angaben zufolge handelt es sich um einen 27 Jahre alten \u201edeutschen Staatsangeh\u00f6rigen\u201c. Ob der Tatverd\u00e4chtige einen m\u00f6glichen Migrationshintergrund hat, blieb zun\u00e4chst ebenso unklar wie die Frage, ob sich Opfer und T\u00e4ter kannten oder ob es sich um eine Zufallstat handelte.<\/p>\n<p><strong>Beitrag:<\/strong> <a target=\"_blank\" rel=\"noopener noreferrer\" href=\"https:\/\/deutschlandkurier.de\/2026\/08\/toedlicher-messerangriff-in-oberbayern-britin-31-erstochen-taeter-laut-polizei-deutscher-staatsangehoeriger\/\">T\u00f6dlicher Messerangriff in Oberbayern: Britin (31) erstochen \u2013 T\u00e4ter laut Polizei \u201edeutscher Staatsangeh\u00f6riger\u201c<\/a> <br><strong>Quelle:<\/strong> Deutschland-Kurier.<\/p>\n<\/div>","protected":false},"excerpt":{"rendered":"<div>\n<p>Eine 31 Jahre alte Britin ist in der Nacht zum Sonntag (30.August) gegen 01.00 Uhr am Bahnhof von Rosenheim in Oberbayern mit einem Messer angegriffen worden. Die Frau kam mit schweren Verletzungen in ein Krankenhaus, wo sie wenig sp\u00e4ter starb. Die Polizei nahm einen Tatverd\u00e4chtigen fest. Den Angaben zufolge handelt es sich um einen 27 [\u2026]<\/p>\n<p>The post <a href=\"https:\/\/deutschlandkurier.de\/2026\/08\/toedlicher-messerangriff-in-oberbayern-britin-31-erstochen-taeter-laut-polizei-deutscher-staatsangehoeriger\/\">T\u00f6dlicher Messerangriff in Oberbayern: Britin (31) erstochen \u2013 T\u00e4ter laut Polizei \u201edeutscher Staatsangeh\u00f6riger\u201c<\/a> appeared first on <a href=\"https:\/\/deutschlandkurier.de\/\">Deutschland-Kurier<\/a>.<\/p>\n<\/div>\n","protected":false},"author":1,"featured_media":4846,"comment_status":"closed","ping_status":"closed","sticky":false,"template":"","format":"standard","meta":{"_gspb_post_css":"","_uag_custom_page_level_css":"","fifu_image_url":"","fifu_image_alt":"","footnotes":""},"categories":[17],"tags":[],"class_list":["post-20095","post","type-post","status-publish","format-standard","has-post-thumbnail","hentry","category-medienkritik"],"blocksy_meta":{"styles_descriptor":{"styles":{"desktop":"","tablet":"","mobile":""},"google_fonts":[],"version":7}},"uagb_featured_image_src":{"full":["https:\/\/mleexelnfod5.i.optimole.com\/w:auto\/h:auto\/q:mauto\/f:best\/https:\/\/i2.wp.com\/meiser-tv.de\/wp-content\/uploads\/2026\/05\/RSS-Hintergrund.jpg?w=1920&fit=1920,1080&ssl=1",1920,1080,true],"thumbnail":["https:\/\/mleexelnfod5.i.optimole.com\/w:auto\/h:auto\/q:mauto\/f:best\/https:\/\/i2.wp.com\/meiser-tv.de\/wp-content\/uploads\/2026\/05\/RSS-Hintergrund.jpg?w=150&resize=150,150&ssl=1",150,150,true],"medium":["https:\/\/mleexelnfod5.i.optimole.com\/w:auto\/h:auto\/q:mauto\/f:best\/https:\/\/i2.wp.com\/meiser-tv.de\/wp-content\/uploads\/2026\/05\/RSS-Hintergrund.jpg?w=300&fit=300,300&ssl=1",300,300,true],"medium_large":["https:\/\/mleexelnfod5.i.optimole.com\/w:auto\/h:auto\/q:mauto\/f:best\/https:\/\/i2.wp.com\/meiser-tv.de\/wp-content\/uploads\/2026\/05\/RSS-Hintergrund.jpg?w=768&resize=768,0&ssl=1",768,0,true],"large":["https:\/\/mleexelnfod5.i.optimole.com\/w:auto\/h:auto\/q:mauto\/f:best\/https:\/\/i2.wp.com\/meiser-tv.de\/wp-content\/uploads\/2026\/05\/RSS-Hintergrund.jpg?w=1024&fit=1024,1024&ssl=1",1024,1024,true],"1536x1536":["https:\/\/mleexelnfod5.i.optimole.com\/w:auto\/h:auto\/q:mauto\/f:best\/https:\/\/i2.wp.com\/meiser-tv.de\/wp-content\/uploads\/2026\/05\/RSS-Hintergrund.jpg?w=1536&fit=1536,1536&ssl=1",1536,1536,true],"2048x2048":["https:\/\/mleexelnfod5.i.optimole.com\/w:auto\/h:auto\/q:mauto\/f:best\/https:\/\/i2.wp.com\/meiser-tv.de\/wp-content\/uploads\/2026\/05\/RSS-Hintergrund.jpg?w=2048&fit=2048,2048&ssl=1",2048,2048,true],"trp-custom-language-flag":["https:\/\/mleexelnfod5.i.optimole.com\/w:auto\/h:auto\/q:mauto\/f:best\/https:\/\/i2.wp.com\/meiser-tv.de\/wp-content\/uploads\/2026\/05\/RSS-Hintergrund.jpg?w=18&fit=18,12&ssl=1",18,12,true]},"uagb_author_info":{"display_name":"admin","author_link":"https:\/\/meiser-tv.de\/en\/author\/admin\/"},"uagb_comment_info":0,"uagb_excerpt":"Eine 31 Jahre alte Britin ist in der Nacht zum Sonntag (30.August) gegen 01.00 Uhr am Bahnhof von Rosenheim in Oberbayern mit einem Messer angegriffen worden. Die Frau kam mit schweren Verletzungen in ein Krankenhaus, wo sie wenig sp\u00e4ter starb. Die Polizei nahm einen Tatverd\u00e4chtigen fest. Den Angaben zufolge handelt es sich um einen 27&hellip;","_links":{"self":[{"href":"https:\/\/meiser-tv.de\/en\/wp-json\/wp\/v2\/posts\/20095","targetHints":{"allow":["GET"]}}],"collection":[{"href":"https:\/\/meiser-tv.de\/en\/wp-json\/wp\/v2\/posts"}],"about":[{"href":"https:\/\/meiser-tv.de\/en\/wp-json\/wp\/v2\/types\/post"}],"author":[{"embeddable":true,"href":"https:\/\/meiser-tv.de\/en\/wp-json\/wp\/v2\/users\/1"}],"replies":[{"embeddable":true,"href":"https:\/\/meiser-tv.de\/en\/wp-json\/wp\/v2\/comments?post=20095"}],"version-history":[{"count":0,"href":"https:\/\/meiser-tv.de\/en\/wp-json\/wp\/v2\/posts\/20095\/revisions"}],"wp:featuredmedia":[{"embeddable":true,"href":"https:\/\/meiser-tv.de\/en\/wp-json\/wp\/v2\/media\/4846"}],"wp:attachment":[{"href":"https:\/\/meiser-tv.de\/en\/wp-json\/wp\/v2\/media?parent=20095"}],"wp:term":[{"taxonomy":"category","embeddable":true,"href":"https:\/\/meiser-tv.de\/en\/wp-json\/wp\/v2\/categories?post=20095"},{"taxonomy":"post_tag","embeddable":true,"href":"https:\/\/meiser-tv.de\/en\/wp-json\/wp\/v2\/tags?post=20095"}],"curies":[{"name":"wp","href":"https:\/\/api.w.org\/{rel}","templated":true}]}}