{"id":20096,"date":"2026-08-30T12:03:30","date_gmt":"2026-08-30T10:03:30","guid":{"rendered":"https:\/\/meiser-tv.de\/politik\/bahnhof-rosenheim-frau-nach-messerattacke-gestorben-27-jaehriger-festgenommen\/"},"modified":"2026-08-30T12:03:30","modified_gmt":"2026-08-30T10:03:30","slug":"bahnhof-rosenheim-frau-nach-messerattacke-gestorben-27-jaehriger-festgenommen","status":"publish","type":"post","link":"https:\/\/meiser-tv.de\/en\/politik\/bahnhof-rosenheim-frau-nach-messerattacke-gestorben-27-jaehriger-festgenommen\/","title":{"rendered":"Bahnhof Rosenheim: Frau nach Messerattacke gestorben, 27-J\u00e4hriger festgenommen"},"content":{"rendered":"<div>\n<p>Eine 31-j\u00e4hrige Britin ist nach einem Messerangriff am Bahnhof Rosenheim gestorben. Die Polizei nahm einen 27-j\u00e4hrigen Tatverd\u00e4chtigen noch am Tatort fest. Das Motiv ist unklar.<\/p>\n<p>Der Angriff geschah in der Nacht auf Sonntag. Die erste Meldung ging laut Polizei gegen 0:50 Uhr bei der Einsatzleitstelle ein. Kurz darauf trafen Einsatzkr\u00e4fte am Bahnhof ein und nahmen den Verd\u00e4chtigen fest \u2013 einen 27-j\u00e4hrigen\u00a0Mann\u00a0aus dem Landkreis F\u00fcrstenfeldbruck. Er steht in dem dringenden Verdacht, die Frau mit einem Messer lebensgef\u00e4hrlich verletzt zu haben.<\/p>\n<p>Das Opfer, eine 31-j\u00e4hrige britische Staatsangeh\u00f6rige, wurde mit schweren Verletzungen in ein Krankenhaus gebracht. Dort starb sie. Ob T\u00e4ter und Opfer sich kannten, ist offen. Zum Motiv und zum genauen Tatablauf \u00e4u\u00dferte sich die Polizei bislang nicht. Die Kriminalpolizei Rosenheim ermittelt wegen des Verdachts eines T\u00f6tungsdelikts, die Staatsanwaltschaft Traunstein, Zweigstelle Rosenheim, f\u00fchrt die Ermittlungen.<\/p>\n<p>Die Polizei sucht Zeugen: Wer in der Nacht auf Sonntag gegen 0:50 Uhr oder davor am Bahnhof Rosenheim einen Streit oder eine k\u00f6rperliche Auseinandersetzung beobachtet hat, wird gebeten, sich zu melden.<\/p>\n<p>Die Ermittlungen dauern an.<\/p>\n<p><strong>Mehr zum Thema <\/strong>\u2012\u00a0<a href=\"https:\/\/freedert.online\/inland\/286726-bayern-20-jaehriger-toetet-bankangestellten\/\" target=\"_blank\" rel=\"noopener noreferrer\">Bayern: 20-J\u00e4hriger t\u00f6tet Bankangestellten durch Messerstiche<\/a><\/p>\n<div class=\"EmbedBlock-root EmbedBlock-externalVideo EmbedBlock-rumble\">\n<div class=\"VkEmbed\"><iframe class=\"lazyload\" data-src=\"https:\/\/rumble.com\/embed\/v7bu76u\" frameborder=\"0\" width=\"853\" height=\"480\" allowfullscreen><\/iframe><\/div>\n<\/p><\/div>\n<\/p>\n<\/div>","protected":false},"excerpt":{"rendered":"<p>Eine 31-j\u00e4hrige Britin ist nach einem Messerangriff am Bahnhof Rosenheim gestorben. Die Polizei nahm einen 27-j\u00e4hrigen Tatverd\u00e4chtigen noch am Tatort fest. Das Motiv ist unklar. Der Angriff geschah in der Nacht auf Sonntag. Die erste Meldung ging laut Polizei gegen 0:50 Uhr bei der Einsatzleitstelle ein. Kurz darauf trafen Einsatzkr\u00e4fte am Bahnhof ein und nahmen [&hellip;]<\/p>\n","protected":false},"author":1,"featured_media":4846,"comment_status":"closed","ping_status":"closed","sticky":false,"template":"","format":"standard","meta":{"_gspb_post_css":"","_uag_custom_page_level_css":"","fifu_image_url":"","fifu_image_alt":"","footnotes":""},"categories":[5],"tags":[],"class_list":["post-20096","post","type-post","status-publish","format-standard","has-post-thumbnail","hentry","category-politik"],"blocksy_meta":{"styles_descriptor":{"styles":{"desktop":"","tablet":"","mobile":""},"google_fonts":[],"version":7}},"uagb_featured_image_src":{"full":["https:\/\/mleexelnfod5.i.optimole.com\/w:auto\/h:auto\/q:mauto\/f:best\/https:\/\/i2.wp.com\/meiser-tv.de\/wp-content\/uploads\/2026\/05\/RSS-Hintergrund.jpg?w=1920&fit=1920,1080&ssl=1",1920,1080,true],"thumbnail":["https:\/\/mleexelnfod5.i.optimole.com\/w:auto\/h:auto\/q:mauto\/f:best\/https:\/\/i2.wp.com\/meiser-tv.de\/wp-content\/uploads\/2026\/05\/RSS-Hintergrund.jpg?w=150&resize=150,150&ssl=1",150,150,true],"medium":["https:\/\/mleexelnfod5.i.optimole.com\/w:auto\/h:auto\/q:mauto\/f:best\/https:\/\/i2.wp.com\/meiser-tv.de\/wp-content\/uploads\/2026\/05\/RSS-Hintergrund.jpg?w=300&fit=300,300&ssl=1",300,300,true],"medium_large":["https:\/\/mleexelnfod5.i.optimole.com\/w:auto\/h:auto\/q:mauto\/f:best\/https:\/\/i2.wp.com\/meiser-tv.de\/wp-content\/uploads\/2026\/05\/RSS-Hintergrund.jpg?w=768&resize=768,0&ssl=1",768,0,true],"large":["https:\/\/mleexelnfod5.i.optimole.com\/w:auto\/h:auto\/q:mauto\/f:best\/https:\/\/i2.wp.com\/meiser-tv.de\/wp-content\/uploads\/2026\/05\/RSS-Hintergrund.jpg?w=1024&fit=1024,1024&ssl=1",1024,1024,true],"1536x1536":["https:\/\/mleexelnfod5.i.optimole.com\/w:auto\/h:auto\/q:mauto\/f:best\/https:\/\/i2.wp.com\/meiser-tv.de\/wp-content\/uploads\/2026\/05\/RSS-Hintergrund.jpg?w=1536&fit=1536,1536&ssl=1",1536,1536,true],"2048x2048":["https:\/\/mleexelnfod5.i.optimole.com\/w:auto\/h:auto\/q:mauto\/f:best\/https:\/\/i2.wp.com\/meiser-tv.de\/wp-content\/uploads\/2026\/05\/RSS-Hintergrund.jpg?w=2048&fit=2048,2048&ssl=1",2048,2048,true],"trp-custom-language-flag":["https:\/\/mleexelnfod5.i.optimole.com\/w:auto\/h:auto\/q:mauto\/f:best\/https:\/\/i2.wp.com\/meiser-tv.de\/wp-content\/uploads\/2026\/05\/RSS-Hintergrund.jpg?w=18&fit=18,12&ssl=1",18,12,true]},"uagb_author_info":{"display_name":"admin","author_link":"https:\/\/meiser-tv.de\/en\/author\/admin\/"},"uagb_comment_info":0,"uagb_excerpt":"Eine 31-j\u00e4hrige Britin ist nach einem Messerangriff am Bahnhof Rosenheim gestorben. Die Polizei nahm einen 27-j\u00e4hrigen Tatverd\u00e4chtigen noch am Tatort fest. Das Motiv ist unklar. Der Angriff geschah in der Nacht auf Sonntag. Die erste Meldung ging laut Polizei gegen 0:50 Uhr bei der Einsatzleitstelle ein. Kurz darauf trafen Einsatzkr\u00e4fte am Bahnhof ein und nahmen&hellip;","_links":{"self":[{"href":"https:\/\/meiser-tv.de\/en\/wp-json\/wp\/v2\/posts\/20096","targetHints":{"allow":["GET"]}}],"collection":[{"href":"https:\/\/meiser-tv.de\/en\/wp-json\/wp\/v2\/posts"}],"about":[{"href":"https:\/\/meiser-tv.de\/en\/wp-json\/wp\/v2\/types\/post"}],"author":[{"embeddable":true,"href":"https:\/\/meiser-tv.de\/en\/wp-json\/wp\/v2\/users\/1"}],"replies":[{"embeddable":true,"href":"https:\/\/meiser-tv.de\/en\/wp-json\/wp\/v2\/comments?post=20096"}],"version-history":[{"count":0,"href":"https:\/\/meiser-tv.de\/en\/wp-json\/wp\/v2\/posts\/20096\/revisions"}],"wp:featuredmedia":[{"embeddable":true,"href":"https:\/\/meiser-tv.de\/en\/wp-json\/wp\/v2\/media\/4846"}],"wp:attachment":[{"href":"https:\/\/meiser-tv.de\/en\/wp-json\/wp\/v2\/media?parent=20096"}],"wp:term":[{"taxonomy":"category","embeddable":true,"href":"https:\/\/meiser-tv.de\/en\/wp-json\/wp\/v2\/categories?post=20096"},{"taxonomy":"post_tag","embeddable":true,"href":"https:\/\/meiser-tv.de\/en\/wp-json\/wp\/v2\/tags?post=20096"}],"curies":[{"name":"wp","href":"https:\/\/api.w.org\/{rel}","templated":true}]}}