{"id":20100,"date":"2026-08-30T13:02:34","date_gmt":"2026-08-30T11:02:34","guid":{"rendered":"https:\/\/meiser-tv.de\/medienkritik\/studie-entlarvt-eu-luege-e-autos-sind-nicht-klimaneutral\/"},"modified":"2026-08-30T13:02:34","modified_gmt":"2026-08-30T11:02:34","slug":"studie-entlarvt-eu-luege-e-autos-sind-nicht-klimaneutral","status":"publish","type":"post","link":"https:\/\/meiser-tv.de\/en\/medienkritik\/studie-entlarvt-eu-luege-e-autos-sind-nicht-klimaneutral\/","title":{"rendered":"Studie entlarvt EU-L\u00fcge: E-Autos sind nicht klimaneutral!"},"content":{"rendered":"<div>\n<p class=\"wp-block-paragraph\">Die Technische Universit\u00e4t M\u00fcnchen (TUM), eine der besten Hochschulen Europas, legt in dieser Woche eine aufsehenerregende Studie vor, die den politischen Hype um das angeblich klimaneutrale E-Auto als eine einzige L\u00fcge der EU entlarvt! Die Expertise mit dem sperrigen Titel \u201eDefossilisation statt Dekarbonisation\u201c zerlegt gnadenlos das g\u00e4ngige Narrativ, wonach die Stromer-Ideologie CO\u2082-frei sei.<\/p>\n<p class=\"wp-block-paragraph\">In einer Zusammenfassung der TUM-Studie, die der \u201eBild\u201c-Zeitung nach deren Angaben vorliegt, hei\u00dft es: Die \u201esystematische Auswertung von 19 Studien und 47 Szenarien\u201c zeige, dass batterie-elektrische Fahrzeuge im Vergleich zum Verbrenner die Emissionen in aller Regel zwar reduzieren, aber im Durchschnitt nur um 41 Prozent. Dieser Wert ist weit entfernt von der angeblichen Klimaneutralit\u00e4t, welche die EU der Elektromobilit\u00e4t zuspricht und in ihren sogenannten Klimaschutz-Regeln seit 2019 entsprechend propagiert!<\/p>\n<p class=\"wp-block-paragraph\">Wenn Stromer im Schnitt nicht einmal die H\u00e4lfte der CO\u2082\u2011Emissionen im Vergleich zum Verbrenner einsparen, \u201edann gibt es f\u00fcr das geplante weitgehende Verkaufsverbot f\u00fcr Verbrenner-Neufahrzeuge ab 2035 keine \u00fcberzeugende Begr\u00fcndung\u201c, stellt \u201eBild\u201c zutreffend fest!<\/p>\n<p><strong>Beitrag:<\/strong> <a target=\"_blank\" rel=\"noopener noreferrer\" href=\"https:\/\/deutschlandkurier.de\/2026\/08\/studie-entlarvt-eu-luege-e-autos-sind-nicht-klimaneutral\/\">Studie entlarvt EU-L\u00fcge: E-Autos sind nicht klimaneutral!<\/a> <br><strong>Quelle:<\/strong> Deutschland-Kurier.<\/p>\n<\/div>","protected":false},"excerpt":{"rendered":"<div>\n<p>Die Technische Universit\u00e4t M\u00fcnchen (TUM), eine der besten Hochschulen Europas, legt in dieser Woche eine aufsehenerregende Studie vor, die den politischen Hype um das angeblich klimaneutrale E-Auto als eine einzige L\u00fcge der EU entlarvt! Die Expertise mit dem sperrigen Titel \u201eDefossilisation statt Dekarbonisation\u201c zerlegt gnadenlos das g\u00e4ngige Narrativ, wonach die Stromer-Ideologie CO\u2082-frei sei. In einer [\u2026]<\/p>\n<p>The post <a href=\"https:\/\/deutschlandkurier.de\/2026\/08\/studie-entlarvt-eu-luege-e-autos-sind-nicht-klimaneutral\/\">Studie entlarvt EU-L\u00fcge: E-Autos sind nicht klimaneutral!<\/a> appeared first on <a href=\"https:\/\/deutschlandkurier.de\/\">Deutschland-Kurier<\/a>.<\/p>\n<\/div>\n","protected":false},"author":1,"featured_media":4846,"comment_status":"closed","ping_status":"closed","sticky":false,"template":"","format":"standard","meta":{"_gspb_post_css":"","_uag_custom_page_level_css":"","fifu_image_url":"","fifu_image_alt":"","footnotes":""},"categories":[17],"tags":[],"class_list":["post-20100","post","type-post","status-publish","format-standard","has-post-thumbnail","hentry","category-medienkritik"],"blocksy_meta":{"styles_descriptor":{"styles":{"desktop":"","tablet":"","mobile":""},"google_fonts":[],"version":7}},"uagb_featured_image_src":{"full":["https:\/\/mleexelnfod5.i.optimole.com\/w:auto\/h:auto\/q:mauto\/f:best\/https:\/\/i2.wp.com\/meiser-tv.de\/wp-content\/uploads\/2026\/05\/RSS-Hintergrund.jpg?w=1920&fit=1920,1080&ssl=1",1920,1080,true],"thumbnail":["https:\/\/mleexelnfod5.i.optimole.com\/w:auto\/h:auto\/q:mauto\/f:best\/https:\/\/i2.wp.com\/meiser-tv.de\/wp-content\/uploads\/2026\/05\/RSS-Hintergrund.jpg?w=150&resize=150,150&ssl=1",150,150,true],"medium":["https:\/\/mleexelnfod5.i.optimole.com\/w:auto\/h:auto\/q:mauto\/f:best\/https:\/\/i2.wp.com\/meiser-tv.de\/wp-content\/uploads\/2026\/05\/RSS-Hintergrund.jpg?w=300&fit=300,300&ssl=1",300,300,true],"medium_large":["https:\/\/mleexelnfod5.i.optimole.com\/w:auto\/h:auto\/q:mauto\/f:best\/https:\/\/i2.wp.com\/meiser-tv.de\/wp-content\/uploads\/2026\/05\/RSS-Hintergrund.jpg?w=768&resize=768,0&ssl=1",768,0,true],"large":["https:\/\/mleexelnfod5.i.optimole.com\/w:auto\/h:auto\/q:mauto\/f:best\/https:\/\/i2.wp.com\/meiser-tv.de\/wp-content\/uploads\/2026\/05\/RSS-Hintergrund.jpg?w=1024&fit=1024,1024&ssl=1",1024,1024,true],"1536x1536":["https:\/\/mleexelnfod5.i.optimole.com\/w:auto\/h:auto\/q:mauto\/f:best\/https:\/\/i2.wp.com\/meiser-tv.de\/wp-content\/uploads\/2026\/05\/RSS-Hintergrund.jpg?w=1536&fit=1536,1536&ssl=1",1536,1536,true],"2048x2048":["https:\/\/mleexelnfod5.i.optimole.com\/w:auto\/h:auto\/q:mauto\/f:best\/https:\/\/i2.wp.com\/meiser-tv.de\/wp-content\/uploads\/2026\/05\/RSS-Hintergrund.jpg?w=2048&fit=2048,2048&ssl=1",2048,2048,true],"trp-custom-language-flag":["https:\/\/mleexelnfod5.i.optimole.com\/w:auto\/h:auto\/q:mauto\/f:best\/https:\/\/i2.wp.com\/meiser-tv.de\/wp-content\/uploads\/2026\/05\/RSS-Hintergrund.jpg?w=18&fit=18,12&ssl=1",18,12,true]},"uagb_author_info":{"display_name":"admin","author_link":"https:\/\/meiser-tv.de\/en\/author\/admin\/"},"uagb_comment_info":0,"uagb_excerpt":"Die Technische Universit\u00e4t M\u00fcnchen (TUM), eine der besten Hochschulen Europas, legt in dieser Woche eine aufsehenerregende Studie vor, die den politischen Hype um das angeblich klimaneutrale E-Auto als eine einzige L\u00fcge der EU entlarvt! Die Expertise mit dem sperrigen Titel \u201eDefossilisation statt Dekarbonisation\u201c zerlegt gnadenlos das g\u00e4ngige Narrativ, wonach die Stromer-Ideologie CO\u2082-frei sei. In einer&hellip;","_links":{"self":[{"href":"https:\/\/meiser-tv.de\/en\/wp-json\/wp\/v2\/posts\/20100","targetHints":{"allow":["GET"]}}],"collection":[{"href":"https:\/\/meiser-tv.de\/en\/wp-json\/wp\/v2\/posts"}],"about":[{"href":"https:\/\/meiser-tv.de\/en\/wp-json\/wp\/v2\/types\/post"}],"author":[{"embeddable":true,"href":"https:\/\/meiser-tv.de\/en\/wp-json\/wp\/v2\/users\/1"}],"replies":[{"embeddable":true,"href":"https:\/\/meiser-tv.de\/en\/wp-json\/wp\/v2\/comments?post=20100"}],"version-history":[{"count":0,"href":"https:\/\/meiser-tv.de\/en\/wp-json\/wp\/v2\/posts\/20100\/revisions"}],"wp:featuredmedia":[{"embeddable":true,"href":"https:\/\/meiser-tv.de\/en\/wp-json\/wp\/v2\/media\/4846"}],"wp:attachment":[{"href":"https:\/\/meiser-tv.de\/en\/wp-json\/wp\/v2\/media?parent=20100"}],"wp:term":[{"taxonomy":"category","embeddable":true,"href":"https:\/\/meiser-tv.de\/en\/wp-json\/wp\/v2\/categories?post=20100"},{"taxonomy":"post_tag","embeddable":true,"href":"https:\/\/meiser-tv.de\/en\/wp-json\/wp\/v2\/tags?post=20100"}],"curies":[{"name":"wp","href":"https:\/\/api.w.org\/{rel}","templated":true}]}}