{"id":20102,"date":"2026-08-30T13:03:27","date_gmt":"2026-08-30T11:03:27","guid":{"rendered":"https:\/\/meiser-tv.de\/politik\/meutereiversuch-in-niger-unterdrueckt\/"},"modified":"2026-08-30T13:03:27","modified_gmt":"2026-08-30T11:03:27","slug":"meutereiversuch-in-niger-unterdrueckt","status":"publish","type":"post","link":"https:\/\/meiser-tv.de\/en\/politik\/meutereiversuch-in-niger-unterdrueckt\/","title":{"rendered":"Meutereiversuch in Niger unterdr\u00fcckt"},"content":{"rendered":"<div>\n<p>In Nigers Hauptstadt Niamey hat eine Gruppe von Milit\u00e4rangeh\u00f6rigen am 29. August den Versuch einer Meuterei unternommen. Der Pressedienst des Verteidigungsministeriums des Landes berichtete dazu:<\/p>\n<p><em>&#8222;Eine Gruppe von Milit\u00e4rangeh\u00f6rigen hat die Vorgaben der Disziplin verletzt, einen Versuch unternommen, einige ihrer Kameraden in der Kaserne am St\u00fctzpunkt 101 in Niamey gewaltsam festzuhalten und das Feuer gegen eine Reihe strategisch wichtiger Objekte der Hauptstadt er\u00f6ffnet.&#8220;<\/em><\/p>\n<p>Die Beh\u00f6rde gab weiter bekannt, dass Nigers Streitkr\u00e4fte die Kontrolle \u00fcber die besetzten Objekte inzwischen wiederhergestellt haben. Nigers Verteidigungsminister Salifou Modi hat die Bewohner Niameys zur Ruhe aufgerufen und sie aufgefordert, weiter ihrem Alltag nachzugehen.<\/p>\n<p>Zuvor hatte die Nachrichtenagentur\u00a0<em>Reuters\u00a0<\/em>Explosionen und Sch\u00fcsse in einigen Stadtteilen von Niamey in der Nacht vom 28. auf den 29. August gemeldet. Demnach haben Bewaffnete den Flughafen der nigrischen Hauptstadt, wo sich der landesgr\u00f6\u00dfte Milit\u00e4rst\u00fctzpunkt 101 befindet, angegriffen und zudem versucht, den Sicherheitsperimeter um den Pr\u00e4sidentenpalast zu durchbrechen. Auch wurde der Rundfunkbetrieb im Land vor\u00fcbergehend unterbrochen.<\/p>\n<p>Wiktor Woropajew, Russlands Botschafter in Niger, <a href=\"https:\/\/t.me\/rt_russian\/290456\" target=\"_blank\" rel=\"noopener noreferrer\">best\u00e4tigte<\/a> gegen\u00fcber\u00a0<em>RT<\/em>, dass sich die Lage in der Hauptstadt wieder vollst\u00e4ndig unter Kontrolle der Regierung befinde. Er f\u00fcgte hinzu, dass Angeh\u00f6rige des russischen Afrikanischen Korps zur Wiederherstellung der Ordnung beigetragen haben:<\/p>\n<p><em>&#8222;Jene Meuterer, die diese Ausschreitungen organisiert haben, wurden neutralisiert, unter anderem mit Unterst\u00fctzung der Milit\u00e4rangeh\u00f6rigen des Afrikanischen Korps des Verteidigungsministeriums der Russischen F\u00f6deration.&#8220;<\/em><\/p>\n<p><em><\/em>Die Leiter des Generalstabs und des Heeresstabs der Streitkr\u00e4fte Nigers sowie der Kommandant des St\u00fctzpunkts 101 haben den russischen Milit\u00e4rangeh\u00f6rigen ihren Dank f\u00fcr die Unterst\u00fctzung bei der Unterdr\u00fcckung der Meuterei ausgesprochen, so Woropajew weiter.<\/p>\n<p>Laut Angaben des Botschafters<em>\u00a0<\/em>sei die Meuterei von jungen Offizieren aus den Regionen\u00a0Tillab\u00e9ri und Dosso organisiert worden. Der Diplomat vermutete, dass Aktionen der Rebellen &#8222;von au\u00dfen dirigiert&#8220; sein k\u00f6nnten und dass im Falle einer erfolgreichen Besetzung des Flughafens &#8222;ausw\u00e4rtige Kr\u00e4fte&#8220; ins Land eindringen k\u00f6nnten.<\/p>\n<p>Nigers amtierende Regierung unter General\u00a0Abdourahamane Tchiani war im Juli 2023 nach dem Sturz des prowestlichen Pr\u00e4sidenten Mohamed Bazoum an die Macht gekommen. Parallel dazu fanden Umst\u00fcrze in Burkina Faso und Mali statt, worauf die\u00a0Westafrikanische Wirtschaftsgemeinschaft (ECOWAS) Sanktionen gegen die drei Staaten verh\u00e4ngte. Im Gegenzug schlossen sich Bamako, Niamey und Ouagadougou zur Allianz der Sahelstaaten zusammen und traten aus ECOWAS aus.<\/p>\n<p><strong>Mehr zum Thema\u00a0<\/strong>\u2013 <a target=\"_blank\" rel=\"noopener noreferrer\" href=\"https:\/\/de-rtnews.com\/afrika\/273746-regierung-von-niger-akzeptieren-keinerlei\/\">Regierung von Niger: &#8222;Akzeptieren keinerlei Anweisungen aus Europa&#8220;<\/a><\/p>\n<div class=\"EmbedBlock-root EmbedBlock-externalVideo EmbedBlock-rumble\">\n<div class=\"VkEmbed\"><iframe class=\"lazyload\" data-src=\"https:\/\/rumble.com\/embed\/v7ae3a4\" frameborder=\"0\" width=\"853\" height=\"480\" allowfullscreen><\/iframe><\/div>\n<\/p><\/div>\n<\/div>","protected":false},"excerpt":{"rendered":"<p>In Nigers Hauptstadt Niamey hat eine Gruppe von Milit\u00e4rangeh\u00f6rigen am 29. August den Versuch einer Meuterei unternommen. Der Pressedienst des Verteidigungsministeriums des Landes berichtete dazu: &#8222;Eine Gruppe von Milit\u00e4rangeh\u00f6rigen hat die Vorgaben der Disziplin verletzt, einen Versuch unternommen, einige ihrer Kameraden in der Kaserne am St\u00fctzpunkt 101 in Niamey gewaltsam festzuhalten und das Feuer gegen [&hellip;]<\/p>\n","protected":false},"author":1,"featured_media":4846,"comment_status":"closed","ping_status":"closed","sticky":false,"template":"","format":"standard","meta":{"_gspb_post_css":"","_uag_custom_page_level_css":"","fifu_image_url":"","fifu_image_alt":"","footnotes":""},"categories":[5],"tags":[],"class_list":["post-20102","post","type-post","status-publish","format-standard","has-post-thumbnail","hentry","category-politik"],"blocksy_meta":{"styles_descriptor":{"styles":{"desktop":"","tablet":"","mobile":""},"google_fonts":[],"version":7}},"uagb_featured_image_src":{"full":["https:\/\/mleexelnfod5.i.optimole.com\/w:auto\/h:auto\/q:mauto\/f:best\/https:\/\/i2.wp.com\/meiser-tv.de\/wp-content\/uploads\/2026\/05\/RSS-Hintergrund.jpg?w=1920&fit=1920,1080&ssl=1",1920,1080,true],"thumbnail":["https:\/\/mleexelnfod5.i.optimole.com\/w:auto\/h:auto\/q:mauto\/f:best\/https:\/\/i2.wp.com\/meiser-tv.de\/wp-content\/uploads\/2026\/05\/RSS-Hintergrund.jpg?w=150&resize=150,150&ssl=1",150,150,true],"medium":["https:\/\/mleexelnfod5.i.optimole.com\/w:auto\/h:auto\/q:mauto\/f:best\/https:\/\/i2.wp.com\/meiser-tv.de\/wp-content\/uploads\/2026\/05\/RSS-Hintergrund.jpg?w=300&fit=300,300&ssl=1",300,300,true],"medium_large":["https:\/\/mleexelnfod5.i.optimole.com\/w:auto\/h:auto\/q:mauto\/f:best\/https:\/\/i2.wp.com\/meiser-tv.de\/wp-content\/uploads\/2026\/05\/RSS-Hintergrund.jpg?w=768&resize=768,0&ssl=1",768,0,true],"large":["https:\/\/mleexelnfod5.i.optimole.com\/w:auto\/h:auto\/q:mauto\/f:best\/https:\/\/i2.wp.com\/meiser-tv.de\/wp-content\/uploads\/2026\/05\/RSS-Hintergrund.jpg?w=1024&fit=1024,1024&ssl=1",1024,1024,true],"1536x1536":["https:\/\/mleexelnfod5.i.optimole.com\/w:auto\/h:auto\/q:mauto\/f:best\/https:\/\/i2.wp.com\/meiser-tv.de\/wp-content\/uploads\/2026\/05\/RSS-Hintergrund.jpg?w=1536&fit=1536,1536&ssl=1",1536,1536,true],"2048x2048":["https:\/\/mleexelnfod5.i.optimole.com\/w:auto\/h:auto\/q:mauto\/f:best\/https:\/\/i2.wp.com\/meiser-tv.de\/wp-content\/uploads\/2026\/05\/RSS-Hintergrund.jpg?w=2048&fit=2048,2048&ssl=1",2048,2048,true],"trp-custom-language-flag":["https:\/\/mleexelnfod5.i.optimole.com\/w:auto\/h:auto\/q:mauto\/f:best\/https:\/\/i2.wp.com\/meiser-tv.de\/wp-content\/uploads\/2026\/05\/RSS-Hintergrund.jpg?w=18&fit=18,12&ssl=1",18,12,true]},"uagb_author_info":{"display_name":"admin","author_link":"https:\/\/meiser-tv.de\/en\/author\/admin\/"},"uagb_comment_info":0,"uagb_excerpt":"In Nigers Hauptstadt Niamey hat eine Gruppe von Milit\u00e4rangeh\u00f6rigen am 29. August den Versuch einer Meuterei unternommen. Der Pressedienst des Verteidigungsministeriums des Landes berichtete dazu: &#8222;Eine Gruppe von Milit\u00e4rangeh\u00f6rigen hat die Vorgaben der Disziplin verletzt, einen Versuch unternommen, einige ihrer Kameraden in der Kaserne am St\u00fctzpunkt 101 in Niamey gewaltsam festzuhalten und das Feuer gegen&hellip;","_links":{"self":[{"href":"https:\/\/meiser-tv.de\/en\/wp-json\/wp\/v2\/posts\/20102","targetHints":{"allow":["GET"]}}],"collection":[{"href":"https:\/\/meiser-tv.de\/en\/wp-json\/wp\/v2\/posts"}],"about":[{"href":"https:\/\/meiser-tv.de\/en\/wp-json\/wp\/v2\/types\/post"}],"author":[{"embeddable":true,"href":"https:\/\/meiser-tv.de\/en\/wp-json\/wp\/v2\/users\/1"}],"replies":[{"embeddable":true,"href":"https:\/\/meiser-tv.de\/en\/wp-json\/wp\/v2\/comments?post=20102"}],"version-history":[{"count":0,"href":"https:\/\/meiser-tv.de\/en\/wp-json\/wp\/v2\/posts\/20102\/revisions"}],"wp:featuredmedia":[{"embeddable":true,"href":"https:\/\/meiser-tv.de\/en\/wp-json\/wp\/v2\/media\/4846"}],"wp:attachment":[{"href":"https:\/\/meiser-tv.de\/en\/wp-json\/wp\/v2\/media?parent=20102"}],"wp:term":[{"taxonomy":"category","embeddable":true,"href":"https:\/\/meiser-tv.de\/en\/wp-json\/wp\/v2\/categories?post=20102"},{"taxonomy":"post_tag","embeddable":true,"href":"https:\/\/meiser-tv.de\/en\/wp-json\/wp\/v2\/tags?post=20102"}],"curies":[{"name":"wp","href":"https:\/\/api.w.org\/{rel}","templated":true}]}}