{"id":20106,"date":"2026-08-30T14:03:52","date_gmt":"2026-08-30T12:03:52","guid":{"rendered":"https:\/\/meiser-tv.de\/politik\/passagierschiff-vor-kyrenia-gekentert-bis-zu-287-menschen-an-bord\/"},"modified":"2026-08-30T14:03:52","modified_gmt":"2026-08-30T12:03:52","slug":"passagierschiff-vor-kyrenia-gekentert-bis-zu-287-menschen-an-bord","status":"publish","type":"post","link":"https:\/\/meiser-tv.de\/en\/politik\/passagierschiff-vor-kyrenia-gekentert-bis-zu-287-menschen-an-bord\/","title":{"rendered":"Passagierschiff vor Kyrenia gekentert \u2013 bis zu 287 Menschen an Bord"},"content":{"rendered":"<div>\n<p>Eine Passagierf\u00e4hre ist am fr\u00fchen Sonntagnachmittag kurz nach dem Ablegen von Kyrenia in Richtung des t\u00fcrkischen Hafens Ta\u015fucu gekentert.<\/p>\n<p>Das Schiff setzte rund zwei Kilometer vor der K\u00fcste von Kyrenia einen Notruf ab. Boote der t\u00fcrkisch-zyprischen K\u00fcstenwache wurden zum Ungl\u00fccksort geschickt, zudem wurde ein Rettungshubschrauber als Verst\u00e4rkung eingesetzt. Weitere Boote liefen aus dem Hafen von Kyrenia aus, um die Rettungsarbeiten zu unterst\u00fctzen.<\/p>\n<div class=\"EmbedBlock-root EmbedBlock-all\">\n<div class=\"AllEmbed\">\n<blockquote class=\"twitter-tweet\">\n<p lang=\"en\" dir=\"ltr\">BREAKING \u2014 A passenger catamaran operated by Filo Jet has capsized roughly 4 nautical miles off Kyrenia, northern Cyprus, shortly after leaving port for Turkey this afternoon.<\/p>\n<p>Around 260 passengers and 8 crew were reportedly on board. Many are said to be stranded on the\u2026<\/p>\n<p>\u2014 Ya\u011f\u0131z Cebeci (@ygzcbc) <a target=\"_blank\" rel=\"noopener noreferrer\" href=\"https:\/\/x.com\/ygzcbc\/status\/2094014600723284330?ref_src=twsrc%5Etfw\">August 30, 2026<\/a><\/p><\/blockquote>\n<p> <script async src=\"https:\/\/platform.x.com\/widgets.js\" charset=\"utf-8\"><\/script>\n                    <\/div>\n<\/p><\/div>\n<p>Kurz darauf best\u00e4tigte der B\u00fcrgermeister von Kyrenia, Murat \u015eenkul, dass sich insgesamt 270 Menschen \u2013 Passagiere und Besatzungsmitglieder \u2013 an Bord befanden. Er bezeichnete die Lage als &#8222;ernst&#8220;.<\/p>\n<div class=\"EmbedBlock-root EmbedBlock-all\">\n<div class=\"AllEmbed\">\n<blockquote class=\"twitter-tweet\">\n<p lang=\"en\" dir=\"ltr\">A passenger ferry traveling from Girne to Ta\u015fucu, Mersin, capsized after taking on water off the coast of Northern Cyprus on August 30.<\/p>\n<p>Coast Guard vessels, helicopters and civilian boats were sent to the scene, while ambulances waited at Girne Port. Rescue operations are\u2026<\/p>\n<p>\u2014 Clash Report (@clashreport) <a target=\"_blank\" rel=\"noopener noreferrer\" href=\"https:\/\/x.com\/clashreport\/status\/2094019579320103234?ref_src=twsrc%5Etfw\">August 30, 2026<\/a><\/p><\/blockquote>\n<p> <script async src=\"https:\/\/platform.x.com\/widgets.js\" charset=\"utf-8\"><\/script>\n                    <\/div>\n<\/p><\/div>\n<p>Boote der K\u00fcstenwache sowie zivile Schiffe und Boote privater Unternehmen sind derzeit im Einsatz, um die Passagiere zu retten. Am Ufer stehen Krankenwagen f\u00fcr die Versorgung der Geretteten bereit.<\/p>\n<p>Die Route Kyrenia\u2013Ta\u015fucu ist eine regul\u00e4re F\u00e4hrverbindung zwischen Nordzypern und der T\u00fcrkei; die \u00dcberfahrt dauert normalerweise etwa sechs Stunden.<\/p>\n<p><strong>Mehr zum Thema<\/strong> &#8211; <a href=\"https:\/\/de-rtnews.com\/kurzclips\/video\/282594-boot-mit-ueber-60-migranten\/\" target=\"_blank\" rel=\"noopener noreferrer\">Boot mit \u00fcber 60 Migranten vor Malta gekentert \u2013 elf Tote<\/a><\/p>\n<div class=\"EmbedBlock-root EmbedBlock-externalVideo EmbedBlock-rumble\">\n<div class=\"VkEmbed\"><iframe class=\"lazyload\" data-src=\"https:\/\/rumble.com\/embed\/v7cn5t4\" frameborder=\"0\" width=\"853\" height=\"480\" allowfullscreen><\/iframe><\/div>\n<\/p><\/div>\n<\/div>","protected":false},"excerpt":{"rendered":"<p>Eine Passagierf\u00e4hre ist am fr\u00fchen Sonntagnachmittag kurz nach dem Ablegen von Kyrenia in Richtung des t\u00fcrkischen Hafens Ta\u015fucu gekentert. Das Schiff setzte rund zwei Kilometer vor der K\u00fcste von Kyrenia einen Notruf ab. Boote der t\u00fcrkisch-zyprischen K\u00fcstenwache wurden zum Ungl\u00fccksort geschickt, zudem wurde ein Rettungshubschrauber als Verst\u00e4rkung eingesetzt. Weitere Boote liefen aus dem Hafen von [&hellip;]<\/p>\n","protected":false},"author":1,"featured_media":4846,"comment_status":"closed","ping_status":"closed","sticky":false,"template":"","format":"standard","meta":{"_gspb_post_css":"","_uag_custom_page_level_css":"","fifu_image_url":"","fifu_image_alt":"","footnotes":""},"categories":[5],"tags":[],"class_list":["post-20106","post","type-post","status-publish","format-standard","has-post-thumbnail","hentry","category-politik"],"blocksy_meta":{"styles_descriptor":{"styles":{"desktop":"","tablet":"","mobile":""},"google_fonts":[],"version":7}},"uagb_featured_image_src":{"full":["https:\/\/mleexelnfod5.i.optimole.com\/w:auto\/h:auto\/q:mauto\/f:best\/https:\/\/i2.wp.com\/meiser-tv.de\/wp-content\/uploads\/2026\/05\/RSS-Hintergrund.jpg?w=1920&fit=1920,1080&ssl=1",1920,1080,true],"thumbnail":["https:\/\/mleexelnfod5.i.optimole.com\/w:auto\/h:auto\/q:mauto\/f:best\/https:\/\/i2.wp.com\/meiser-tv.de\/wp-content\/uploads\/2026\/05\/RSS-Hintergrund.jpg?w=150&resize=150,150&ssl=1",150,150,true],"medium":["https:\/\/mleexelnfod5.i.optimole.com\/w:auto\/h:auto\/q:mauto\/f:best\/https:\/\/i2.wp.com\/meiser-tv.de\/wp-content\/uploads\/2026\/05\/RSS-Hintergrund.jpg?w=300&fit=300,300&ssl=1",300,300,true],"medium_large":["https:\/\/mleexelnfod5.i.optimole.com\/w:auto\/h:auto\/q:mauto\/f:best\/https:\/\/i2.wp.com\/meiser-tv.de\/wp-content\/uploads\/2026\/05\/RSS-Hintergrund.jpg?w=768&resize=768,0&ssl=1",768,0,true],"large":["https:\/\/mleexelnfod5.i.optimole.com\/w:auto\/h:auto\/q:mauto\/f:best\/https:\/\/i2.wp.com\/meiser-tv.de\/wp-content\/uploads\/2026\/05\/RSS-Hintergrund.jpg?w=1024&fit=1024,1024&ssl=1",1024,1024,true],"1536x1536":["https:\/\/mleexelnfod5.i.optimole.com\/w:auto\/h:auto\/q:mauto\/f:best\/https:\/\/i2.wp.com\/meiser-tv.de\/wp-content\/uploads\/2026\/05\/RSS-Hintergrund.jpg?w=1536&fit=1536,1536&ssl=1",1536,1536,true],"2048x2048":["https:\/\/mleexelnfod5.i.optimole.com\/w:auto\/h:auto\/q:mauto\/f:best\/https:\/\/i2.wp.com\/meiser-tv.de\/wp-content\/uploads\/2026\/05\/RSS-Hintergrund.jpg?w=2048&fit=2048,2048&ssl=1",2048,2048,true],"trp-custom-language-flag":["https:\/\/mleexelnfod5.i.optimole.com\/w:auto\/h:auto\/q:mauto\/f:best\/https:\/\/i2.wp.com\/meiser-tv.de\/wp-content\/uploads\/2026\/05\/RSS-Hintergrund.jpg?w=18&fit=18,12&ssl=1",18,12,true]},"uagb_author_info":{"display_name":"admin","author_link":"https:\/\/meiser-tv.de\/en\/author\/admin\/"},"uagb_comment_info":0,"uagb_excerpt":"Eine Passagierf\u00e4hre ist am fr\u00fchen Sonntagnachmittag kurz nach dem Ablegen von Kyrenia in Richtung des t\u00fcrkischen Hafens Ta\u015fucu gekentert. Das Schiff setzte rund zwei Kilometer vor der K\u00fcste von Kyrenia einen Notruf ab. Boote der t\u00fcrkisch-zyprischen K\u00fcstenwache wurden zum Ungl\u00fccksort geschickt, zudem wurde ein Rettungshubschrauber als Verst\u00e4rkung eingesetzt. Weitere Boote liefen aus dem Hafen von&hellip;","_links":{"self":[{"href":"https:\/\/meiser-tv.de\/en\/wp-json\/wp\/v2\/posts\/20106","targetHints":{"allow":["GET"]}}],"collection":[{"href":"https:\/\/meiser-tv.de\/en\/wp-json\/wp\/v2\/posts"}],"about":[{"href":"https:\/\/meiser-tv.de\/en\/wp-json\/wp\/v2\/types\/post"}],"author":[{"embeddable":true,"href":"https:\/\/meiser-tv.de\/en\/wp-json\/wp\/v2\/users\/1"}],"replies":[{"embeddable":true,"href":"https:\/\/meiser-tv.de\/en\/wp-json\/wp\/v2\/comments?post=20106"}],"version-history":[{"count":0,"href":"https:\/\/meiser-tv.de\/en\/wp-json\/wp\/v2\/posts\/20106\/revisions"}],"wp:featuredmedia":[{"embeddable":true,"href":"https:\/\/meiser-tv.de\/en\/wp-json\/wp\/v2\/media\/4846"}],"wp:attachment":[{"href":"https:\/\/meiser-tv.de\/en\/wp-json\/wp\/v2\/media?parent=20106"}],"wp:term":[{"taxonomy":"category","embeddable":true,"href":"https:\/\/meiser-tv.de\/en\/wp-json\/wp\/v2\/categories?post=20106"},{"taxonomy":"post_tag","embeddable":true,"href":"https:\/\/meiser-tv.de\/en\/wp-json\/wp\/v2\/tags?post=20106"}],"curies":[{"name":"wp","href":"https:\/\/api.w.org\/{rel}","templated":true}]}}