{"id":20107,"date":"2026-08-30T15:02:11","date_gmt":"2026-08-30T13:02:11","guid":{"rendered":"https:\/\/meiser-tv.de\/medienkritik\/island-erteilt-der-eu-eine-absage-die-hintergruende-des-historischen-referendums\/"},"modified":"2026-08-30T15:02:11","modified_gmt":"2026-08-30T13:02:11","slug":"island-erteilt-der-eu-eine-absage-die-hintergruende-des-historischen-referendums","status":"publish","type":"post","link":"https:\/\/meiser-tv.de\/en\/medienkritik\/island-erteilt-der-eu-eine-absage-die-hintergruende-des-historischen-referendums\/","title":{"rendered":"Island erteilt der EU eine Absage \u2013 die Hintergr\u00fcnde des historischen Referendums!\u00a0"},"content":{"rendered":"<div>\n<p class=\"wp-block-paragraph\">Island hat entschieden: Mit 52,8 Prozent stimmten die Isl\u00e4nder gegen die Wiederaufnahme der EU-Beitrittsverhandlungen \u2013 und erteilten damit den Pl\u00e4nen der Regierung eine klare Absage!\u00a0<\/p>\n<p class=\"wp-block-paragraph\">Diese Dokumentation beleuchtet die tiefen gesellschaftlichen, wirtschaftlichen und geopolitischen Konfliktlinien hinter dem historischen Votum: Warum entschied sich die Mehrheit gegen weitere Verhandlungen mit Br\u00fcssel? Welche Rolle spielten die nationale Souver\u00e4nit\u00e4t, die Kontrolle \u00fcber die eigenen Fischgr\u00fcnde und Islands strategische Lage im Nordatlantik?\u00a0<\/p>\n<p class=\"wp-block-paragraph\">Und welche Folgen hat das Ergebnis f\u00fcr Island und die Europ\u00e4ische Union?<\/p>\n<p><strong>Beitrag:<\/strong> <a target=\"_blank\" rel=\"noopener noreferrer\" href=\"https:\/\/deutschlandkurier.de\/2026\/08\/island-erteilt-der-eu-eine-absage-die-hintergruende-des-historischen-referendums\/\">Island erteilt der EU eine Absage \u2013 die Hintergr\u00fcnde des historischen Referendums!\u00a0<\/a> <br><strong>Quelle:<\/strong> Deutschland-Kurier.<\/p>\n<\/div>","protected":false},"excerpt":{"rendered":"<div>\n<p>Island hat entschieden: Mit 52,8 Prozent stimmten die Isl\u00e4nder gegen die Wiederaufnahme der EU-Beitrittsverhandlungen \u2013 und erteilten damit den Pl\u00e4nen der Regierung eine klare Absage!\u00a0 Diese Dokumentation beleuchtet die tiefen gesellschaftlichen, wirtschaftlichen und geopolitischen Konfliktlinien hinter dem historischen Votum: Warum entschied sich die Mehrheit gegen weitere Verhandlungen mit Br\u00fcssel? Welche Rolle spielten die nationale Souver\u00e4nit\u00e4t, [\u2026]<\/p>\n<p>The post <a href=\"https:\/\/deutschlandkurier.de\/2026\/08\/island-erteilt-der-eu-eine-absage-die-hintergruende-des-historischen-referendums\/\">Island erteilt der EU eine Absage \u2013 die Hintergr\u00fcnde des historischen Referendums!\u00a0<\/a> appeared first on <a href=\"https:\/\/deutschlandkurier.de\/\">Deutschland-Kurier<\/a>.<\/p>\n<\/div>\n","protected":false},"author":1,"featured_media":4846,"comment_status":"closed","ping_status":"closed","sticky":false,"template":"","format":"standard","meta":{"_gspb_post_css":"","_uag_custom_page_level_css":"","fifu_image_url":"","fifu_image_alt":"","footnotes":""},"categories":[17],"tags":[],"class_list":["post-20107","post","type-post","status-publish","format-standard","has-post-thumbnail","hentry","category-medienkritik"],"blocksy_meta":{"styles_descriptor":{"styles":{"desktop":"","tablet":"","mobile":""},"google_fonts":[],"version":7}},"uagb_featured_image_src":{"full":["https:\/\/mleexelnfod5.i.optimole.com\/w:auto\/h:auto\/q:mauto\/f:best\/https:\/\/i2.wp.com\/meiser-tv.de\/wp-content\/uploads\/2026\/05\/RSS-Hintergrund.jpg?w=1920&fit=1920,1080&ssl=1",1920,1080,true],"thumbnail":["https:\/\/mleexelnfod5.i.optimole.com\/w:auto\/h:auto\/q:mauto\/f:best\/https:\/\/i2.wp.com\/meiser-tv.de\/wp-content\/uploads\/2026\/05\/RSS-Hintergrund.jpg?w=150&resize=150,150&ssl=1",150,150,true],"medium":["https:\/\/mleexelnfod5.i.optimole.com\/w:auto\/h:auto\/q:mauto\/f:best\/https:\/\/i2.wp.com\/meiser-tv.de\/wp-content\/uploads\/2026\/05\/RSS-Hintergrund.jpg?w=300&fit=300,300&ssl=1",300,300,true],"medium_large":["https:\/\/mleexelnfod5.i.optimole.com\/w:auto\/h:auto\/q:mauto\/f:best\/https:\/\/i2.wp.com\/meiser-tv.de\/wp-content\/uploads\/2026\/05\/RSS-Hintergrund.jpg?w=768&resize=768,0&ssl=1",768,0,true],"large":["https:\/\/mleexelnfod5.i.optimole.com\/w:auto\/h:auto\/q:mauto\/f:best\/https:\/\/i2.wp.com\/meiser-tv.de\/wp-content\/uploads\/2026\/05\/RSS-Hintergrund.jpg?w=1024&fit=1024,1024&ssl=1",1024,1024,true],"1536x1536":["https:\/\/mleexelnfod5.i.optimole.com\/w:auto\/h:auto\/q:mauto\/f:best\/https:\/\/i2.wp.com\/meiser-tv.de\/wp-content\/uploads\/2026\/05\/RSS-Hintergrund.jpg?w=1536&fit=1536,1536&ssl=1",1536,1536,true],"2048x2048":["https:\/\/mleexelnfod5.i.optimole.com\/w:auto\/h:auto\/q:mauto\/f:best\/https:\/\/i2.wp.com\/meiser-tv.de\/wp-content\/uploads\/2026\/05\/RSS-Hintergrund.jpg?w=2048&fit=2048,2048&ssl=1",2048,2048,true],"trp-custom-language-flag":["https:\/\/mleexelnfod5.i.optimole.com\/w:auto\/h:auto\/q:mauto\/f:best\/https:\/\/i2.wp.com\/meiser-tv.de\/wp-content\/uploads\/2026\/05\/RSS-Hintergrund.jpg?w=18&fit=18,12&ssl=1",18,12,true]},"uagb_author_info":{"display_name":"admin","author_link":"https:\/\/meiser-tv.de\/en\/author\/admin\/"},"uagb_comment_info":0,"uagb_excerpt":"Island hat entschieden: Mit 52,8 Prozent stimmten die Isl\u00e4nder gegen die Wiederaufnahme der EU-Beitrittsverhandlungen \u2013 und erteilten damit den Pl\u00e4nen der Regierung eine klare Absage!\u00a0 Diese Dokumentation beleuchtet die tiefen gesellschaftlichen, wirtschaftlichen und geopolitischen Konfliktlinien hinter dem historischen Votum: Warum entschied sich die Mehrheit gegen weitere Verhandlungen mit Br\u00fcssel? Welche Rolle spielten die nationale Souver\u00e4nit\u00e4t,&hellip;","_links":{"self":[{"href":"https:\/\/meiser-tv.de\/en\/wp-json\/wp\/v2\/posts\/20107","targetHints":{"allow":["GET"]}}],"collection":[{"href":"https:\/\/meiser-tv.de\/en\/wp-json\/wp\/v2\/posts"}],"about":[{"href":"https:\/\/meiser-tv.de\/en\/wp-json\/wp\/v2\/types\/post"}],"author":[{"embeddable":true,"href":"https:\/\/meiser-tv.de\/en\/wp-json\/wp\/v2\/users\/1"}],"replies":[{"embeddable":true,"href":"https:\/\/meiser-tv.de\/en\/wp-json\/wp\/v2\/comments?post=20107"}],"version-history":[{"count":0,"href":"https:\/\/meiser-tv.de\/en\/wp-json\/wp\/v2\/posts\/20107\/revisions"}],"wp:featuredmedia":[{"embeddable":true,"href":"https:\/\/meiser-tv.de\/en\/wp-json\/wp\/v2\/media\/4846"}],"wp:attachment":[{"href":"https:\/\/meiser-tv.de\/en\/wp-json\/wp\/v2\/media?parent=20107"}],"wp:term":[{"taxonomy":"category","embeddable":true,"href":"https:\/\/meiser-tv.de\/en\/wp-json\/wp\/v2\/categories?post=20107"},{"taxonomy":"post_tag","embeddable":true,"href":"https:\/\/meiser-tv.de\/en\/wp-json\/wp\/v2\/tags?post=20107"}],"curies":[{"name":"wp","href":"https:\/\/api.w.org\/{rel}","templated":true}]}}