{"id":20110,"date":"2026-08-30T15:03:01","date_gmt":"2026-08-30T13:03:01","guid":{"rendered":"https:\/\/meiser-tv.de\/politik\/iran-krieg-chamenei-fordert-golfstaaten-zum-gemeinsamen-kampf-gegen-den-wahren-feind-auf\/"},"modified":"2026-08-30T15:03:01","modified_gmt":"2026-08-30T13:03:01","slug":"iran-krieg-chamenei-fordert-golfstaaten-zum-gemeinsamen-kampf-gegen-den-wahren-feind-auf","status":"publish","type":"post","link":"https:\/\/meiser-tv.de\/en\/politik\/iran-krieg-chamenei-fordert-golfstaaten-zum-gemeinsamen-kampf-gegen-den-wahren-feind-auf\/","title":{"rendered":"Iran-Krieg: Chamenei fordert Golfstaaten zum gemeinsamen Kampf gegen den &#8222;wahren Feind&#8220; auf"},"content":{"rendered":"<div>\n<p>Irans Staatsoberhaupt Modschtaba Chamenei hat muslimische Staaten, insbesondere die Golfstaaten, dazu aufgerufen, sich gegen den von ihm bezeichneten &#8222;wahren Feind&#8220; zu vereinen, gemeint sind damit wohl die USA und Israel. Spaltungen unter Muslimen dienten den Interessen ihrer Gegner, erkl\u00e4rte Chamenei.<\/p>\n<p>Die Botschaft wurde anl\u00e4sslich der Islamischen Einheitswoche auf Chameneis Telegram-Kanal ver\u00f6ffentlicht. Die Woche erinnert an den Geburtstag des Propheten Mohammed.<\/p>\n<p>Die Botschaft rief zur Einheit der Muslime, zur Zusammenarbeit in verschiedenen Bereichen und zur gegenseitigen Verteidigung auf. Wer &#8222;wissentlich oder unwissentlich&#8220; Spaltungen unter Muslimen schaffe, helfe damit den Feinden des Islam, hie\u00df es.<\/p>\n<p>&#8222;Wenn die V\u00f6lker und Regierungen an den K\u00fcsten des Persischen Golfs ihre Einheit fest unter dem Banner des Islam bewahrt h\u00e4tten, h\u00e4tten dann korrupte und prinzipienlose Schurken es gewagt, aus Tausenden Kilometern Entfernung ihre L\u00e4nder und ihren Reichtum zu begehren?&#8220;, hie\u00df es in der Botschaft weiter.<\/p>\n<div class=\"EmbedBlock-root EmbedBlock-all\">\n<div class=\"AllEmbed\">\n<blockquote class=\"twitter-tweet\">\n<p lang=\"en\" dir=\"ltr\">If the nations and governments on the shores of the Persian Gulf had firmly established their unity under the banner of Islam, would corrupt, unprincipled scoundrels have dared to covet their lands and wealth from thousands of kilometers away?<\/p>\n<p>\u2014 Ayatollah Mojtaba Khamenei (@MKhamenei_ir) <a target=\"_blank\" rel=\"noopener noreferrer\" href=\"https:\/\/x.com\/MKhamenei_ir\/status\/2093959516316422305?ref_src=twsrc%5Etfw\">August 30, 2026<\/a><\/p><\/blockquote>\n<p> <script async src=\"https:\/\/platform.x.com\/widgets.js\" charset=\"utf-8\"><\/script>\n                    <\/div>\n<\/p><\/div>\n<p>Zugleich wurde von ihm die Frage aufgeworfen, ob die Pal\u00e4stinenser &#8222;so hilflos&#8220; w\u00e4ren, wenn die Muslime geeint gewesen w\u00e4ren.<\/p>\n<p>Chamenei ist seit sechs Monaten nicht mehr \u00f6ffentlich gesehen worden. Er wurde bei US-israelischen Luftangriffen verletzt, mit denen der Iran-Krieg begann. Dabei wurden sein Vater und Vorg\u00e4nger im Amt des Obersten F\u00fchrers, Ayatollah Ali Chamenei, get\u00f6tet.<\/p>\n<p>Sein Aufruf zur Einheit kn\u00fcpft an eine Erkl\u00e4rung vom Freitag an, in der er sich an die Iraner wandte. Darin erkl\u00e4rte er, Ma\u00dfnahmen zu untersagen, die den gesellschaftlichen Zusammenhalt besch\u00e4digten, und forderte die Beh\u00f6rden auf, &#8222;entmutigende \u00c4u\u00dferungen&#8220; zu vermeiden, die die nationale und \u00f6ffentliche Moral schw\u00e4chten.<\/p>\n<p>Im laufenden Konflikt hat Teheran US-Milit\u00e4reinrichtungen sowie weitere Infrastruktur in den Golfstaaten angegriffen. Dies unterstreicht die Spannungen zwischen Iran und seinen Golfnachbarn. &#8222;Meine eindringliche und wiederholte Empfehlung an die Herrscher islamischer Staaten, insbesondere an die L\u00e4nder\u00a0in Nahost und am Persischen Golf, lautet: Identifiziert euren wahren Feind, versteht seinen Plan und stellt euch ihm entgegen&#8220;, sagte Chamenei.<\/p>\n<p>Iranische F\u00fchrungskr\u00e4fte haben inzwischen die wirtschaftlichen Folgen des Krieges mit den USA einger\u00e4umt. Der Oberste F\u00fchrer forderte die Regierung auf, die wirtschaftlichen Belastungen zu bek\u00e4mpfen. Pr\u00e4sident Massud Peseschkian erkl\u00e4rte, der Au\u00dfenhandel sei infolge der US-Sanktionen und der Seeblockade um rund ein Drittel eingebrochen. Zugleich signalisierte Teheran am Samstag, dass es nicht nachgeben werde. Die Regierung k\u00fcndigte an, dem Druck der USA standzuhalten, den diplomatischen Weg weiterzuverfolgen und die Kontrolle \u00fcber die strategisch wichtige Stra\u00dfe von Hormus zu behaupten. \u00dcber die Meerenge kann Iran Druck auf die globalen Energiem\u00e4rkte aus\u00fcben.<\/p>\n<p>Die Regierung erkl\u00e4rte im Staatsfernsehen, die Bew\u00e4ltigung der wirtschaftlichen Folgen von Sanktionen und Krieg habe h\u00f6chste Priorit\u00e4t. Dazu geh\u00f6rten die Eind\u00e4mmung der Inflation, die Stabilisierung der M\u00e4rkte, die Schaffung von Arbeitspl\u00e4tzen, die F\u00f6rderung heimischer Produktion durch gezielte Investitionen und eine schrittweise Verringerung der Abh\u00e4ngigkeit vom US-Dollar.<\/p>\n<p>Sechs Monate nach Beginn des von den USA und Israel gef\u00fchrten Krieges stecken die Verhandlungen fest. Gleichzeitig hat die Regierung von US-Pr\u00e4sident Donald Trump ihre Bem\u00fchungen verst\u00e4rkt, Iran finanziell unter Druck zu setzen. Washington bezeichnet die Ma\u00dfnahmen als eine Art &#8222;wirtschaftlichen D-Day&#8220;. Pr\u00e4sident Peseschkian sagte dem Staatsfernsehen, Irans Exporte und Importe seien wegen der US-Sanktionen und der Seeblockade iranischer H\u00e4fen um knapp 35 Prozent zur\u00fcckgegangen.<\/p>\n<p>Gleichzeitig erkl\u00e4rte er, Iran habe w\u00e4hrend der nur kurzzeitig geltenden Vereinbarung mit den USA im Juni rund 90 Millionen Barrel \u00d6l verkaufen k\u00f6nnen. Damals hatte Washington iranische \u00d6lexporte vor\u00fcbergehend zugelassen.<\/p>\n<p><strong>Mehr zum Thema<\/strong>\u00a0\u2013\u00a0<a href=\"https:\/\/freedert.online\/der-nahe-osten\/287376-cia-und-mossad-suchen-irans\/\" target=\"_blank\" rel=\"noopener noreferrer\">CIA und Mossad suchen Irans Obersten F\u00fchrer \u2013 Iran droht Bulgarien und Zypern wegen US-Flugzeugen<\/a><\/p>\n<div class=\"EmbedBlock-root EmbedBlock-externalVideo EmbedBlock-rumble\">\n<div class=\"VkEmbed\"><iframe class=\"lazyload\" data-src=\"https:\/\/rumble.com\/embed\/v7cgafi\" frameborder=\"0\" width=\"853\" height=\"480\" allowfullscreen><\/iframe><\/div>\n<\/p><\/div>\n<\/div>","protected":false},"excerpt":{"rendered":"<p>Irans Staatsoberhaupt Modschtaba Chamenei hat muslimische Staaten, insbesondere die Golfstaaten, dazu aufgerufen, sich gegen den von ihm bezeichneten &#8222;wahren Feind&#8220; zu vereinen, gemeint sind damit wohl die USA und Israel. Spaltungen unter Muslimen dienten den Interessen ihrer Gegner, erkl\u00e4rte Chamenei. Die Botschaft wurde anl\u00e4sslich der Islamischen Einheitswoche auf Chameneis Telegram-Kanal ver\u00f6ffentlicht. Die Woche erinnert an [&hellip;]<\/p>\n","protected":false},"author":1,"featured_media":4846,"comment_status":"closed","ping_status":"closed","sticky":false,"template":"","format":"standard","meta":{"_gspb_post_css":"","_uag_custom_page_level_css":"","fifu_image_url":"","fifu_image_alt":"","footnotes":""},"categories":[5],"tags":[],"class_list":["post-20110","post","type-post","status-publish","format-standard","has-post-thumbnail","hentry","category-politik"],"blocksy_meta":{"styles_descriptor":{"styles":{"desktop":"","tablet":"","mobile":""},"google_fonts":[],"version":7}},"uagb_featured_image_src":{"full":["https:\/\/mleexelnfod5.i.optimole.com\/w:auto\/h:auto\/q:mauto\/f:best\/https:\/\/i2.wp.com\/meiser-tv.de\/wp-content\/uploads\/2026\/05\/RSS-Hintergrund.jpg?w=1920&fit=1920,1080&ssl=1",1920,1080,true],"thumbnail":["https:\/\/mleexelnfod5.i.optimole.com\/w:auto\/h:auto\/q:mauto\/f:best\/https:\/\/i2.wp.com\/meiser-tv.de\/wp-content\/uploads\/2026\/05\/RSS-Hintergrund.jpg?w=150&resize=150,150&ssl=1",150,150,true],"medium":["https:\/\/mleexelnfod5.i.optimole.com\/w:auto\/h:auto\/q:mauto\/f:best\/https:\/\/i2.wp.com\/meiser-tv.de\/wp-content\/uploads\/2026\/05\/RSS-Hintergrund.jpg?w=300&fit=300,300&ssl=1",300,300,true],"medium_large":["https:\/\/mleexelnfod5.i.optimole.com\/w:auto\/h:auto\/q:mauto\/f:best\/https:\/\/i2.wp.com\/meiser-tv.de\/wp-content\/uploads\/2026\/05\/RSS-Hintergrund.jpg?w=768&resize=768,0&ssl=1",768,0,true],"large":["https:\/\/mleexelnfod5.i.optimole.com\/w:auto\/h:auto\/q:mauto\/f:best\/https:\/\/i2.wp.com\/meiser-tv.de\/wp-content\/uploads\/2026\/05\/RSS-Hintergrund.jpg?w=1024&fit=1024,1024&ssl=1",1024,1024,true],"1536x1536":["https:\/\/mleexelnfod5.i.optimole.com\/w:auto\/h:auto\/q:mauto\/f:best\/https:\/\/i2.wp.com\/meiser-tv.de\/wp-content\/uploads\/2026\/05\/RSS-Hintergrund.jpg?w=1536&fit=1536,1536&ssl=1",1536,1536,true],"2048x2048":["https:\/\/mleexelnfod5.i.optimole.com\/w:auto\/h:auto\/q:mauto\/f:best\/https:\/\/i2.wp.com\/meiser-tv.de\/wp-content\/uploads\/2026\/05\/RSS-Hintergrund.jpg?w=2048&fit=2048,2048&ssl=1",2048,2048,true],"trp-custom-language-flag":["https:\/\/mleexelnfod5.i.optimole.com\/w:auto\/h:auto\/q:mauto\/f:best\/https:\/\/i2.wp.com\/meiser-tv.de\/wp-content\/uploads\/2026\/05\/RSS-Hintergrund.jpg?w=18&fit=18,12&ssl=1",18,12,true]},"uagb_author_info":{"display_name":"admin","author_link":"https:\/\/meiser-tv.de\/en\/author\/admin\/"},"uagb_comment_info":0,"uagb_excerpt":"Irans Staatsoberhaupt Modschtaba Chamenei hat muslimische Staaten, insbesondere die Golfstaaten, dazu aufgerufen, sich gegen den von ihm bezeichneten &#8222;wahren Feind&#8220; zu vereinen, gemeint sind damit wohl die USA und Israel. Spaltungen unter Muslimen dienten den Interessen ihrer Gegner, erkl\u00e4rte Chamenei. Die Botschaft wurde anl\u00e4sslich der Islamischen Einheitswoche auf Chameneis Telegram-Kanal ver\u00f6ffentlicht. Die Woche erinnert an&hellip;","_links":{"self":[{"href":"https:\/\/meiser-tv.de\/en\/wp-json\/wp\/v2\/posts\/20110","targetHints":{"allow":["GET"]}}],"collection":[{"href":"https:\/\/meiser-tv.de\/en\/wp-json\/wp\/v2\/posts"}],"about":[{"href":"https:\/\/meiser-tv.de\/en\/wp-json\/wp\/v2\/types\/post"}],"author":[{"embeddable":true,"href":"https:\/\/meiser-tv.de\/en\/wp-json\/wp\/v2\/users\/1"}],"replies":[{"embeddable":true,"href":"https:\/\/meiser-tv.de\/en\/wp-json\/wp\/v2\/comments?post=20110"}],"version-history":[{"count":0,"href":"https:\/\/meiser-tv.de\/en\/wp-json\/wp\/v2\/posts\/20110\/revisions"}],"wp:featuredmedia":[{"embeddable":true,"href":"https:\/\/meiser-tv.de\/en\/wp-json\/wp\/v2\/media\/4846"}],"wp:attachment":[{"href":"https:\/\/meiser-tv.de\/en\/wp-json\/wp\/v2\/media?parent=20110"}],"wp:term":[{"taxonomy":"category","embeddable":true,"href":"https:\/\/meiser-tv.de\/en\/wp-json\/wp\/v2\/categories?post=20110"},{"taxonomy":"post_tag","embeddable":true,"href":"https:\/\/meiser-tv.de\/en\/wp-json\/wp\/v2\/tags?post=20110"}],"curies":[{"name":"wp","href":"https:\/\/api.w.org\/{rel}","templated":true}]}}