{"id":20113,"date":"2026-08-30T17:02:03","date_gmt":"2026-08-30T15:02:03","guid":{"rendered":"https:\/\/meiser-tv.de\/medienkritik\/woher-kommt-das-geld-mit-dem-campact-gegen-die-afd-vorgeht\/"},"modified":"2026-08-30T17:02:03","modified_gmt":"2026-08-30T15:02:03","slug":"woher-kommt-das-geld-mit-dem-campact-gegen-die-afd-vorgeht","status":"publish","type":"post","link":"https:\/\/meiser-tv.de\/en\/medienkritik\/woher-kommt-das-geld-mit-dem-campact-gegen-die-afd-vorgeht\/","title":{"rendered":"Woher kommt das Geld, mit dem Campact gegen die AfD vorgeht?"},"content":{"rendered":"<div>Stellen wir uns mal folgendes vor: In einem Land wie Georgien, dessen aktuelle Regierung der EU und der Bundesregierung nicht gef\u00e4llt, w\u00fcrde die Regierung NGOs mit Millionen finanzieren und diese NGOs w\u00fcrden dann bei Wahlen \u00fcber mit ihnen verbundene Organisationen eine teure Kampagne mit Wahlaufrufen zugunsten der Regierungsparteien finanzieren. Und die Regierung w\u00fcrde auf Nachfragen [\u2026]<\/div>\n","protected":false},"excerpt":{"rendered":"<div>Stellen wir uns mal folgendes vor: In einem Land wie Georgien, dessen aktuelle Regierung der EU und der Bundesregierung nicht gef\u00e4llt, w\u00fcrde die Regierung NGOs mit Millionen finanzieren und diese NGOs w\u00fcrden dann bei Wahlen \u00fcber mit ihnen verbundene Organisationen eine teure Kampagne mit Wahlaufrufen zugunsten der Regierungsparteien finanzieren. Und die Regierung w\u00fcrde auf Nachfragen [\u2026]<\/div>\n","protected":false},"author":1,"featured_media":4846,"comment_status":"closed","ping_status":"closed","sticky":false,"template":"","format":"standard","meta":{"_gspb_post_css":"","_uag_custom_page_level_css":"","fifu_image_url":"","fifu_image_alt":"","footnotes":""},"categories":[17],"tags":[],"class_list":["post-20113","post","type-post","status-publish","format-standard","has-post-thumbnail","hentry","category-medienkritik"],"blocksy_meta":{"styles_descriptor":{"styles":{"desktop":"","tablet":"","mobile":""},"google_fonts":[],"version":7}},"uagb_featured_image_src":{"full":["https:\/\/mleexelnfod5.i.optimole.com\/w:auto\/h:auto\/q:mauto\/f:best\/https:\/\/i2.wp.com\/meiser-tv.de\/wp-content\/uploads\/2026\/05\/RSS-Hintergrund.jpg?w=1920&fit=1920,1080&ssl=1",1920,1080,true],"thumbnail":["https:\/\/mleexelnfod5.i.optimole.com\/w:auto\/h:auto\/q:mauto\/f:best\/https:\/\/i2.wp.com\/meiser-tv.de\/wp-content\/uploads\/2026\/05\/RSS-Hintergrund.jpg?w=150&resize=150,150&ssl=1",150,150,true],"medium":["https:\/\/mleexelnfod5.i.optimole.com\/w:auto\/h:auto\/q:mauto\/f:best\/https:\/\/i2.wp.com\/meiser-tv.de\/wp-content\/uploads\/2026\/05\/RSS-Hintergrund.jpg?w=300&fit=300,300&ssl=1",300,300,true],"medium_large":["https:\/\/mleexelnfod5.i.optimole.com\/w:auto\/h:auto\/q:mauto\/f:best\/https:\/\/i2.wp.com\/meiser-tv.de\/wp-content\/uploads\/2026\/05\/RSS-Hintergrund.jpg?w=768&resize=768,0&ssl=1",768,0,true],"large":["https:\/\/mleexelnfod5.i.optimole.com\/w:auto\/h:auto\/q:mauto\/f:best\/https:\/\/i2.wp.com\/meiser-tv.de\/wp-content\/uploads\/2026\/05\/RSS-Hintergrund.jpg?w=1024&fit=1024,1024&ssl=1",1024,1024,true],"1536x1536":["https:\/\/mleexelnfod5.i.optimole.com\/w:auto\/h:auto\/q:mauto\/f:best\/https:\/\/i2.wp.com\/meiser-tv.de\/wp-content\/uploads\/2026\/05\/RSS-Hintergrund.jpg?w=1536&fit=1536,1536&ssl=1",1536,1536,true],"2048x2048":["https:\/\/mleexelnfod5.i.optimole.com\/w:auto\/h:auto\/q:mauto\/f:best\/https:\/\/i2.wp.com\/meiser-tv.de\/wp-content\/uploads\/2026\/05\/RSS-Hintergrund.jpg?w=2048&fit=2048,2048&ssl=1",2048,2048,true],"trp-custom-language-flag":["https:\/\/mleexelnfod5.i.optimole.com\/w:auto\/h:auto\/q:mauto\/f:best\/https:\/\/i2.wp.com\/meiser-tv.de\/wp-content\/uploads\/2026\/05\/RSS-Hintergrund.jpg?w=18&fit=18,12&ssl=1",18,12,true]},"uagb_author_info":{"display_name":"admin","author_link":"https:\/\/meiser-tv.de\/en\/author\/admin\/"},"uagb_comment_info":0,"uagb_excerpt":"Stellen wir uns mal folgendes vor: In einem Land wie Georgien, dessen aktuelle Regierung der EU und der Bundesregierung nicht gef\u00e4llt, w\u00fcrde die Regierung NGOs mit Millionen finanzieren und diese NGOs w\u00fcrden dann bei Wahlen \u00fcber mit ihnen verbundene Organisationen eine teure Kampagne mit Wahlaufrufen zugunsten der Regierungsparteien finanzieren. Und die Regierung w\u00fcrde auf Nachfragen&hellip;","_links":{"self":[{"href":"https:\/\/meiser-tv.de\/en\/wp-json\/wp\/v2\/posts\/20113","targetHints":{"allow":["GET"]}}],"collection":[{"href":"https:\/\/meiser-tv.de\/en\/wp-json\/wp\/v2\/posts"}],"about":[{"href":"https:\/\/meiser-tv.de\/en\/wp-json\/wp\/v2\/types\/post"}],"author":[{"embeddable":true,"href":"https:\/\/meiser-tv.de\/en\/wp-json\/wp\/v2\/users\/1"}],"replies":[{"embeddable":true,"href":"https:\/\/meiser-tv.de\/en\/wp-json\/wp\/v2\/comments?post=20113"}],"version-history":[{"count":0,"href":"https:\/\/meiser-tv.de\/en\/wp-json\/wp\/v2\/posts\/20113\/revisions"}],"wp:featuredmedia":[{"embeddable":true,"href":"https:\/\/meiser-tv.de\/en\/wp-json\/wp\/v2\/media\/4846"}],"wp:attachment":[{"href":"https:\/\/meiser-tv.de\/en\/wp-json\/wp\/v2\/media?parent=20113"}],"wp:term":[{"taxonomy":"category","embeddable":true,"href":"https:\/\/meiser-tv.de\/en\/wp-json\/wp\/v2\/categories?post=20113"},{"taxonomy":"post_tag","embeddable":true,"href":"https:\/\/meiser-tv.de\/en\/wp-json\/wp\/v2\/tags?post=20113"}],"curies":[{"name":"wp","href":"https:\/\/api.w.org\/{rel}","templated":true}]}}