{"id":20123,"date":"2026-08-30T18:03:06","date_gmt":"2026-08-30T16:03:06","guid":{"rendered":"https:\/\/meiser-tv.de\/politik\/berlin-wahl-bsw-klagt-gegen-auschluss-von-zentraler-wahlveranstaltung\/"},"modified":"2026-08-30T18:03:06","modified_gmt":"2026-08-30T16:03:06","slug":"berlin-wahl-bsw-klagt-gegen-auschluss-von-zentraler-wahlveranstaltung","status":"publish","type":"post","link":"https:\/\/meiser-tv.de\/en\/politik\/berlin-wahl-bsw-klagt-gegen-auschluss-von-zentraler-wahlveranstaltung\/","title":{"rendered":"Berlin-Wahl: BSW klagt gegen Auschluss von zentraler Wahlveranstaltung"},"content":{"rendered":"<div>\n<p>Der Berliner BSW-Landesverband hat am Freitag einen\u00a0Eilantrag beim Verwaltungsgericht Berlin\u00a0eingereicht. Die Partei verlangt, dass einer ihrer Spitzenkandidaten zur &#8222;rbb24-Wahlarena&#8220; am 16. September eingeladen wird: der Abgeordnete Alexander King oder der Publizist Michael L\u00fcders.\u00a0Das berichtet die <em>Berliner Zeitung<\/em> am Sonntag.<\/p>\n<p>Hintergrund: Zur rbb24-Wahlarena am 16. September l\u00e4dt der Rundfunk Berlin-Brandenburg f\u00fcnf Parteien ein: CDU, SPD, B\u00fcndnis 90\/Die Gr\u00fcnen, die Linke und die AfD. Das BSW dagegen fehlt.<\/p>\n<p>Der <em>rbb<\/em> teilte in einer Stellungnahme mit, dass Parteien eingeladen sind, die &#8222;nach aktuellem Stand realistische Chancen haben, in Fraktionsst\u00e4rke in das Abgeordnetenhaus einzuziehen&#8220;.\u00a0Genannt werden Stefan Evers (CDU), Steffen Krach (SPD), Werner Graf (B\u00fcndnis 90\/Die Gr\u00fcnen), Elif Eralp (Linke) und Kristin Brinker (AfD).<\/p>\n<p>Der Sender beruft sich auf Umfragen: In der j\u00fcngsten Infratest-dimap-Erhebung f\u00fcr den <em>rbb<\/em> liegt das BSW bei drei Prozent. Auch andere Umfragen h\u00e4tten die Partei seit L\u00e4ngerem meist zwischen drei und vier Prozent gesehen.<\/p>\n<p>Die Partei verweist in ihrem Antrag auf ihre Berliner Ergebnisse bei der Europa- und Bundestagswahl: rund 130.000 Stimmen, 8,7 beziehungsweise 6,7 Prozent. Bei der\u00a0Bundestagswahl 2025\u00a0erzielte das BSW 4,981 Prozent.<\/p>\n<p>In einer ersten Fassung der Programmank\u00fcndigung sollte die Wahlarena jedoch mit Spitzenkandidaten &#8222;der im Berliner Abgeordnetenhaus vertretenen Parteien&#8220; stattfinden.\u00a0Das BSW h\u00e4tte dieses Kriterium erf\u00fcllt, denn Alexander King sitzt im Abgeordnetenhaus. Erst sp\u00e4ter wurde die Passage ge\u00e4ndert. Ma\u00dfgeblich sei nun die realistische Chance auf den Einzug &#8222;in Fraktionsst\u00e4rke&#8220;. Laut dem Antrag des BSW erkl\u00e4rte der Sender die erste Formulierung zum Fehler.<\/p>\n<p>Eine weitere Formulierung macht die Sache noch komplizierter: Eingeladen w\u00fcrden demnach nur Parteien, die &#8222;voraussichtlich auch in die Regierung kommen&#8220;. Parteien weit unter der F\u00fcnf-Prozent-H\u00fcrde seien nicht dabei; dies gelte auch f\u00fcr die FDP. Mit Blick auf die\u00a0AfD und die sogenannte Brandmauer stimmt das allerdings nicht, eingeladen ist sie dennoch.<\/p>\n<p>Der BSW-Landesvorsitzende Alexander King wirft dem <em>rbb<\/em> vor, mit dem Berliner Establishment verflochten zu sein und seine Partei unsichtbar machen zu wollen.<\/p>\n<p>Der Sender verweist dagegen auf die n\u00e4chsten Umfragen: Am 2. und am 10. September 2026 sollen diese vorliegen. Falls diese dem BSW oder einer anderen Partei realistische Einzugschancen bescheinigen, wolle der Sender die Einladungsliste \u00fcberpr\u00fcfen und gegebenenfalls anpassen.<\/p>\n<p><strong>Mehr zum Thema<\/strong> &#8211;\u00a0<a target=\"_blank\" rel=\"noopener noreferrer\" href=\"https:\/\/de-rtnews.com\/landtagswahlen2026\/289997-wahl-o-mat-2026-berliner\/\">Wahl-O-Mat 2026: Das Berliner Establishment setzt im Wahlkampf mit alten Kamellen auf ein Weiter-So<\/a><\/p>\n<div class=\"EmbedBlock-root EmbedBlock-all\">\n<div class=\"AllEmbed\">\n                                                <script>!function(r,u,m,b,l,e){r._Rumble=b,r[b]||(r[b]=function(){(r[b]._=r[b]._||[]).push(arguments);if(r[b]._.length==1){l=u.createElement(m),e=u.getElementsByTagName(m)[0],l.async=1,l.src=\"https:\/\/rumble.com\/embedJS\/u4\"+(arguments[1].video?'.'+arguments[1].video:'')+\"\/?url=\"+encodeURIComponent(location.href)+\"&args=\"+encodeURIComponent(JSON.stringify([].slice.apply(arguments))),e.parentNode.insertBefore(l,e)}})}(window, document, \"script\", \"Rumble\");<\/script><\/p>\n<div id=\"rumble_v7co1j2\"><\/div>\n<p><script>\nRumble(\"play\", {\"video\":\"v7co1j2\",\"div\":\"rumble_v7co1j2\"});<\/script>\n                    <\/div>\n<\/p><\/div>\n<\/div>\n","protected":false},"excerpt":{"rendered":"<p>Der Berliner BSW-Landesverband hat am Freitag einen\u00a0Eilantrag beim Verwaltungsgericht Berlin\u00a0eingereicht. Die Partei verlangt, dass einer ihrer Spitzenkandidaten zur &#8222;rbb24-Wahlarena&#8220; am 16. September eingeladen wird: der Abgeordnete Alexander King oder der Publizist Michael L\u00fcders.\u00a0Das berichtet die Berliner Zeitung am Sonntag. Hintergrund: Zur rbb24-Wahlarena am 16. September l\u00e4dt der Rundfunk Berlin-Brandenburg f\u00fcnf Parteien ein: CDU, SPD, B\u00fcndnis [&hellip;]<\/p>\n","protected":false},"author":1,"featured_media":4846,"comment_status":"closed","ping_status":"closed","sticky":false,"template":"","format":"standard","meta":{"_gspb_post_css":"","_uag_custom_page_level_css":"","fifu_image_url":"","fifu_image_alt":"","footnotes":""},"categories":[5],"tags":[],"class_list":["post-20123","post","type-post","status-publish","format-standard","has-post-thumbnail","hentry","category-politik"],"blocksy_meta":{"styles_descriptor":{"styles":{"desktop":"","tablet":"","mobile":""},"google_fonts":[],"version":7}},"uagb_featured_image_src":{"full":["https:\/\/mleexelnfod5.i.optimole.com\/w:auto\/h:auto\/q:mauto\/f:best\/https:\/\/i2.wp.com\/meiser-tv.de\/wp-content\/uploads\/2026\/05\/RSS-Hintergrund.jpg?w=1920&fit=1920,1080&ssl=1",1920,1080,true],"thumbnail":["https:\/\/mleexelnfod5.i.optimole.com\/w:auto\/h:auto\/q:mauto\/f:best\/https:\/\/i2.wp.com\/meiser-tv.de\/wp-content\/uploads\/2026\/05\/RSS-Hintergrund.jpg?w=150&resize=150,150&ssl=1",150,150,true],"medium":["https:\/\/mleexelnfod5.i.optimole.com\/w:auto\/h:auto\/q:mauto\/f:best\/https:\/\/i2.wp.com\/meiser-tv.de\/wp-content\/uploads\/2026\/05\/RSS-Hintergrund.jpg?w=300&fit=300,300&ssl=1",300,300,true],"medium_large":["https:\/\/mleexelnfod5.i.optimole.com\/w:auto\/h:auto\/q:mauto\/f:best\/https:\/\/i2.wp.com\/meiser-tv.de\/wp-content\/uploads\/2026\/05\/RSS-Hintergrund.jpg?w=768&resize=768,0&ssl=1",768,0,true],"large":["https:\/\/mleexelnfod5.i.optimole.com\/w:auto\/h:auto\/q:mauto\/f:best\/https:\/\/i2.wp.com\/meiser-tv.de\/wp-content\/uploads\/2026\/05\/RSS-Hintergrund.jpg?w=1024&fit=1024,1024&ssl=1",1024,1024,true],"1536x1536":["https:\/\/mleexelnfod5.i.optimole.com\/w:auto\/h:auto\/q:mauto\/f:best\/https:\/\/i2.wp.com\/meiser-tv.de\/wp-content\/uploads\/2026\/05\/RSS-Hintergrund.jpg?w=1536&fit=1536,1536&ssl=1",1536,1536,true],"2048x2048":["https:\/\/mleexelnfod5.i.optimole.com\/w:auto\/h:auto\/q:mauto\/f:best\/https:\/\/i2.wp.com\/meiser-tv.de\/wp-content\/uploads\/2026\/05\/RSS-Hintergrund.jpg?w=2048&fit=2048,2048&ssl=1",2048,2048,true],"trp-custom-language-flag":["https:\/\/mleexelnfod5.i.optimole.com\/w:auto\/h:auto\/q:mauto\/f:best\/https:\/\/i2.wp.com\/meiser-tv.de\/wp-content\/uploads\/2026\/05\/RSS-Hintergrund.jpg?w=18&fit=18,12&ssl=1",18,12,true]},"uagb_author_info":{"display_name":"admin","author_link":"https:\/\/meiser-tv.de\/en\/author\/admin\/"},"uagb_comment_info":0,"uagb_excerpt":"Der Berliner BSW-Landesverband hat am Freitag einen\u00a0Eilantrag beim Verwaltungsgericht Berlin\u00a0eingereicht. Die Partei verlangt, dass einer ihrer Spitzenkandidaten zur &#8222;rbb24-Wahlarena&#8220; am 16. September eingeladen wird: der Abgeordnete Alexander King oder der Publizist Michael L\u00fcders.\u00a0Das berichtet die Berliner Zeitung am Sonntag. Hintergrund: Zur rbb24-Wahlarena am 16. September l\u00e4dt der Rundfunk Berlin-Brandenburg f\u00fcnf Parteien ein: CDU, SPD, B\u00fcndnis&hellip;","_links":{"self":[{"href":"https:\/\/meiser-tv.de\/en\/wp-json\/wp\/v2\/posts\/20123","targetHints":{"allow":["GET"]}}],"collection":[{"href":"https:\/\/meiser-tv.de\/en\/wp-json\/wp\/v2\/posts"}],"about":[{"href":"https:\/\/meiser-tv.de\/en\/wp-json\/wp\/v2\/types\/post"}],"author":[{"embeddable":true,"href":"https:\/\/meiser-tv.de\/en\/wp-json\/wp\/v2\/users\/1"}],"replies":[{"embeddable":true,"href":"https:\/\/meiser-tv.de\/en\/wp-json\/wp\/v2\/comments?post=20123"}],"version-history":[{"count":0,"href":"https:\/\/meiser-tv.de\/en\/wp-json\/wp\/v2\/posts\/20123\/revisions"}],"wp:featuredmedia":[{"embeddable":true,"href":"https:\/\/meiser-tv.de\/en\/wp-json\/wp\/v2\/media\/4846"}],"wp:attachment":[{"href":"https:\/\/meiser-tv.de\/en\/wp-json\/wp\/v2\/media?parent=20123"}],"wp:term":[{"taxonomy":"category","embeddable":true,"href":"https:\/\/meiser-tv.de\/en\/wp-json\/wp\/v2\/categories?post=20123"},{"taxonomy":"post_tag","embeddable":true,"href":"https:\/\/meiser-tv.de\/en\/wp-json\/wp\/v2\/tags?post=20123"}],"curies":[{"name":"wp","href":"https:\/\/api.w.org\/{rel}","templated":true}]}}