{"id":20129,"date":"2026-08-30T20:03:29","date_gmt":"2026-08-30T18:03:29","guid":{"rendered":"https:\/\/meiser-tv.de\/politik\/leben-mit-der-roten-armee-teil-6-meistens-kamen-wir-gut-zurecht\/"},"modified":"2026-08-30T20:03:29","modified_gmt":"2026-08-30T18:03:29","slug":"leben-mit-der-roten-armee-teil-6-meistens-kamen-wir-gut-zurecht","status":"publish","type":"post","link":"https:\/\/meiser-tv.de\/en\/politik\/leben-mit-der-roten-armee-teil-6-meistens-kamen-wir-gut-zurecht\/","title":{"rendered":"Leben mit der Roten Armee \u2013 Teil 6: &#8222;Meistens kamen wir gut zurecht&#8220;"},"content":{"rendered":"<div>\n<p>Fr\u00fchere Folgen:\u00a0<a href=\"https:\/\/de-rtnews.com\/europa\/288731-neben-sowjetsoldaten-eine-deutsche-erinnerung\/\" target=\"_blank\" rel=\"noopener noreferrer\">Folge 1<\/a>;\u00a0<a href=\"https:\/\/de-rtnews.com\/europa\/288735-leben-nahe-der-roten-armee-der-brief-eines-deutschen\/\" target=\"_blank\" rel=\"noopener noreferrer\">Folge 2<\/a>;\u00a0<a href=\"https:\/\/de-rtnews.com\/europa\/288737-leben-mit-der-roten-armee-kurze-erinnerungen-aus-deutschland\/\" target=\"_blank\" rel=\"noopener noreferrer\">Folge 3<\/a>;\u00a0<a target=\"_blank\" rel=\"noopener noreferrer\" href=\"https:\/\/de-rtnews.com\/inland\/288949-leben-mit-der-roten-armee-folge-vier\/\">Folge 4<\/a>; <a href=\"https:\/\/de-rtnews.com\/inland\/289549-leben-mit-roten-armee-teil-fuenf\/\" target=\"_blank\" rel=\"noopener noreferrer\">Folge 5<\/a><\/p>\n<p><strong>&#8222;Es war eine sch\u00f6ne Zeit&#8220; <\/strong>(Leserbrief von Jule, 24.08.2026)<\/p>\n<p><em>Zum <a href=\"https:\/\/de-rtnews.com\/inland\/289549-leben-mit-roten-armee-teil-fuenf\/\" target=\"_blank\" rel=\"noopener noreferrer\">Leserbrief von Marion Wohlrabe<\/a>, 22.08.2026<\/em><\/p>\n<p>Dem Leserbrief kann ich nur zustimmen. Wir hatten viele russische Freunde durch meinen Vater. Er sprach perfekt Russisch und arbeitete mit ihnen zusammen. Als kleines M\u00e4dchen sang ich unseren Freunden auf Tonband deutsche Kinderlieder, was sie sehr begeisterte. Es war eine sehr sch\u00f6ne Zeit, die ich bis heute in meinem Herzen bewahre.<\/p>\n<p>Eine Wolgakreuzfahrt begeisterte mich aufs Neue \u00fcber die Freundlichkeit und Gastfreundschaft. Schade, dass man uns dies nun von Deutschland aus verwehrt. Ich hoffe sehr, dass wir bald wieder mit Russland Freundschaft halten und das nicht nur mit Worten. Tausend Gr\u00fc\u00dfe an das russische Volk vom deutschen Volk.<\/p>\n<p><strong>&#8222;Vielleicht erinnern sich Angeh\u00f6rige der sowjetischen Armee an das Treffen&#8220; <\/strong>(Leserbrief von Peter Ziegert, 24.08.2026)<\/p>\n<p>Waffenbr\u00fcderschaft zwischen NVA und Sowjetarmee. Zum 70. Jahrestag 1977: gemeinsame Feier in Werneuchen. Schade, Bild l\u00e4sst sich nicht einf\u00fcgen. Vielleicht erinnern sich Angeh\u00f6rige der sowjetischen Armee an das Treffen 1977 in Werneuchen.<\/p>\n<p><strong>&#8222;Diensthabende Offiziere winkten uns einfach durch&#8220; <\/strong>(Leserbrief von Anton G., 30.08.2026)<\/p>\n<p>Meine Gro\u00dfmutter hatte mir zu ihren Lebzeiten \u00fcber ihre erste Begegnung mit sowjetischen Soldaten erz\u00e4hlt. Es war in Zeuthen bei Berlin im April 1945. Als sie einr\u00fcckten, durchsuchten die Soldaten H\u00e4user nach Wehrmachtsangeh\u00f6rigen. Auch in das Haus, wo die Gro\u00dfmutter mit meinem damals noch kleinen Vater war, drangen sie ein. Als sie jedoch das kleine Kind, meinen Vater, sahen, dr\u00fcckten sie ihm ein paar W\u00fcrfel Zucker in die Hand, entschuldigten sich vor meiner Gro\u00dfmutter und gingen wieder. Etwas Schlechtes hatte sie nicht zu berichten, aus keinem der folgenden fast 50 Jahre.<\/p>\n<p>Ich selbst erinnere mich vor allem an die sowjetischen L\u00e4den. Einige waren frei zug\u00e4nglich, andere waren zwar hinter Garnisonsmauern, aber uns Kinder und Jugendliche winkten diensthabende Offiziere oft einfach durch. Es gab da auch leckere Sachen, die man aus Konsum und HO nicht kannte, wie die duftenden Prjaniki oder N\u00fcsse in roter Karamellglasur. Meine Mutter ging dort ebenfalls ab und zu einkaufen. Auch an Konzerte des Garnisonsorchesters kann ich mich erinnern, aber da war ich noch ein kleiner Junge.<\/p>\n<p>Es gab manchmal Streit mit den sowjetischen Kindern, wir pr\u00fcgelten uns, wof\u00fcr die dann gro\u00dfen \u00c4rger bekamen, egal, wer schuld war. Aber meistens kamen wir gut zurecht, es gab auch Freundschaften.<\/p>\n<p><em>Damit ist unsere Leserbriefaktion zu Erinnerungen an die Stationierung der Sowjetischen Armee in der DDR und im wiedervereinigten Deutschland bis 1994 beendet. Wir danken f\u00fcr alle Zuschriften!<\/em><\/p>\n<p><strong>Mehr zum Thema<\/strong> \u2013\u00a0<a target=\"_blank\" rel=\"noopener noreferrer\" href=\"https:\/\/de-rtnews.com\/meinung\/282886-berlin-dunkle-wolken-ueber-russischer\/\">Berlin: Dunkle Wolken \u00fcber russischer Kultur und Sowjetehrenmalen<\/a><\/p>\n<div class=\"EmbedBlock-root EmbedBlock-externalVideo EmbedBlock-rumble\">\n<div class=\"VkEmbed\"><iframe class=\"lazyload\" data-src=\"https:\/\/rumble.com\/embed\/v7co622\" frameborder=\"0\" width=\"853\" height=\"480\" allowfullscreen><\/iframe><\/div>\n<\/p><\/div>\n<\/p>\n<\/div>","protected":false},"excerpt":{"rendered":"<p>Fr\u00fchere Folgen:\u00a0Folge 1;\u00a0Folge 2;\u00a0Folge 3;\u00a0Folge 4; Folge 5 &#8222;Es war eine sch\u00f6ne Zeit&#8220; (Leserbrief von Jule, 24.08.2026) Zum Leserbrief von Marion Wohlrabe, 22.08.2026 Dem Leserbrief kann ich nur zustimmen. Wir hatten viele russische Freunde durch meinen Vater. Er sprach perfekt Russisch und arbeitete mit ihnen zusammen. Als kleines M\u00e4dchen sang ich unseren Freunden auf Tonband [&hellip;]<\/p>\n","protected":false},"author":1,"featured_media":4846,"comment_status":"closed","ping_status":"closed","sticky":false,"template":"","format":"standard","meta":{"_gspb_post_css":"","_uag_custom_page_level_css":"","fifu_image_url":"","fifu_image_alt":"","footnotes":""},"categories":[5],"tags":[],"class_list":["post-20129","post","type-post","status-publish","format-standard","has-post-thumbnail","hentry","category-politik"],"blocksy_meta":{"styles_descriptor":{"styles":{"desktop":"","tablet":"","mobile":""},"google_fonts":[],"version":7}},"uagb_featured_image_src":{"full":["https:\/\/mleexelnfod5.i.optimole.com\/w:auto\/h:auto\/q:mauto\/f:best\/https:\/\/i2.wp.com\/meiser-tv.de\/wp-content\/uploads\/2026\/05\/RSS-Hintergrund.jpg?w=1920&fit=1920,1080&ssl=1",1920,1080,true],"thumbnail":["https:\/\/mleexelnfod5.i.optimole.com\/w:auto\/h:auto\/q:mauto\/f:best\/https:\/\/i2.wp.com\/meiser-tv.de\/wp-content\/uploads\/2026\/05\/RSS-Hintergrund.jpg?w=150&resize=150,150&ssl=1",150,150,true],"medium":["https:\/\/mleexelnfod5.i.optimole.com\/w:auto\/h:auto\/q:mauto\/f:best\/https:\/\/i2.wp.com\/meiser-tv.de\/wp-content\/uploads\/2026\/05\/RSS-Hintergrund.jpg?w=300&fit=300,300&ssl=1",300,300,true],"medium_large":["https:\/\/mleexelnfod5.i.optimole.com\/w:auto\/h:auto\/q:mauto\/f:best\/https:\/\/i2.wp.com\/meiser-tv.de\/wp-content\/uploads\/2026\/05\/RSS-Hintergrund.jpg?w=768&resize=768,0&ssl=1",768,0,true],"large":["https:\/\/mleexelnfod5.i.optimole.com\/w:auto\/h:auto\/q:mauto\/f:best\/https:\/\/i2.wp.com\/meiser-tv.de\/wp-content\/uploads\/2026\/05\/RSS-Hintergrund.jpg?w=1024&fit=1024,1024&ssl=1",1024,1024,true],"1536x1536":["https:\/\/mleexelnfod5.i.optimole.com\/w:auto\/h:auto\/q:mauto\/f:best\/https:\/\/i2.wp.com\/meiser-tv.de\/wp-content\/uploads\/2026\/05\/RSS-Hintergrund.jpg?w=1536&fit=1536,1536&ssl=1",1536,1536,true],"2048x2048":["https:\/\/mleexelnfod5.i.optimole.com\/w:auto\/h:auto\/q:mauto\/f:best\/https:\/\/i2.wp.com\/meiser-tv.de\/wp-content\/uploads\/2026\/05\/RSS-Hintergrund.jpg?w=2048&fit=2048,2048&ssl=1",2048,2048,true],"trp-custom-language-flag":["https:\/\/mleexelnfod5.i.optimole.com\/w:auto\/h:auto\/q:mauto\/f:best\/https:\/\/i2.wp.com\/meiser-tv.de\/wp-content\/uploads\/2026\/05\/RSS-Hintergrund.jpg?w=18&fit=18,12&ssl=1",18,12,true]},"uagb_author_info":{"display_name":"admin","author_link":"https:\/\/meiser-tv.de\/en\/author\/admin\/"},"uagb_comment_info":0,"uagb_excerpt":"Fr\u00fchere Folgen:\u00a0Folge 1;\u00a0Folge 2;\u00a0Folge 3;\u00a0Folge 4; Folge 5 &#8222;Es war eine sch\u00f6ne Zeit&#8220; (Leserbrief von Jule, 24.08.2026) Zum Leserbrief von Marion Wohlrabe, 22.08.2026 Dem Leserbrief kann ich nur zustimmen. Wir hatten viele russische Freunde durch meinen Vater. Er sprach perfekt Russisch und arbeitete mit ihnen zusammen. Als kleines M\u00e4dchen sang ich unseren Freunden auf Tonband&hellip;","_links":{"self":[{"href":"https:\/\/meiser-tv.de\/en\/wp-json\/wp\/v2\/posts\/20129","targetHints":{"allow":["GET"]}}],"collection":[{"href":"https:\/\/meiser-tv.de\/en\/wp-json\/wp\/v2\/posts"}],"about":[{"href":"https:\/\/meiser-tv.de\/en\/wp-json\/wp\/v2\/types\/post"}],"author":[{"embeddable":true,"href":"https:\/\/meiser-tv.de\/en\/wp-json\/wp\/v2\/users\/1"}],"replies":[{"embeddable":true,"href":"https:\/\/meiser-tv.de\/en\/wp-json\/wp\/v2\/comments?post=20129"}],"version-history":[{"count":0,"href":"https:\/\/meiser-tv.de\/en\/wp-json\/wp\/v2\/posts\/20129\/revisions"}],"wp:featuredmedia":[{"embeddable":true,"href":"https:\/\/meiser-tv.de\/en\/wp-json\/wp\/v2\/media\/4846"}],"wp:attachment":[{"href":"https:\/\/meiser-tv.de\/en\/wp-json\/wp\/v2\/media?parent=20129"}],"wp:term":[{"taxonomy":"category","embeddable":true,"href":"https:\/\/meiser-tv.de\/en\/wp-json\/wp\/v2\/categories?post=20129"},{"taxonomy":"post_tag","embeddable":true,"href":"https:\/\/meiser-tv.de\/en\/wp-json\/wp\/v2\/tags?post=20129"}],"curies":[{"name":"wp","href":"https:\/\/api.w.org\/{rel}","templated":true}]}}