{"id":20143,"date":"2026-08-31T08:02:15","date_gmt":"2026-08-31T06:02:15","guid":{"rendered":"https:\/\/meiser-tv.de\/medienkritik\/livestream-zur-landtagswahl-in-sachsen-anhalt-am-6-9-2026-ab-17-00-uhr\/"},"modified":"2026-08-31T08:02:15","modified_gmt":"2026-08-31T06:02:15","slug":"livestream-zur-landtagswahl-in-sachsen-anhalt-am-6-9-2026-ab-17-00-uhr","status":"publish","type":"post","link":"https:\/\/meiser-tv.de\/en\/medienkritik\/livestream-zur-landtagswahl-in-sachsen-anhalt-am-6-9-2026-ab-17-00-uhr\/","title":{"rendered":"Livestream zur Landtagswahl in Sachsen-Anhalt am 6.9.2026 ab 17.00 Uhr"},"content":{"rendered":"<div>\n<p><strong>H\u00e4lt die Brandmauer im Landtag zu Magdeburg oder wird sie \u00fcberrollt? Verfolgen Sie live die aktuellen Ergebnisse und Analysen auf apolut!<\/strong><\/p>\n<p>Moderation:<strong> <\/strong>Ullrich Mies und Markus Fiedler<\/p>\n<p>G\u00e4ste: Hans-J\u00f6rg Drieselmann, Tilo Gr\u00e4ser, Andrej Hunko, Hansj\u00f6rg M\u00fcller, Hermann Ploppa, Helmut Roewer, Rainer Rothfu\u00df, Werner R\u00fcgemer, Kayvan Soufi-Siavash u.v.m.<\/p>\n<p>Freuen Sie sich auf spannende Interviews, Reportagen, Kommentare sowie<strong> <\/strong>informative Hintergrundinformationen rund um das Ergebnis der Landtagswahl in Sachsen-Anhalt am 6.9.2026!<\/p>\n<p>Der Livestream l\u00e4uft auch auf unseren Social-Media-Kan\u00e4len:<\/p>\n<p>X\/Twitter: <a target=\"_blank\" rel=\"noopener noreferrer\" href=\"https:\/\/x.com\/apolut_net?ref=apolut.net\">https:\/\/x.com\/apolut_net<\/a><br \/>Instagram: <a target=\"_blank\" rel=\"noopener noreferrer\" href=\"https:\/\/www.instagram.com\/apolut_net\/?ref=apolut.net\">https:\/\/www.instagram.com\/apolut_net\/<\/a><br \/>Telegram: <a target=\"_blank\" rel=\"noopener noreferrer\" href=\"https:\/\/t.me\/s\/apolut?ref=apolut.net\">https:\/\/t.me\/s\/apolut<\/a><br \/>TikTok: <a target=\"_blank\" rel=\"noopener noreferrer\" href=\"https:\/\/www.tiktok.com\/@apolut.creatives?ref=apolut.net\">https:\/\/www.tiktok.com\/@apolut.creatives<\/a><br \/>YouTube: <a target=\"_blank\" rel=\"noopener noreferrer\" href=\"https:\/\/www.youtube.com\/@apolut_official?ref=apolut.net\">https:\/\/www.youtube.com\/@apolut_official<\/a><\/p>\n<\/div>","protected":false},"excerpt":{"rendered":"<div>H\u00e4lt die Brandmauer im Landtag zu Magdeburg oder wird sie \u00fcberrollt? Verfolgen Sie live die aktuellen Ergebnisse und Analysen auf apolut!<\/div>","protected":false},"author":1,"featured_media":20144,"comment_status":"closed","ping_status":"closed","sticky":false,"template":"","format":"standard","meta":{"_gspb_post_css":"","_uag_custom_page_level_css":"","fifu_image_url":"","fifu_image_alt":"","footnotes":""},"categories":[17],"tags":[],"class_list":["post-20143","post","type-post","status-publish","format-standard","has-post-thumbnail","hentry","category-medienkritik"],"blocksy_meta":{"styles_descriptor":{"styles":{"desktop":"","tablet":"","mobile":""},"google_fonts":[],"version":7}},"uagb_featured_image_src":{"full":["https:\/\/mleexelnfod5.i.optimole.com\/cb:C-UO.d17\/w:auto\/h:auto\/q:mauto\/f:best\/https:\/\/meiser-tv.de\/wp-content\/uploads\/2026\/08\/Thumbnail_v03_2_Livestream_Datum_Zeit.jpg",1920,1080,false],"thumbnail":["https:\/\/mleexelnfod5.i.optimole.com\/cb:C-UO.d17\/w:150\/h:150\/q:mauto\/rt:fill\/g:ce\/f:best\/https:\/\/meiser-tv.de\/wp-content\/uploads\/2026\/08\/Thumbnail_v03_2_Livestream_Datum_Zeit.jpg",150,150,true],"medium":["https:\/\/mleexelnfod5.i.optimole.com\/cb:C-UO.d17\/w:300\/h:169\/q:mauto\/f:best\/https:\/\/meiser-tv.de\/wp-content\/uploads\/2026\/08\/Thumbnail_v03_2_Livestream_Datum_Zeit.jpg",300,169,true],"medium_large":["https:\/\/mleexelnfod5.i.optimole.com\/cb:C-UO.d17\/w:768\/h:432\/q:mauto\/f:best\/https:\/\/meiser-tv.de\/wp-content\/uploads\/2026\/08\/Thumbnail_v03_2_Livestream_Datum_Zeit.jpg",768,432,true],"large":["https:\/\/mleexelnfod5.i.optimole.com\/cb:C-UO.d17\/w:1024\/h:576\/q:mauto\/f:best\/https:\/\/meiser-tv.de\/wp-content\/uploads\/2026\/08\/Thumbnail_v03_2_Livestream_Datum_Zeit.jpg",1024,576,true],"1536x1536":["https:\/\/mleexelnfod5.i.optimole.com\/cb:C-UO.d17\/w:1536\/h:864\/q:mauto\/f:best\/https:\/\/meiser-tv.de\/wp-content\/uploads\/2026\/08\/Thumbnail_v03_2_Livestream_Datum_Zeit.jpg",1536,864,true],"2048x2048":["https:\/\/mleexelnfod5.i.optimole.com\/cb:C-UO.d17\/w:auto\/h:auto\/q:mauto\/f:best\/https:\/\/meiser-tv.de\/wp-content\/uploads\/2026\/08\/Thumbnail_v03_2_Livestream_Datum_Zeit.jpg",1920,1080,false],"trp-custom-language-flag":["https:\/\/mleexelnfod5.i.optimole.com\/cb:C-UO.d17\/w:18\/h:10\/q:mauto\/f:best\/dpr:2\/https:\/\/meiser-tv.de\/wp-content\/uploads\/2026\/08\/Thumbnail_v03_2_Livestream_Datum_Zeit.jpg",18,10,true]},"uagb_author_info":{"display_name":"admin","author_link":"https:\/\/meiser-tv.de\/en\/author\/admin\/"},"uagb_comment_info":0,"uagb_excerpt":"H\u00e4lt die Brandmauer im Landtag zu Magdeburg oder wird sie \u00fcberrollt? Verfolgen Sie live die aktuellen Ergebnisse und Analysen auf apolut!","_links":{"self":[{"href":"https:\/\/meiser-tv.de\/en\/wp-json\/wp\/v2\/posts\/20143","targetHints":{"allow":["GET"]}}],"collection":[{"href":"https:\/\/meiser-tv.de\/en\/wp-json\/wp\/v2\/posts"}],"about":[{"href":"https:\/\/meiser-tv.de\/en\/wp-json\/wp\/v2\/types\/post"}],"author":[{"embeddable":true,"href":"https:\/\/meiser-tv.de\/en\/wp-json\/wp\/v2\/users\/1"}],"replies":[{"embeddable":true,"href":"https:\/\/meiser-tv.de\/en\/wp-json\/wp\/v2\/comments?post=20143"}],"version-history":[{"count":0,"href":"https:\/\/meiser-tv.de\/en\/wp-json\/wp\/v2\/posts\/20143\/revisions"}],"wp:featuredmedia":[{"embeddable":true,"href":"https:\/\/meiser-tv.de\/en\/wp-json\/wp\/v2\/media\/20144"}],"wp:attachment":[{"href":"https:\/\/meiser-tv.de\/en\/wp-json\/wp\/v2\/media?parent=20143"}],"wp:term":[{"taxonomy":"category","embeddable":true,"href":"https:\/\/meiser-tv.de\/en\/wp-json\/wp\/v2\/categories?post=20143"},{"taxonomy":"post_tag","embeddable":true,"href":"https:\/\/meiser-tv.de\/en\/wp-json\/wp\/v2\/tags?post=20143"}],"curies":[{"name":"wp","href":"https:\/\/api.w.org\/{rel}","templated":true}]}}