{"id":20149,"date":"2026-08-31T08:03:12","date_gmt":"2026-08-31T06:03:12","guid":{"rendered":"https:\/\/meiser-tv.de\/uncategorized\/das-pentagon-greift-ein-ziel-auf-einer-iranischen-insel-an-erste-militaeraktion-der-usa-seit-wochen-und-weitere-updates\/"},"modified":"2026-08-31T08:03:12","modified_gmt":"2026-08-31T06:03:12","slug":"das-pentagon-greift-ein-ziel-auf-einer-iranischen-insel-an-erste-militaeraktion-der-usa-seit-wochen-und-weitere-updates","status":"publish","type":"post","link":"https:\/\/meiser-tv.de\/en\/uncategorized\/das-pentagon-greift-ein-ziel-auf-einer-iranischen-insel-an-erste-militaeraktion-der-usa-seit-wochen-und-weitere-updates\/","title":{"rendered":"Das Pentagon greift ein Ziel auf einer iranischen Insel an \u2013 erste Milit\u00e4raktion der USA seit Wochen und weitere Updates"},"content":{"rendered":"<div>\n<p class=\"wp-block-paragraph\"><em>Von Tyler Durden<\/em><\/p>\n<p class=\"wp-block-paragraph\"><strong><u>Update (16:15 Uhr ET)<\/u>:<\/strong> An der milit\u00e4rischen Front im Iran-Konflikt herrschte seit vielen Tagen und Wochen Ruhe, doch am Sonntag tauchen erste Berichte \u00fcber neue, wenn auch begrenzte US-Angriffe auf. Laut den neuesten Meldungen von Axios vom sp\u00e4ten Sonntag:<\/p>\n<blockquote class=\"wp-block-quote is-layout-flow wp-block-quote-is-layout-flow\">\n<p class=\"wp-block-paragraph\">Hochrangiger US-Beamter: <em>Heute fr\u00fch haben US-Streitkr\u00e4fte<\/em> <strong><em>zwei iranische Abschussrampen auf der Insel Larzac angegriffen<\/em><\/strong><em>. Es wurde beobachtet, wie Einheiten der Revolutionsgarde sich darauf vorbereiteten, Raketen mit Seeminen in Richtung der Stra\u00dfe von Hormus abzufeuern.<\/em><\/p>\n<\/blockquote>\n<p class=\"wp-block-paragraph\">Obwohl das Wei\u00dfe Haus signalisiert hat, sich von milit\u00e4rischen Ma\u00dfnahmen abzuwenden und den Schwerpunkt auf die wirtschaftliche Kriegsf\u00fchrung zu verlagern, ist es dennoch klar, dass weitere sporadische Vergeltungsschl\u00e4ge folgen k\u00f6nnten. Trump hat jedoch k\u00fcrzlich deutlich gemacht, dass milit\u00e4rische Optionen weiterhin auf dem Tisch liegen und Luftangriffe bei Bedarf eingesetzt werden.<\/p>\n<blockquote class=\"twitter-tweet\">\n<p lang=\"en\" dir=\"ltr\">CENTCOM says that they attacked two Iranian missile launchers on Larak island. This is the first time that they have struck an Iranian target in weeks.<\/p>\n<p>\u2014 barry with the NED (@bonzerbarry) <a target=\"_blank\" rel=\"noopener noreferrer\" href=\"https:\/\/x.com\/bonzerbarry\/status\/2094143213191704832?ref_src=twsrc%5Etfw\">August 30, 2026<\/a><\/p><\/blockquote>\n<p> <script async src=\"https:\/\/platform.x.com\/widgets.js\" charset=\"utf-8\"><\/script><\/p>\n<p class=\"wp-block-paragraph\"><em><strong>\u00dcbersetzung von \u201eX\u201c<\/strong>: Laut CENTCOM wurden zwei iranische Raketenabschussrampen auf der Insel Larak angegriffen. Dies ist der erste Angriff auf ein iranisches Ziel seit Wochen.<\/em><\/p>\n<p class=\"wp-block-paragraph\">***<\/p>\n<p class=\"wp-block-paragraph\">Propaganda war schon immer ein Problem, wenn es um den Nebel des Krieges geht. Das Internet und die sozialen Medien verleihen der Verwirrung eine neue Dimension, da sich widerspr\u00fcchliche Informationen wie ein Lauffeuer verbreiten k\u00f6nnen, wobei Zivilisten und Medien als Mittel zur Verbreitung genutzt werden.<\/p>\n<p class=\"wp-block-paragraph\">Die fehlende Best\u00e4tigung wird \u2013 oft von beiden Seiten \u2013 ausgenutzt, und die Wahrheit geht im Sumpf unter. Dennoch werden die Fakten vor Ort letztendlich ans Licht kommen, ungeachtet aller Interpretationsversuche. Im Falle des Krieges im Iran verhei\u00dfen die Fakten vor Ort nichts Gutes f\u00fcr das islamische Regime.<\/p>\n<figure class=\"wp-block-image aligncenter size-large is-resized\"><\/figure>\n<p class=\"wp-block-paragraph\">Iranische F\u00fchrungskr\u00e4fte geben nun offen zu, dass die US-Blockade rund 35 % der Exporte und Importe des Landes lahmgelegt hat, w\u00e4hrend die Preise im Inland weiterhin um 60 % oder mehr in die H\u00f6he schnellen. Dies ist jedoch nicht das dringlichste Problem f\u00fcr das Regime.<\/p>\n<p class=\"wp-block-paragraph\">Es scheint, als h\u00e4tten erste Berichte \u00fcber Benzinknappheit im gesamten Iran das wahre Ausma\u00df der Krise nicht vermittelt. Allein in der vergangenen Woche tauchten in den sozialen Medien weitere Beweise aus dem Iran auf, die lange Schlangen an Tankstellen und Panik unter den B\u00fcrgern zeigen, w\u00e4hrend Rationierungen eingef\u00fchrt werden.<\/p>\n<figure class=\"wp-block-embed aligncenter is-type-video is-provider-youtube wp-block-embed-youtube wp-embed-aspect-16-9 wp-has-aspect-ratio\">\n<div class=\"wp-block-embed__wrapper\">\n<iframe title=\"\u0635\u0641\u200c\u0647\u0627\u06cc \u0637\u0648\u0644\u0627\u0646\u06cc \u0628\u0631\u0627\u06cc \u0628\u0646\u0632\u06cc\u0646 \u0648 \u0628\u0633\u062a\u0647 \u0628\u0648\u062f\u0646 \u0628\u0639\u0636\u06cc \u0627\u0632 \u062c\u0627\u06cc\u06af\u0627\u0647 \u0647\u0627\" width=\"800\" height=\"450\" src=\"https:\/\/www.youtube.com\/embed\/by5dwsxn_pY?feature=oembed\" frameborder=\"0\" allow=\"accelerometer; autoplay; clipboard-write; encrypted-media; gyroscope; picture-in-picture; web-share\" referrerpolicy=\"strict-origin-when-cross-origin\" allowfullscreen><\/iframe>\n<\/div>\n<\/figure>\n<p class=\"wp-block-paragraph\">Vertreter des Energieministeriums haben einen Benzinmangel von etwa 15 Millionen Litern pro Tag einger\u00e4umt und gewarnt, dass die strategischen Reserven den \u201edunkelroten\u201c Bereich erreicht h\u00e4tten.<\/p>\n<p class=\"wp-block-paragraph\">Der Iran verf\u00fcgt \u00fcber zehn gro\u00dfe in Betrieb befindliche \u00d6lraffinerien sowie die gro\u00dfe Kondensatraffinerie \u201ePersian Gulf Star\u201c, die der gr\u00f6\u00dfte Benzinproduzent des Landes ist. Das bedeutet, dass das Land durchaus in der Lage ist, seinen eigenen Benzinbedarf zu decken. Warum also die Engp\u00e4sse?<\/p>\n<figure class=\"wp-block-embed aligncenter is-type-video is-provider-youtube wp-block-embed-youtube wp-embed-aspect-16-9 wp-has-aspect-ratio\">\n<div class=\"wp-block-embed__wrapper\">\n<iframe title=\"\u0908\u0930\u093e\u0928 \u092e\u0947\u0902 \u0924\u0947\u0932 \u0915\u0940 \u0915\u092e\u0940, \u092a\u0947\u091f\u094d\u0930\u094b\u0932 \u092a\u0902\u092a\u094b\u0902 \u092a\u0930 \u0932\u0902\u092c\u0940 \u0915\u0924\u093e\u0930\u0947\u0902 [Fuel Shortage Triggers Long Queues in Tehran]\" width=\"800\" height=\"450\" src=\"https:\/\/www.youtube.com\/embed\/Nxzk_AY-R_4?feature=oembed\" frameborder=\"0\" allow=\"accelerometer; autoplay; clipboard-write; encrypted-media; gyroscope; picture-in-picture; web-share\" referrerpolicy=\"strict-origin-when-cross-origin\" allowfullscreen><\/iframe>\n<\/div>\n<\/figure>\n<p class=\"wp-block-paragraph\">Einige raffinierte Produkte werden aus dem Ausland in den Iran geliefert, und die US-Blockade behindert diese Lieferungen. Es besteht jedoch auch die M\u00f6glichkeit, dass die Blockade den Iran dazu gezwungen hat, eine Reihe von \u00d6lquellen aufgrund fehlender Lagerkapazit\u00e4ten stillzulegen. Je nach Art der Quelle kann eine Stilllegung erhebliche Sch\u00e4den verursachen und eine neue F\u00f6rderung f\u00fcr Jahre verhindern. Es ist wahrscheinlich, dass die Krise im Iran ebenso sehr auf einem Problem bei der \u00d6lversorgung wie auf einem Problem bei der Raffination beruht.<\/p>\n<p class=\"wp-block-paragraph\">Die Iraner haben k\u00fcrzlich eine R\u00fcckkehr zu den im MOU-Abkommen mit den USA festgelegten Standards gefordert und den USA zudem \u201eKriegsverbrechen\u201c vorgeworfen, wobei sie argumentieren, dass die Blockade eine humanit\u00e4re Krise ausl\u00f6se.<\/p>\n<p class=\"wp-block-paragraph\">Die j\u00fcngsten Eingest\u00e4ndnisse hinsichtlich wirtschaftlicher Sch\u00e4den, der Treibstoffknappheit und der Behauptungen einer humanit\u00e4ren Krise stellen eine deutliche Tonversch\u00e4rfung gegen\u00fcber der Haltung des Iran vor nur einem Monat dar. In Verbindung mit dem 400-prozentigen Anstieg der Schiffe, die die Stra\u00dfe von Hormus durchqueren, scheint es, als w\u00fcrde der Iran den Krieg regelrecht verlieren. Sollte die Blockade noch einige Monate andauern, k\u00f6nnten die finanziellen Sch\u00e4den irreversibel sein und die Wiederherstellung der Rohstoffstr\u00f6me Jahre dauern.<\/p>\n<p class=\"wp-block-paragraph\">Es reicht nicht aus, dass das Regime \u00fcberlebt, wenn die von ihm verwaltete Wirtschaft zusammenbricht.<\/p>\n<p class=\"wp-block-paragraph\">***<\/p>\n<p class=\"wp-block-paragraph\">\n<\/div>\n","protected":false},"excerpt":{"rendered":"<p>Von Tyler Durden Update (16:15 Uhr ET): An der milit\u00e4rischen Front im Iran-Konflikt herrschte seit vielen Tagen und Wochen Ruhe, doch am Sonntag tauchen erste Berichte \u00fcber neue, wenn auch begrenzte US-Angriffe auf. Laut den neuesten Meldungen von Axios vom sp\u00e4ten Sonntag: Hochrangiger US-Beamter: Heute fr\u00fch haben US-Streitkr\u00e4fte zwei iranische Abschussrampen auf der Insel Larzac [&hellip;]<\/p>\n","protected":false},"author":1,"featured_media":20150,"comment_status":"closed","ping_status":"closed","sticky":false,"template":"","format":"standard","meta":{"_gspb_post_css":"","_uag_custom_page_level_css":"","fifu_image_url":"","fifu_image_alt":"","footnotes":""},"categories":[1],"tags":[],"class_list":["post-20149","post","type-post","status-publish","format-standard","has-post-thumbnail","hentry","category-uncategorized"],"blocksy_meta":{"styles_descriptor":{"styles":{"desktop":"","tablet":"","mobile":""},"google_fonts":[],"version":7}},"uagb_featured_image_src":{"full":["https:\/\/mleexelnfod5.i.optimole.com\/w:auto\/h:auto\/q:mauto\/f:best\/https:\/\/meiser-tv.de\/wp-content\/uploads\/2026\/08\/Irangas1.jpg",1080,565,false],"thumbnail":["https:\/\/mleexelnfod5.i.optimole.com\/w:150\/h:150\/q:mauto\/rt:fill\/g:ce\/f:best\/https:\/\/meiser-tv.de\/wp-content\/uploads\/2026\/08\/Irangas1.jpg",150,150,true],"medium":["https:\/\/mleexelnfod5.i.optimole.com\/w:300\/h:157\/q:mauto\/f:best\/https:\/\/meiser-tv.de\/wp-content\/uploads\/2026\/08\/Irangas1.jpg",300,157,true],"medium_large":["https:\/\/mleexelnfod5.i.optimole.com\/w:768\/h:402\/q:mauto\/f:best\/https:\/\/meiser-tv.de\/wp-content\/uploads\/2026\/08\/Irangas1.jpg",768,402,true],"large":["https:\/\/mleexelnfod5.i.optimole.com\/w:1024\/h:536\/q:mauto\/f:best\/https:\/\/meiser-tv.de\/wp-content\/uploads\/2026\/08\/Irangas1.jpg",1024,536,true],"1536x1536":["https:\/\/mleexelnfod5.i.optimole.com\/w:auto\/h:auto\/q:mauto\/f:best\/https:\/\/meiser-tv.de\/wp-content\/uploads\/2026\/08\/Irangas1.jpg",1080,565,false],"2048x2048":["https:\/\/mleexelnfod5.i.optimole.com\/w:auto\/h:auto\/q:mauto\/f:best\/https:\/\/meiser-tv.de\/wp-content\/uploads\/2026\/08\/Irangas1.jpg",1080,565,false],"trp-custom-language-flag":["https:\/\/mleexelnfod5.i.optimole.com\/w:18\/h:9\/q:mauto\/f:best\/dpr:2\/https:\/\/meiser-tv.de\/wp-content\/uploads\/2026\/08\/Irangas1.jpg",18,9,true]},"uagb_author_info":{"display_name":"admin","author_link":"https:\/\/meiser-tv.de\/en\/author\/admin\/"},"uagb_comment_info":0,"uagb_excerpt":"Von Tyler Durden Update (16:15 Uhr ET): An der milit\u00e4rischen Front im Iran-Konflikt herrschte seit vielen Tagen und Wochen Ruhe, doch am Sonntag tauchen erste Berichte \u00fcber neue, wenn auch begrenzte US-Angriffe auf. Laut den neuesten Meldungen von Axios vom sp\u00e4ten Sonntag: Hochrangiger US-Beamter: Heute fr\u00fch haben US-Streitkr\u00e4fte zwei iranische Abschussrampen auf der Insel Larzac&hellip;","_links":{"self":[{"href":"https:\/\/meiser-tv.de\/en\/wp-json\/wp\/v2\/posts\/20149","targetHints":{"allow":["GET"]}}],"collection":[{"href":"https:\/\/meiser-tv.de\/en\/wp-json\/wp\/v2\/posts"}],"about":[{"href":"https:\/\/meiser-tv.de\/en\/wp-json\/wp\/v2\/types\/post"}],"author":[{"embeddable":true,"href":"https:\/\/meiser-tv.de\/en\/wp-json\/wp\/v2\/users\/1"}],"replies":[{"embeddable":true,"href":"https:\/\/meiser-tv.de\/en\/wp-json\/wp\/v2\/comments?post=20149"}],"version-history":[{"count":0,"href":"https:\/\/meiser-tv.de\/en\/wp-json\/wp\/v2\/posts\/20149\/revisions"}],"wp:featuredmedia":[{"embeddable":true,"href":"https:\/\/meiser-tv.de\/en\/wp-json\/wp\/v2\/media\/20150"}],"wp:attachment":[{"href":"https:\/\/meiser-tv.de\/en\/wp-json\/wp\/v2\/media?parent=20149"}],"wp:term":[{"taxonomy":"category","embeddable":true,"href":"https:\/\/meiser-tv.de\/en\/wp-json\/wp\/v2\/categories?post=20149"},{"taxonomy":"post_tag","embeddable":true,"href":"https:\/\/meiser-tv.de\/en\/wp-json\/wp\/v2\/tags?post=20149"}],"curies":[{"name":"wp","href":"https:\/\/api.w.org\/{rel}","templated":true}]}}