{"id":20154,"date":"2026-08-31T09:02:15","date_gmt":"2026-08-31T07:02:15","guid":{"rendered":"https:\/\/meiser-tv.de\/medienkritik\/knappes-nein-island-lehnt-eubeitrittsverhandlungen-ab\/"},"modified":"2026-08-31T09:02:15","modified_gmt":"2026-08-31T07:02:15","slug":"knappes-nein-island-lehnt-eubeitrittsverhandlungen-ab","status":"publish","type":"post","link":"https:\/\/meiser-tv.de\/en\/medienkritik\/knappes-nein-island-lehnt-eubeitrittsverhandlungen-ab\/","title":{"rendered":"Knappes Nein: Island lehnt EU\u2011Beitrittsverhandlungen ab"},"content":{"rendered":"<div>\n<p>Die Isl\u00e4nderinnen und Isl\u00e4nder haben in einem Referendum mehrheitlich gegen die Wiederaufnahme von EU\u2011Beitrittsverhandlungen gestimmt und damit einen m\u00f6glichen Weg in die Europ\u00e4ische Union vorerst blockiert.<\/p>\n<p>Die Volksabstimmung fand am 29. August statt und zielte nicht direkt auf einen EU\u2011Beitritt, sondern ausschlie\u00dflich auf die Frage, ob die seit Jahren ruhenden Gespr\u00e4che mit der EU wieder aufgenommen werden sollen. Nach Ausz\u00e4hlung aller Stimmen ergab sich eine knappe Mehrheit von 52,8 Prozent Nein\u2011Stimmen gegen\u00fcber 47,2 Prozent Ja\u2011Stimmen, ein Vorsprung von rund 12.000 Stimmen zugunsten der Gegner weiterer Verhandlungen.<\/p>\n<p>Insgesamt wurden rund 225.000 Stimmen abgegeben; wertet man nur die g\u00fcltigen Stimmen, entfielen etwa 118.000 auf Nein und gut 105.000 auf Ja. Damit bleibt Island au\u00dferhalb der EU, setzt aber seinen bisherigen Kurs als Mitglied des Europ\u00e4ischen Wirtschaftsraums (EWR) und des Schengen\u2011Raums fort; am Status dieser Einbindung in den europ\u00e4ischen Binnenmarkt \u00e4ndert das Referendum nichts.<\/p>\n<p>Die Abstimmung verlief regional unterschiedlich: Nur in den Wahlkreisen der Hauptstadt Reykjav\u00edk votierte eine Mehrheit f\u00fcr die Wiederaufnahme der Gespr\u00e4che, w\u00e4hrend l\u00e4ndliche Regionen \u2013 etwa im Nordwesten mit knapp 63 Prozent Nein \u2013 deutlich ablehnender reagierten. Beobachter verweisen unter anderem auf Sorgen um Fischereirechte, Souver\u00e4nit\u00e4t und Sicherheit als zentrale Streitpunkte im Verh\u00e4ltnis Islands zur EU.<\/p>\n<p>Trotz des Nein gilt die Abstimmung nicht als grunds\u00e4tzliche Abkehr von Europa: Kommentierungen betonen, dass die knappe Entscheidung die fortdauernde Debatte \u00fcber Islands Platz in Europa sichtbar macht und die Frage einer m\u00f6glichen EU\u2011Ann\u00e4herung langfristig offen bleibt.<\/p>\n<p><strong>+++<\/strong><\/p>\n<p>Bildquelle: <a target=\"_blank\" rel=\"noopener noreferrer\" href=\"https:\/\/www.shutterstock.com\/de\/g\/melissamn?ref=apolut.net\">melissamn<\/a> \/ shutterstock<\/p>\n<\/div>","protected":false},"excerpt":{"rendered":"<div>Die Isl\u00e4nderinnen und Isl\u00e4nder haben in einem Referendum mehrheitlich gegen die Wiederaufnahme von EU\u2011Beitrittsverhandlungen gestimmt und damit einen m\u00f6glichen&#8230;<\/div>","protected":false},"author":1,"featured_media":20155,"comment_status":"closed","ping_status":"closed","sticky":false,"template":"","format":"standard","meta":{"_gspb_post_css":"","_uag_custom_page_level_css":"","fifu_image_url":"","fifu_image_alt":"","footnotes":""},"categories":[17],"tags":[],"class_list":["post-20154","post","type-post","status-publish","format-standard","has-post-thumbnail","hentry","category-medienkritik"],"blocksy_meta":{"styles_descriptor":{"styles":{"desktop":"","tablet":"","mobile":""},"google_fonts":[],"version":7}},"uagb_featured_image_src":{"full":["https:\/\/mleexelnfod5.i.optimole.com\/cb:qHTD.d13\/w:auto\/h:auto\/q:mauto\/f:best\/https:\/\/meiser-tv.de\/wp-content\/uploads\/2026\/08\/iceland.jpg",1920,1080,false],"thumbnail":["https:\/\/mleexelnfod5.i.optimole.com\/cb:qHTD.d13\/w:150\/h:150\/q:mauto\/rt:fill\/g:ce\/f:best\/https:\/\/meiser-tv.de\/wp-content\/uploads\/2026\/08\/iceland.jpg",150,150,true],"medium":["https:\/\/mleexelnfod5.i.optimole.com\/cb:qHTD.d13\/w:300\/h:169\/q:mauto\/f:best\/https:\/\/meiser-tv.de\/wp-content\/uploads\/2026\/08\/iceland.jpg",300,169,true],"medium_large":["https:\/\/mleexelnfod5.i.optimole.com\/cb:qHTD.d13\/w:768\/h:432\/q:mauto\/f:best\/https:\/\/meiser-tv.de\/wp-content\/uploads\/2026\/08\/iceland.jpg",768,432,true],"large":["https:\/\/mleexelnfod5.i.optimole.com\/cb:qHTD.d13\/w:1024\/h:576\/q:mauto\/f:best\/https:\/\/meiser-tv.de\/wp-content\/uploads\/2026\/08\/iceland.jpg",1024,576,true],"1536x1536":["https:\/\/mleexelnfod5.i.optimole.com\/cb:qHTD.d13\/w:1536\/h:864\/q:mauto\/f:best\/https:\/\/meiser-tv.de\/wp-content\/uploads\/2026\/08\/iceland.jpg",1536,864,true],"2048x2048":["https:\/\/mleexelnfod5.i.optimole.com\/cb:qHTD.d13\/w:auto\/h:auto\/q:mauto\/f:best\/https:\/\/meiser-tv.de\/wp-content\/uploads\/2026\/08\/iceland.jpg",1920,1080,false],"trp-custom-language-flag":["https:\/\/mleexelnfod5.i.optimole.com\/cb:qHTD.d13\/w:18\/h:10\/q:mauto\/f:best\/dpr:2\/https:\/\/meiser-tv.de\/wp-content\/uploads\/2026\/08\/iceland.jpg",18,10,true]},"uagb_author_info":{"display_name":"admin","author_link":"https:\/\/meiser-tv.de\/en\/author\/admin\/"},"uagb_comment_info":0,"uagb_excerpt":"Die Isl\u00e4nderinnen und Isl\u00e4nder haben in einem Referendum mehrheitlich gegen die Wiederaufnahme von EU\u2011Beitrittsverhandlungen gestimmt und damit einen m\u00f6glichen...","_links":{"self":[{"href":"https:\/\/meiser-tv.de\/en\/wp-json\/wp\/v2\/posts\/20154","targetHints":{"allow":["GET"]}}],"collection":[{"href":"https:\/\/meiser-tv.de\/en\/wp-json\/wp\/v2\/posts"}],"about":[{"href":"https:\/\/meiser-tv.de\/en\/wp-json\/wp\/v2\/types\/post"}],"author":[{"embeddable":true,"href":"https:\/\/meiser-tv.de\/en\/wp-json\/wp\/v2\/users\/1"}],"replies":[{"embeddable":true,"href":"https:\/\/meiser-tv.de\/en\/wp-json\/wp\/v2\/comments?post=20154"}],"version-history":[{"count":0,"href":"https:\/\/meiser-tv.de\/en\/wp-json\/wp\/v2\/posts\/20154\/revisions"}],"wp:featuredmedia":[{"embeddable":true,"href":"https:\/\/meiser-tv.de\/en\/wp-json\/wp\/v2\/media\/20155"}],"wp:attachment":[{"href":"https:\/\/meiser-tv.de\/en\/wp-json\/wp\/v2\/media?parent=20154"}],"wp:term":[{"taxonomy":"category","embeddable":true,"href":"https:\/\/meiser-tv.de\/en\/wp-json\/wp\/v2\/categories?post=20154"},{"taxonomy":"post_tag","embeddable":true,"href":"https:\/\/meiser-tv.de\/en\/wp-json\/wp\/v2\/tags?post=20154"}],"curies":[{"name":"wp","href":"https:\/\/api.w.org\/{rel}","templated":true}]}}