{"id":20156,"date":"2026-08-31T09:02:17","date_gmt":"2026-08-31T07:02:17","guid":{"rendered":"https:\/\/meiser-tv.de\/medienkritik\/usa-angriff-auf-iranische-larak-insel-eskaliert-konflikt-mit-teheran\/"},"modified":"2026-08-31T09:02:17","modified_gmt":"2026-08-31T07:02:17","slug":"usa-angriff-auf-iranische-larak-insel-eskaliert-konflikt-mit-teheran","status":"publish","type":"post","link":"https:\/\/meiser-tv.de\/en\/medienkritik\/usa-angriff-auf-iranische-larak-insel-eskaliert-konflikt-mit-teheran\/","title":{"rendered":"USA-Angriff auf iranische Larak-Insel eskaliert Konflikt mit Teheran"},"content":{"rendered":"<div>\n<p>US-Streitkr\u00e4fte haben am Sonntag zwei iranische Raketenwerfer auf der Insel Larak in der Stra\u00dfe von Hormus bombardiert und damit erstmals seit Ende Juli wieder Ziele im Iran angegriffen.<\/p>\n<p>Nach Angaben des zust\u00e4ndigen US-Milit\u00e4rkommandos CENTCOM sollten die Angriffe verhindern, dass die Revolutionsgarden mit Seeminen best\u00fcckte Raketen in die strategisch wichtige Meerenge abschie\u00dfen und so den Schiffsverkehr weiter bedrohen. Ein Sprecher best\u00e4tigte, dass die US-Streitkr\u00e4fte \u201ezwei iranische Raketen-Abschussstellungen\u201c auf Larak angegriffen h\u00e4tten.<\/p>\n<p>Iranische Staatsmedien und die Revolutionsgarde berichten von Toten unter K\u00e4mpfern und Zivilisten sowie zahlreichen Verletzten nach den Explosionen im Bereich der Insel. Bereits zuvor hatten iranische Medien \u00fcber laute Detonationen nahe Larak und sichtbare Sch\u00e4den an der Infrastruktur berichtet.<\/p>\n<p>Unmittelbar nach dem US-Angriff feuerte Iran nach eigenen Angaben ballistische Raketen auf zwei US-St\u00fctzpunkte in Jordanien (King Hussein und Al Azraq) und bezeichnete dies als Vergeltungsaktion. Die Attacken werden im Zusammenhang mit dem anhaltenden Konflikt um die Kontrolle der Stra\u00dfe von Hormus und dem iranischen Einsatz von Minen und Raketen in der Region gesehen.<\/p>\n<p>US-Regierungskreise sprechen von einem \u201ebegrenzten, pr\u00e4zisen\u201c Einsatz zur Selbstverteidigung und zur Sicherung der Seewege, w\u00e4hrend Teheran den Angriff als \u201eAggression\u201c wertet und weitere Schritte ank\u00fcndigt. Es handelt sich um die ersten \u00f6ffentlich best\u00e4tigten US-Luftschl\u00e4ge auf iranisches Territorium seit mehreren Wochen und eine deutliche Versch\u00e4rfung der Lage im ohnehin angespannten Iran-Konflikt.<\/p>\n<p><strong>+++<\/strong><\/p>\n<p>Bildquelle: <a target=\"_blank\" rel=\"noopener noreferrer\" href=\"https:\/\/www.shutterstock.com\/de\/g\/zelwanka?ref=apolut.net\">elvan<\/a> \/ shutterstock<\/p>\n<\/div>","protected":false},"excerpt":{"rendered":"<div>US-Streitkr\u00e4fte haben am Sonntag zwei iranische Raketenwerfer auf der Insel Larak in der Stra\u00dfe von Hormus bombardiert und damit erstmals seit Ende Juli wieder&#8230;<\/div>","protected":false},"author":1,"featured_media":20157,"comment_status":"closed","ping_status":"closed","sticky":false,"template":"","format":"standard","meta":{"_gspb_post_css":"","_uag_custom_page_level_css":"","fifu_image_url":"","fifu_image_alt":"","footnotes":""},"categories":[17],"tags":[],"class_list":["post-20156","post","type-post","status-publish","format-standard","has-post-thumbnail","hentry","category-medienkritik"],"blocksy_meta":{"styles_descriptor":{"styles":{"desktop":"","tablet":"","mobile":""},"google_fonts":[],"version":7}},"uagb_featured_image_src":{"full":["https:\/\/mleexelnfod5.i.optimole.com\/w:auto\/h:auto\/q:mauto\/f:best\/https:\/\/meiser-tv.de\/wp-content\/uploads\/2026\/08\/larak.jpg",1920,1080,false],"thumbnail":["https:\/\/mleexelnfod5.i.optimole.com\/w:150\/h:150\/q:mauto\/rt:fill\/g:ce\/f:best\/https:\/\/meiser-tv.de\/wp-content\/uploads\/2026\/08\/larak.jpg",150,150,true],"medium":["https:\/\/mleexelnfod5.i.optimole.com\/w:300\/h:169\/q:mauto\/f:best\/https:\/\/meiser-tv.de\/wp-content\/uploads\/2026\/08\/larak.jpg",300,169,true],"medium_large":["https:\/\/mleexelnfod5.i.optimole.com\/w:768\/h:432\/q:mauto\/f:best\/https:\/\/meiser-tv.de\/wp-content\/uploads\/2026\/08\/larak.jpg",768,432,true],"large":["https:\/\/mleexelnfod5.i.optimole.com\/w:1024\/h:576\/q:mauto\/f:best\/https:\/\/meiser-tv.de\/wp-content\/uploads\/2026\/08\/larak.jpg",1024,576,true],"1536x1536":["https:\/\/mleexelnfod5.i.optimole.com\/w:1536\/h:864\/q:mauto\/f:best\/https:\/\/meiser-tv.de\/wp-content\/uploads\/2026\/08\/larak.jpg",1536,864,true],"2048x2048":["https:\/\/mleexelnfod5.i.optimole.com\/w:auto\/h:auto\/q:mauto\/f:best\/https:\/\/meiser-tv.de\/wp-content\/uploads\/2026\/08\/larak.jpg",1920,1080,false],"trp-custom-language-flag":["https:\/\/mleexelnfod5.i.optimole.com\/w:18\/h:10\/q:mauto\/f:best\/dpr:2\/https:\/\/meiser-tv.de\/wp-content\/uploads\/2026\/08\/larak.jpg",18,10,true]},"uagb_author_info":{"display_name":"admin","author_link":"https:\/\/meiser-tv.de\/en\/author\/admin\/"},"uagb_comment_info":0,"uagb_excerpt":"US-Streitkr\u00e4fte haben am Sonntag zwei iranische Raketenwerfer auf der Insel Larak in der Stra\u00dfe von Hormus bombardiert und damit erstmals seit Ende Juli wieder...","_links":{"self":[{"href":"https:\/\/meiser-tv.de\/en\/wp-json\/wp\/v2\/posts\/20156","targetHints":{"allow":["GET"]}}],"collection":[{"href":"https:\/\/meiser-tv.de\/en\/wp-json\/wp\/v2\/posts"}],"about":[{"href":"https:\/\/meiser-tv.de\/en\/wp-json\/wp\/v2\/types\/post"}],"author":[{"embeddable":true,"href":"https:\/\/meiser-tv.de\/en\/wp-json\/wp\/v2\/users\/1"}],"replies":[{"embeddable":true,"href":"https:\/\/meiser-tv.de\/en\/wp-json\/wp\/v2\/comments?post=20156"}],"version-history":[{"count":0,"href":"https:\/\/meiser-tv.de\/en\/wp-json\/wp\/v2\/posts\/20156\/revisions"}],"wp:featuredmedia":[{"embeddable":true,"href":"https:\/\/meiser-tv.de\/en\/wp-json\/wp\/v2\/media\/20157"}],"wp:attachment":[{"href":"https:\/\/meiser-tv.de\/en\/wp-json\/wp\/v2\/media?parent=20156"}],"wp:term":[{"taxonomy":"category","embeddable":true,"href":"https:\/\/meiser-tv.de\/en\/wp-json\/wp\/v2\/categories?post=20156"},{"taxonomy":"post_tag","embeddable":true,"href":"https:\/\/meiser-tv.de\/en\/wp-json\/wp\/v2\/tags?post=20156"}],"curies":[{"name":"wp","href":"https:\/\/api.w.org\/{rel}","templated":true}]}}