{"id":20164,"date":"2026-08-31T09:03:11","date_gmt":"2026-08-31T07:03:11","guid":{"rendered":"https:\/\/meiser-tv.de\/politik\/gruppenstreit-in-niedersachsen-mehrere-schwerverletzte-mit-schuss-und-stichverletzungen\/"},"modified":"2026-08-31T09:03:11","modified_gmt":"2026-08-31T07:03:11","slug":"gruppenstreit-in-niedersachsen-mehrere-schwerverletzte-mit-schuss-und-stichverletzungen","status":"publish","type":"post","link":"https:\/\/meiser-tv.de\/en\/politik\/gruppenstreit-in-niedersachsen-mehrere-schwerverletzte-mit-schuss-und-stichverletzungen\/","title":{"rendered":"Gruppenstreit in Niedersachsen: Mehrere Schwerverletzte mit Schuss- und Stichverletzungen"},"content":{"rendered":"<div>\n<p>In der nieders\u00e4chsischen Kleinstadt Hessisch Oldendorf sind bei einer eskalierenden Auseinandersetzung am sp\u00e4ten Sonntagnachmittag laut vorl\u00e4ufigem Ermittlungsstand mindestens sieben Menschen zum Teil schwer verletzt worden. Die Polizei geht davon aus, dass die Beteiligten zweier Gruppen sich kannten. Die mutma\u00dflichen T\u00e4ter ergriffen noch vor Eintreffen der Einsatzkr\u00e4fte die Flucht.<\/p>\n<p>Um 17.30 Uhr wurde die Polizei in Hameln, im Ortsteil Weibeck der Kleinstadt Hessisch Oldendorf, durch mehrere Anrufe von Anwohnern alarmiert, da laut Augenzeugen &#8222;zwei Gruppen aufeinander losgingen&#8220;. Dabei\u00a0seien mehrere Personen auch mit einem Auto angefahren und verletzt worden, teilte die Polizei\u00a0<a href=\"https:\/\/www.ndr.de\/nachrichten\/niedersachsen\/hannover_weser-leinegebiet\/hessisch-oldendorf-mehrere-menschen-nach-gewalttat-schwer-verletzt,hessischoldendorf-100.html\" target=\"_blank\" rel=\"noopener noreferrer\">gegen\u00fcber<\/a>\u00a0dem\u00a0<em>NDR<\/em>\u00a0mit. Beim Eintreffen der Einsatzkr\u00e4fte hatten die T\u00e4ter den Angaben zufolge bereits die Flucht ergriffen. Die zum Teil schwer verletzten Streitbeteiligten wurden in umliegende Krankenh\u00e4user transportiert.<\/p>\n<p>Laut\u00a0<em>Bild<\/em>&#8211;<a href=\"https:\/\/www.bild.de\/regional\/niedersachsen\/sieben-verletzte-in-niedersachsen-zwei-gruppen-gehen-aufeinander-los-6a948864518a586e1855d8d8\" target=\"_blank\" rel=\"noopener noreferrer\">Informationen<\/a>\u00a0wiesen die Verletzten &#8222;zum Teil Stich- und Schussverletzungen&#8220; auf. Ausgehend von der notwendigen Einlieferung in ortsnahe Krankenh\u00e4user w\u00e4ren\u00a0am Abend &#8222;einige Angeh\u00f6rige eingetroffen, sodass die Polizei auch dort zurzeit mit zahlreichen Kr\u00e4ften vorsorglich vor Ort&#8220; war. Eine Polizeisprecherin betonte gegen\u00fcber\u00a0<em>Bild<\/em>-Mitarbeitern, dass es &#8222;aber nicht zu strafbaren Handlungen gekommen ist&#8220;. Die Pressemitteilung lautete:<\/p>\n<p><em>&#8222;Bei einem Gewaltdelikt in der Rittergutstra\u00dfe in Hessisch Oldendorf sind am Sonntagnachmittag (30.08.2026) nach einer Auseinandersetzung mindestens sieben Personen zum Teil schwer verletzt worden.&#8220;<\/em><\/p>\n<p>Am Abend ging die Polizei laut lokalen Medien &#8222;aktuell nicht von einer Gefahr f\u00fcr die Allgemeinheit&#8220; aus. Die Polizei kontrollierte am Einsatzort vereinzelt Autos, die durch den Ort fuhren, wobei es nicht zu Festnahmen kam.<\/p>\n<p>Mit Beginn des Ereignisses lief laut Medienberichten der Gro\u00dfeinsatz bis in die Nacht weiter, wobei der Tatort abgesperrt wurde. Im Nahbereich wurden dann in einem Nachbarort\u00a0laut Polizei\u00a0&#8222;zwei Personen festgenommen, die sich jetzt im Gewahrsam befinden&#8220;.\u00a0\u00a0<\/p>\n<p><strong>Mehr zum Thema &#8211;<\/strong>\u00a0<a href=\"https:\/\/freedert.online\/inland\/288213-berlin-todesopfer-nach-schuessen-polizei\/\" target=\"_blank\" rel=\"noopener noreferrer\">Berlin: Todesopfer nach Sch\u00fcssen \u2012 Polizei k\u00e4mpft gegen &#8222;Clan-Auseinandersetzungen&#8220; <\/a><\/p>\n<div class=\"EmbedBlock-root EmbedBlock-externalVideo EmbedBlock-rumble\">\n<div class=\"VkEmbed\"><iframe class=\"lazyload\" data-src=\"https:\/\/rumble.com\/embed\/v7cnyvs\" frameborder=\"0\" width=\"853\" height=\"480\" allowfullscreen><\/iframe><\/div>\n<\/p><\/div>\n<\/p>\n<\/div>","protected":false},"excerpt":{"rendered":"<p>In der nieders\u00e4chsischen Kleinstadt Hessisch Oldendorf sind bei einer eskalierenden Auseinandersetzung am sp\u00e4ten Sonntagnachmittag laut vorl\u00e4ufigem Ermittlungsstand mindestens sieben Menschen zum Teil schwer verletzt worden. Die Polizei geht davon aus, dass die Beteiligten zweier Gruppen sich kannten. Die mutma\u00dflichen T\u00e4ter ergriffen noch vor Eintreffen der Einsatzkr\u00e4fte die Flucht. Um 17.30 Uhr wurde die Polizei in [&hellip;]<\/p>\n","protected":false},"author":1,"featured_media":4846,"comment_status":"closed","ping_status":"closed","sticky":false,"template":"","format":"standard","meta":{"_gspb_post_css":"","_uag_custom_page_level_css":"","fifu_image_url":"","fifu_image_alt":"","footnotes":""},"categories":[5],"tags":[],"class_list":["post-20164","post","type-post","status-publish","format-standard","has-post-thumbnail","hentry","category-politik"],"blocksy_meta":{"styles_descriptor":{"styles":{"desktop":"","tablet":"","mobile":""},"google_fonts":[],"version":7}},"uagb_featured_image_src":{"full":["https:\/\/mleexelnfod5.i.optimole.com\/w:auto\/h:auto\/q:mauto\/f:best\/https:\/\/i2.wp.com\/meiser-tv.de\/wp-content\/uploads\/2026\/05\/RSS-Hintergrund.jpg?w=1920&fit=1920,1080&ssl=1",1920,1080,true],"thumbnail":["https:\/\/mleexelnfod5.i.optimole.com\/w:auto\/h:auto\/q:mauto\/f:best\/https:\/\/i2.wp.com\/meiser-tv.de\/wp-content\/uploads\/2026\/05\/RSS-Hintergrund.jpg?w=150&resize=150,150&ssl=1",150,150,true],"medium":["https:\/\/mleexelnfod5.i.optimole.com\/w:auto\/h:auto\/q:mauto\/f:best\/https:\/\/i2.wp.com\/meiser-tv.de\/wp-content\/uploads\/2026\/05\/RSS-Hintergrund.jpg?w=300&fit=300,300&ssl=1",300,300,true],"medium_large":["https:\/\/mleexelnfod5.i.optimole.com\/w:auto\/h:auto\/q:mauto\/f:best\/https:\/\/i2.wp.com\/meiser-tv.de\/wp-content\/uploads\/2026\/05\/RSS-Hintergrund.jpg?w=768&resize=768,0&ssl=1",768,0,true],"large":["https:\/\/mleexelnfod5.i.optimole.com\/w:auto\/h:auto\/q:mauto\/f:best\/https:\/\/i2.wp.com\/meiser-tv.de\/wp-content\/uploads\/2026\/05\/RSS-Hintergrund.jpg?w=1024&fit=1024,1024&ssl=1",1024,1024,true],"1536x1536":["https:\/\/mleexelnfod5.i.optimole.com\/w:auto\/h:auto\/q:mauto\/f:best\/https:\/\/i2.wp.com\/meiser-tv.de\/wp-content\/uploads\/2026\/05\/RSS-Hintergrund.jpg?w=1536&fit=1536,1536&ssl=1",1536,1536,true],"2048x2048":["https:\/\/mleexelnfod5.i.optimole.com\/w:auto\/h:auto\/q:mauto\/f:best\/https:\/\/i2.wp.com\/meiser-tv.de\/wp-content\/uploads\/2026\/05\/RSS-Hintergrund.jpg?w=2048&fit=2048,2048&ssl=1",2048,2048,true],"trp-custom-language-flag":["https:\/\/mleexelnfod5.i.optimole.com\/w:auto\/h:auto\/q:mauto\/f:best\/https:\/\/i2.wp.com\/meiser-tv.de\/wp-content\/uploads\/2026\/05\/RSS-Hintergrund.jpg?w=18&fit=18,12&ssl=1",18,12,true]},"uagb_author_info":{"display_name":"admin","author_link":"https:\/\/meiser-tv.de\/en\/author\/admin\/"},"uagb_comment_info":0,"uagb_excerpt":"In der nieders\u00e4chsischen Kleinstadt Hessisch Oldendorf sind bei einer eskalierenden Auseinandersetzung am sp\u00e4ten Sonntagnachmittag laut vorl\u00e4ufigem Ermittlungsstand mindestens sieben Menschen zum Teil schwer verletzt worden. Die Polizei geht davon aus, dass die Beteiligten zweier Gruppen sich kannten. Die mutma\u00dflichen T\u00e4ter ergriffen noch vor Eintreffen der Einsatzkr\u00e4fte die Flucht. Um 17.30 Uhr wurde die Polizei in&hellip;","_links":{"self":[{"href":"https:\/\/meiser-tv.de\/en\/wp-json\/wp\/v2\/posts\/20164","targetHints":{"allow":["GET"]}}],"collection":[{"href":"https:\/\/meiser-tv.de\/en\/wp-json\/wp\/v2\/posts"}],"about":[{"href":"https:\/\/meiser-tv.de\/en\/wp-json\/wp\/v2\/types\/post"}],"author":[{"embeddable":true,"href":"https:\/\/meiser-tv.de\/en\/wp-json\/wp\/v2\/users\/1"}],"replies":[{"embeddable":true,"href":"https:\/\/meiser-tv.de\/en\/wp-json\/wp\/v2\/comments?post=20164"}],"version-history":[{"count":0,"href":"https:\/\/meiser-tv.de\/en\/wp-json\/wp\/v2\/posts\/20164\/revisions"}],"wp:featuredmedia":[{"embeddable":true,"href":"https:\/\/meiser-tv.de\/en\/wp-json\/wp\/v2\/media\/4846"}],"wp:attachment":[{"href":"https:\/\/meiser-tv.de\/en\/wp-json\/wp\/v2\/media?parent=20164"}],"wp:term":[{"taxonomy":"category","embeddable":true,"href":"https:\/\/meiser-tv.de\/en\/wp-json\/wp\/v2\/categories?post=20164"},{"taxonomy":"post_tag","embeddable":true,"href":"https:\/\/meiser-tv.de\/en\/wp-json\/wp\/v2\/tags?post=20164"}],"curies":[{"name":"wp","href":"https:\/\/api.w.org\/{rel}","templated":true}]}}