{"id":20179,"date":"2026-08-31T11:02:11","date_gmt":"2026-08-31T09:02:11","guid":{"rendered":"https:\/\/meiser-tv.de\/medienkritik\/persona-non-grata-cdu-in-sachsen-anhalt-streicht-merz-programm-radikal-zusammen-auftritte-unter-ausschluss-der-oeffentlichkeit\/"},"modified":"2026-08-31T11:02:11","modified_gmt":"2026-08-31T09:02:11","slug":"persona-non-grata-cdu-in-sachsen-anhalt-streicht-merz-programm-radikal-zusammen-auftritte-unter-ausschluss-der-oeffentlichkeit","status":"publish","type":"post","link":"https:\/\/meiser-tv.de\/en\/medienkritik\/persona-non-grata-cdu-in-sachsen-anhalt-streicht-merz-programm-radikal-zusammen-auftritte-unter-ausschluss-der-oeffentlichkeit\/","title":{"rendered":"Persona non grata: CDU in Sachsen-Anhalt streicht Merz-Programm radikal zusammen \u2013 Auftritte unter Ausschluss der \u00d6ffentlichkeit\u00a0"},"content":{"rendered":"<div>\n<p class=\"wp-block-paragraph\">Die geplanten Wahlkampfauftritte von Bundeskanzler Friedrich Merz (CDU) im Landtagswahlkampf von Sachsen-Anhalt wurden kurzfristig drastisch zusammengestrichen und in deutlich kleinerem Rahmen organisiert. Anstelle gro\u00dfer, \u00f6ffentlichkeitswirksamer Veranstaltungen tritt Merz nun praktisch unter Ausschluss der \u00d6ffentlichkeit auf \u2013 angeblich aus Sicherheits- und Kostengr\u00fcnden.<\/p>\n<p class=\"wp-block-paragraph\">N\u00e4her liegen d\u00fcrften andere Motive. Die Landes-CDU, so hei\u00dft es in Magdeburg, habe ein Desaster bef\u00fcrchtet dergestalt, dass die Auftritte von Merz in einem Konzert aus gellenden Pfiffen, Buhrufen und \u201eMerz-muss-weg!\u201c skandierenden Sprechch\u00f6ren untergehen w\u00fcrden.<\/p>\n<p class=\"wp-block-paragraph\">Urspr\u00fcnglich sollte Merz am Montag (31.August) in Ilsenburg in der Harzlandhalle vor bis zu 2.000 Besuchern sprechen. Stattdessen sollte es jetzt lediglich ein kurzes Eintragen ins Goldene Buch in Quedlinburg und eine vertrauliche Gespr\u00e4chsrunde mit rund 30 ausgew\u00e4hlten CDU-Mitgliedern geben.<\/p>\n<p class=\"wp-block-paragraph\">Blo\u00df keine Bilder mit dem!<\/p>\n<p class=\"wp-block-paragraph\">Eine am Geiseltalsee 15 Kilometer s\u00fcdwestlich von Halle angek\u00fcndigte gro\u00dfe Wahlkampfabschlussveranstaltung wurde komplett gestrichen. Stattdessen besucht Merz den Papierhersteller UPM im Chemiepark Leuna, gefolgt von einem nicht-\u00f6ffentlichen Treffen mit Kommunalpolitikern.<\/p>\n<p class=\"wp-block-paragraph\">Die offiziell in der Landes-CDU genannten Gr\u00fcnde f\u00fcr das abgespeckte Programm sind geradezu lachhaft: hohe Sicherheitskosten und Mieten! Allein f\u00fcr die Miete und Absicherung der gro\u00dfen Halle in Ilsenburg w\u00e4ren laut Medienberichten weit mehr als 30.000 Euro f\u00e4llig gewesen \u2013 Geld, das die Landes-CDU lieber f\u00fcr den direkten Haust\u00fcrwahlkampf ausgeben wolle.<\/p>\n<p class=\"wp-block-paragraph\">Inoffiziell werden ganz andere Gr\u00fcnde genannt: Die CDU-Wahlkampfstrategen bef\u00fcrchten, die Halle zum einen mit Merz nicht f\u00fcllen zu k\u00f6nnen, zum anderen wenig hilfreiche Szenen von lautstarken Protesten. Noch-Ministerpr\u00e4sident Sven Schulze wolle gemeinsame Bilder mit Merz m\u00f6glichst vermeiden.<\/p>\n<p class=\"wp-block-paragraph\">\n<p><strong>Beitrag:<\/strong> <a target=\"_blank\" rel=\"noopener noreferrer\" href=\"https:\/\/deutschlandkurier.de\/2026\/08\/persona-non-grata-cdu-in-sachsen-anhalt-streicht-merz-programm-radikal-zusammen-auftritte-unter-ausschluss-der-oeffentlichkeit\/\">Persona non grata: CDU in Sachsen-Anhalt streicht Merz-Programm radikal zusammen \u2013 Auftritte unter Ausschluss der \u00d6ffentlichkeit\u00a0<\/a> <br><strong>Quelle:<\/strong> Deutschland-Kurier.<\/p>\n<\/div>","protected":false},"excerpt":{"rendered":"<div>\n<p>Die geplanten Wahlkampfauftritte von Bundeskanzler Friedrich Merz (CDU) im Landtagswahlkampf von Sachsen-Anhalt wurden kurzfristig drastisch zusammengestrichen und in deutlich kleinerem Rahmen organisiert. Anstelle gro\u00dfer, \u00f6ffentlichkeitswirksamer Veranstaltungen tritt Merz nun praktisch unter Ausschluss der \u00d6ffentlichkeit auf \u2013 angeblich aus Sicherheits- und Kostengr\u00fcnden. N\u00e4her liegen d\u00fcrften andere Motive. Die Landes-CDU, so hei\u00dft es in Magdeburg, habe ein [\u2026]<\/p>\n<p>The post <a href=\"https:\/\/deutschlandkurier.de\/2026\/08\/persona-non-grata-cdu-in-sachsen-anhalt-streicht-merz-programm-radikal-zusammen-auftritte-unter-ausschluss-der-oeffentlichkeit\/\">Persona non grata: CDU in Sachsen-Anhalt streicht Merz-Programm radikal zusammen \u2013 Auftritte unter Ausschluss der \u00d6ffentlichkeit\u00a0<\/a> appeared first on <a href=\"https:\/\/deutschlandkurier.de\/\">Deutschland-Kurier<\/a>.<\/p>\n<\/div>\n","protected":false},"author":1,"featured_media":4846,"comment_status":"closed","ping_status":"closed","sticky":false,"template":"","format":"standard","meta":{"_gspb_post_css":"","_uag_custom_page_level_css":"","fifu_image_url":"","fifu_image_alt":"","footnotes":""},"categories":[17],"tags":[],"class_list":["post-20179","post","type-post","status-publish","format-standard","has-post-thumbnail","hentry","category-medienkritik"],"blocksy_meta":{"styles_descriptor":{"styles":{"desktop":"","tablet":"","mobile":""},"google_fonts":[],"version":7}},"uagb_featured_image_src":{"full":["https:\/\/mleexelnfod5.i.optimole.com\/w:auto\/h:auto\/q:mauto\/f:best\/https:\/\/i2.wp.com\/meiser-tv.de\/wp-content\/uploads\/2026\/05\/RSS-Hintergrund.jpg?w=1920&fit=1920,1080&ssl=1",1920,1080,true],"thumbnail":["https:\/\/mleexelnfod5.i.optimole.com\/w:auto\/h:auto\/q:mauto\/f:best\/https:\/\/i2.wp.com\/meiser-tv.de\/wp-content\/uploads\/2026\/05\/RSS-Hintergrund.jpg?w=150&resize=150,150&ssl=1",150,150,true],"medium":["https:\/\/mleexelnfod5.i.optimole.com\/w:auto\/h:auto\/q:mauto\/f:best\/https:\/\/i2.wp.com\/meiser-tv.de\/wp-content\/uploads\/2026\/05\/RSS-Hintergrund.jpg?w=300&fit=300,300&ssl=1",300,300,true],"medium_large":["https:\/\/mleexelnfod5.i.optimole.com\/w:auto\/h:auto\/q:mauto\/f:best\/https:\/\/i2.wp.com\/meiser-tv.de\/wp-content\/uploads\/2026\/05\/RSS-Hintergrund.jpg?w=768&resize=768,0&ssl=1",768,0,true],"large":["https:\/\/mleexelnfod5.i.optimole.com\/w:auto\/h:auto\/q:mauto\/f:best\/https:\/\/i2.wp.com\/meiser-tv.de\/wp-content\/uploads\/2026\/05\/RSS-Hintergrund.jpg?w=1024&fit=1024,1024&ssl=1",1024,1024,true],"1536x1536":["https:\/\/mleexelnfod5.i.optimole.com\/w:auto\/h:auto\/q:mauto\/f:best\/https:\/\/i2.wp.com\/meiser-tv.de\/wp-content\/uploads\/2026\/05\/RSS-Hintergrund.jpg?w=1536&fit=1536,1536&ssl=1",1536,1536,true],"2048x2048":["https:\/\/mleexelnfod5.i.optimole.com\/w:auto\/h:auto\/q:mauto\/f:best\/https:\/\/i2.wp.com\/meiser-tv.de\/wp-content\/uploads\/2026\/05\/RSS-Hintergrund.jpg?w=2048&fit=2048,2048&ssl=1",2048,2048,true],"trp-custom-language-flag":["https:\/\/mleexelnfod5.i.optimole.com\/w:auto\/h:auto\/q:mauto\/f:best\/https:\/\/i2.wp.com\/meiser-tv.de\/wp-content\/uploads\/2026\/05\/RSS-Hintergrund.jpg?w=18&fit=18,12&ssl=1",18,12,true]},"uagb_author_info":{"display_name":"admin","author_link":"https:\/\/meiser-tv.de\/en\/author\/admin\/"},"uagb_comment_info":0,"uagb_excerpt":"Die geplanten Wahlkampfauftritte von Bundeskanzler Friedrich Merz (CDU) im Landtagswahlkampf von Sachsen-Anhalt wurden kurzfristig drastisch zusammengestrichen und in deutlich kleinerem Rahmen organisiert. Anstelle gro\u00dfer, \u00f6ffentlichkeitswirksamer Veranstaltungen tritt Merz nun praktisch unter Ausschluss der \u00d6ffentlichkeit auf \u2013 angeblich aus Sicherheits- und Kostengr\u00fcnden. N\u00e4her liegen d\u00fcrften andere Motive. Die Landes-CDU, so hei\u00dft es in Magdeburg, habe ein&hellip;","_links":{"self":[{"href":"https:\/\/meiser-tv.de\/en\/wp-json\/wp\/v2\/posts\/20179","targetHints":{"allow":["GET"]}}],"collection":[{"href":"https:\/\/meiser-tv.de\/en\/wp-json\/wp\/v2\/posts"}],"about":[{"href":"https:\/\/meiser-tv.de\/en\/wp-json\/wp\/v2\/types\/post"}],"author":[{"embeddable":true,"href":"https:\/\/meiser-tv.de\/en\/wp-json\/wp\/v2\/users\/1"}],"replies":[{"embeddable":true,"href":"https:\/\/meiser-tv.de\/en\/wp-json\/wp\/v2\/comments?post=20179"}],"version-history":[{"count":0,"href":"https:\/\/meiser-tv.de\/en\/wp-json\/wp\/v2\/posts\/20179\/revisions"}],"wp:featuredmedia":[{"embeddable":true,"href":"https:\/\/meiser-tv.de\/en\/wp-json\/wp\/v2\/media\/4846"}],"wp:attachment":[{"href":"https:\/\/meiser-tv.de\/en\/wp-json\/wp\/v2\/media?parent=20179"}],"wp:term":[{"taxonomy":"category","embeddable":true,"href":"https:\/\/meiser-tv.de\/en\/wp-json\/wp\/v2\/categories?post=20179"},{"taxonomy":"post_tag","embeddable":true,"href":"https:\/\/meiser-tv.de\/en\/wp-json\/wp\/v2\/tags?post=20179"}],"curies":[{"name":"wp","href":"https:\/\/api.w.org\/{rel}","templated":true}]}}