{"id":20182,"date":"2026-08-31T11:02:19","date_gmt":"2026-08-31T09:02:19","guid":{"rendered":"https:\/\/meiser-tv.de\/medienkritik\/kraemer-vs-meck-der-gewalt-eklat-von-paul-clemente\/"},"modified":"2026-08-31T11:02:19","modified_gmt":"2026-08-31T09:02:19","slug":"kraemer-vs-meck-der-gewalt-eklat-von-paul-clemente","status":"publish","type":"post","link":"https:\/\/meiser-tv.de\/en\/medienkritik\/kraemer-vs-meck-der-gewalt-eklat-von-paul-clemente\/","title":{"rendered":"Kraemer vs. Meck: Der Gewalt-Eklat | Von Paul Clemente"},"content":{"rendered":"<div><!--kg-card-begin: html--><br \/>\n<iframe title=\"Kraemer vs. Meck: Der Gewalt-Eklat | Von Paul Clemente Julia Meck\" width=\"560\" height=\"418\" src=\"https:\/\/tube4.apolut.net\/videos\/embed\/nqxgYGNGy8J58gQcXYSUqe\" allow=\"fullscreen\" sandbox=\"allow-same-origin allow-scripts allow-popups allow-forms\" style=\"border-radius: 8px\"><\/iframe><br \/>\n<!--kg-card-end: html--><\/p>\n<div class=\"kg-card kg-audio-card\"><audio src=\"https:\/\/apolut.net\/content\/media\/2026\/08\/apolut_20260831_TD_Montag.mp3\" preload=\"metadata\" controls><\/audio><\/div>\n<p><strong>JP Kraemer &amp; Julia Meck: Wessen Schl\u00e4ge sind h\u00e4rter?<\/strong><\/p>\n<p><em>Ein Kommentar von<strong>\u00a0Paul Clemente.<\/strong><\/em><\/p>\n<p>Das Problem ist steinalt: Lassen sich beim K\u00fcnstler Person und Werk trennen? Vor allem, wenn er ein Scheusal war. Prinzipielle Antworten oder Richtlinien? Gibt es keine. In anderen Bereichen f\u00e4llt die Antwort leichter. Beispiel: Thomas Alva Edison. Der erfand marktreife Gl\u00fchbirnen und das Grammophon. Leider auch den elektrischen Stuhl. W\u00fcrde man deshalb auf k\u00fcnstliches Licht oder Schallplatten verzichten? Nein. In der Kunst l\u00e4uft das anders: Hier scheint die \u201eSeele\u201c des Schaffenden ins Werk zu flie\u00dfen. Und wenn die schmutzig war, bleiben auch die Kreationen nicht unber\u00fchrt.<\/p>\n<p>Nat\u00fcrlich befinden sich die Gr\u00fcnde f\u00fcr eine Skandalisierung in st\u00e4ndigem Wandel. Dass Klaus Kinski seine Ehefrau Minho\u00ef brutal pr\u00fcgelte, war in den 1970ern bereits bekannt. Aber wen hat es gek\u00fcmmert? Niemanden. 50 Jahre sp\u00e4ter, im Fr\u00fchjahr 2026, klagte die Schauspielerin Collien Fernandes Klage gegen ihren Ex-Mann Christian Ulmen wegen physischer Gewalt. Dem folgte ein medialer Orkan. Jetzt, wenige Monate sp\u00e4ter, beschuldigt Schauspielerin Julia Meck ihren Ex-Partner, den Auto-Performancer Jean Pierre Kraemer, aus gleichem Grund.\u00a0<\/p>\n<p>F\u00fcr die Fans ein doppelter Schock. Schlie\u00dflich gelang dem PS-Profi, was nicht nur Wirtschaftsliberale gerne h\u00f6ren: Dass sich jemand an den eigenen Haaren aus dem Klo gezogen hat. Schlie\u00dflich leidet Kraemer an einer psychischen Erkrankung. Aber der Reihe nach.<\/p>\n<p>Als Sohn eines Bahamaers und einer Deutschen, 1980 in Plettenberg geboren, entwickelte Kraemer eine fr\u00fche Leidenschaft f\u00fcr Stra\u00dfenflitzer. Nach dem Abi startete er eine Ausbildung als Automobilkaufmann bei Porsche. Bald verkn\u00fcpfte er seine Leidenschaft mit Performance, Show und Comedy. Der Verk\u00e4ufer mutierte zum Kfz-Tuner, wurde selbst zur Marke.<\/p>\n<p>Besonders erfolgreich lief <em>\u201eDie PS-Profis \u2013 Mehr Power aus dem Pott\u201c.<\/em> In dieser Serie \u00e4u\u00dfern Kunden ihren Autowunsch. Dazu m\u00fcssen Kraemer und Kollege Sidney Hoffmann eine Second hand-Version auftreiben. Klar, als Gebrauchtwagen bleiben selbst Luxuskarossen bezahlbar. Dann der Paukenschlag. Der fr\u00f6hliche PS- und Gute Laune-Kasper bekannte die eigenen Zugeh\u00f6rigkeit zu einer Gruppe, die kaum mediale Vertretung genie\u00dft: Die psychisch Kranken. Kraemer leidet unter dem Asperger-Syndrom, eine Variante im Autismus-Spektrum. Die gelangte durch die Klima-Aktivistin Greta Thunberg ins \u00f6ffentliche Halbwissen.\u00a0<\/p>\n<p>Laut Fachleuten verf\u00fcgen Betroffene \u00fcber ein g\u00e4nzlich differentes Weltempfinden plus Beschleunigung der Denkprozesse. In seiner 2020 publizierten Autobiographie<em> \u201eAngstgetrieben\u201c<\/em> schildert Kraemer den Dauerbeschuss an Zwangsgedanken, die ihn am Entspannen hindern. Nat\u00fcrlich fehlen auch depressive Phasen nicht.<\/p>\n<p>Seine Beliebtheit beruht auf dem Selfmade-Image. Dessen Botschaft: Auch als schwer Belasteter kannst Du dich marktkonform optimieren. Im Untertext eines Youtube-Videos hei\u00dft es: <em>\u201eJean Pierre Kraemer \/ JP Performance GmbH &#8211; zwei Begriffe die f\u00fcr Spa\u00df, Leistung, Power, freche Spr\u00fcche, schnelle Autos, Turbotechnik, Turboumbauten, Ladedruck und noch vieles mehr stehen.\u201c<\/em> In seinen Video verspricht er <em>\u201edir einen Einblick ins t\u00e4gliche Leben hier in der Firma ,Leistungssteigerungen, technische Details &amp; Erkl\u00e4rungen, Soundfiles, Messwerte, Vergleiche, Neuvorstellungen &amp; Pr\u00e4sentationen und und und.\u201c<\/em><\/p>\n<p>Bald integrierte Kraemer weitere Themen wie Fitness und Lifestyle. Sein Video mit dem Titel <em>\u201eIch lerne gut zu leben\u201c<\/em>, wo er die Bedeutung von Ern\u00e4hrung und Sport postuliert, schaffte locker 2,7 Millionen Klicks. Aber diese Rundum-H\u00f6flichkeit ist nur eine Seite. Die andere hatte Julia Meck jetzt an die \u00d6ffentlichkeit gebracht. Meck hatte den TV-Star als 16-j\u00e4hrige kennengelernt. Die wird bei Kraemer eine Karriere absolvieren: Von seiner Angestellten, zur Ehefrau und schlie\u00dflich zum Opfer seiner <em>\u201eGewalt-Exzesse\u201c<\/em>. Meck im Gespr\u00e4ch mit Medien wie der Bild-Zeitung <em>\u201eaus dem Innenleben einer Promi-Ehe, in der Gewalt und Psychoterror bald an Tagesordnung waren\u201c<\/em>: Sie habe Todesangst durchlitten.<\/p>\n<p>Kraemers Reaktion? Sofortige Flucht nach vorne. Gleich am fr\u00fchen Samstag meldete er sich auf Instagram und Youtube zu Wort: Er gestand die Vorw\u00fcrfe seiner Ex, beschrieb die Gewalttaten im Detail, wie er seiner Ehefrau eine Kette vom Hals gerissen und sie mit der <em>\u201eflachen Hand\u201c<\/em> geschlagen habe. W\u00e4hrend er berichtet, best\u00e4tigt ein \u00dcberwachungsvideo von 2024 seine Aussage: Die Misshandlung ist genau erkennbar. Also ein klares Schuldbekenntnis? Nicht ganz. Denn gleich darauf folgt ein Satz, der selbst den Film relativiert: Ja, er habe sie geschlagen. Das sei schlimm. Aber: die Schl\u00e4ge, die Julia Meck ihm zugef\u00fcgt habe: Die seien noch viel viel h\u00e4rter gewesen. Inzwischen hat der Kfz-Tuner eine Gegenanzeige geschaltet. Damit beschuldigen sich beide Parteien der physischen Gewaltaus\u00fcbung\u2026 F\u00fcr feministische Kommentatorinnen ist die Sache klar: Hier findet eine T\u00e4ter-Opfer-Umkehr statt. Kraemer schiebe die Schuld f\u00fcr seine Gewaltausbr\u00fcche auf das Verhalten seiner Frau. Ein typisches Muster, um Partnerschaftsgewalt zu relativieren.<\/p>\n<p>Und wie steht es um Kraemers berufliche Zukunft? Plant der Auto-Tuner eine Aus-Zeit mit anschlie\u00dfendem Comeback? Nein, die Entscheidung \u00fcber eine potenzielle R\u00fcckkehr ins TV \u00fcberlasse er seinen Fans. &#8211; Auch dieses Statement sorgte f\u00fcr Kritik: Als typisches Verhalten von Personen, der keine Verantwortung f\u00fcr ihre Taten \u00fcbernehmen wollen. Stattdessen gebe er sie ab. Ein Vorwurf, der im Fr\u00fchsommer bereits Wim Wenders traf. Der wollte Nastassja Kinskis Wunsch nach Entfernung einer Halbnackt-Szene aus dem Spielfilm <em>\u201eFalsche Bewegung\u201c<\/em> zu einer Debatte \u00fcber den Umgang mit filmischen Erbe ausweiten. Was ihm nicht gelang.<\/p>\n<p>Was aber, wenn Kraemers Vorwurf trotzdem stimmen sollte? Was, wenn Julia Meck ihn ebenfalls misshandelt h\u00e4tte? Nun, das w\u00fcrde dennoch keine Gegengewalt rechtfertigen. Wieso rief er keine Polizei oder lie\u00df sich scheiden? Au\u00dferdem: Wenn die Schauspielerin ihn misshandeln konnte, m\u00fcsste ihre K\u00f6rperkraft die seinige \u00fcbertreffen oder zumindest gleichkommen. Aber wieso zeigt das Video kaum Gegenwehr, sondern nur ihr Fluchtverhalten? Kurzum, da ist noch Kl\u00e4rungsbedarf.<\/p>\n<p>F\u00fcr die Online-Parallel-Justiz freilich nicht: Kraemer erhielt bereits so viele Droh-Mails, dass er sein Dortmunder Automuseum samt angeschlossenen Restaurant f\u00fcr ein oder zwei Tage dichtmachte.<\/p>\n<p><strong>+++<\/strong><\/p>\n<p>Dank an den Autor\u00a0f\u00fcr das Recht zur Ver\u00f6ffentlichung des Beitrags.<\/p>\n<p><strong>+++<\/strong><\/p>\n<p>Bild: W\u00fctend Mann Kampf Frau Beziehung Probleme Familie Streit h\u00e4usliche Gewalt Opfer Angst soziale Fragen Aggression betrunken Ehemann gewaltsam schlagen<\/p>\n<p>Bildquelle:\u00a0<u>MAYA LAB<\/u> \/ Shutterstock\u00a0<\/p>\n<\/div>","protected":false},"excerpt":{"rendered":"<div>Das Problem ist steinalt: Lassen sich beim K\u00fcnstler Person und Werk trennen? Vor allem, wenn er ein Scheusal war. Prinzipielle Antworten oder Richtlinien? Gibt es keine. In anderen Bereichen f\u00e4llt die Antwort leichter. Beispiel: Thomas Alva Edison.<\/div>","protected":false},"author":1,"featured_media":20183,"comment_status":"closed","ping_status":"closed","sticky":false,"template":"","format":"standard","meta":{"_gspb_post_css":"","_uag_custom_page_level_css":"","fifu_image_url":"","fifu_image_alt":"","footnotes":""},"categories":[17],"tags":[],"class_list":["post-20182","post","type-post","status-publish","format-standard","has-post-thumbnail","hentry","category-medienkritik"],"blocksy_meta":{"styles_descriptor":{"styles":{"desktop":"","tablet":"","mobile":""},"google_fonts":[],"version":7}},"uagb_featured_image_src":{"full":["https:\/\/mleexelnfod5.i.optimole.com\/w:auto\/h:auto\/q:mauto\/f:best\/https:\/\/meiser-tv.de\/wp-content\/uploads\/2026\/08\/GHOST_TD-4.jpg",1920,1080,false],"thumbnail":["https:\/\/mleexelnfod5.i.optimole.com\/w:150\/h:150\/q:mauto\/rt:fill\/g:ce\/f:best\/https:\/\/meiser-tv.de\/wp-content\/uploads\/2026\/08\/GHOST_TD-4.jpg",150,150,true],"medium":["https:\/\/mleexelnfod5.i.optimole.com\/w:300\/h:169\/q:mauto\/f:best\/https:\/\/meiser-tv.de\/wp-content\/uploads\/2026\/08\/GHOST_TD-4.jpg",300,169,true],"medium_large":["https:\/\/mleexelnfod5.i.optimole.com\/w:768\/h:432\/q:mauto\/f:best\/https:\/\/meiser-tv.de\/wp-content\/uploads\/2026\/08\/GHOST_TD-4.jpg",768,432,true],"large":["https:\/\/mleexelnfod5.i.optimole.com\/w:1024\/h:576\/q:mauto\/f:best\/https:\/\/meiser-tv.de\/wp-content\/uploads\/2026\/08\/GHOST_TD-4.jpg",1024,576,true],"1536x1536":["https:\/\/mleexelnfod5.i.optimole.com\/w:1536\/h:864\/q:mauto\/f:best\/https:\/\/meiser-tv.de\/wp-content\/uploads\/2026\/08\/GHOST_TD-4.jpg",1536,864,true],"2048x2048":["https:\/\/mleexelnfod5.i.optimole.com\/w:auto\/h:auto\/q:mauto\/f:best\/https:\/\/meiser-tv.de\/wp-content\/uploads\/2026\/08\/GHOST_TD-4.jpg",1920,1080,false],"trp-custom-language-flag":["https:\/\/mleexelnfod5.i.optimole.com\/w:18\/h:10\/q:mauto\/f:best\/dpr:2\/https:\/\/meiser-tv.de\/wp-content\/uploads\/2026\/08\/GHOST_TD-4.jpg",18,10,true]},"uagb_author_info":{"display_name":"admin","author_link":"https:\/\/meiser-tv.de\/en\/author\/admin\/"},"uagb_comment_info":0,"uagb_excerpt":"Das Problem ist steinalt: Lassen sich beim K\u00fcnstler Person und Werk trennen? Vor allem, wenn er ein Scheusal war. Prinzipielle Antworten oder Richtlinien? Gibt es keine. In anderen Bereichen f\u00e4llt die Antwort leichter. Beispiel: Thomas Alva Edison.","_links":{"self":[{"href":"https:\/\/meiser-tv.de\/en\/wp-json\/wp\/v2\/posts\/20182","targetHints":{"allow":["GET"]}}],"collection":[{"href":"https:\/\/meiser-tv.de\/en\/wp-json\/wp\/v2\/posts"}],"about":[{"href":"https:\/\/meiser-tv.de\/en\/wp-json\/wp\/v2\/types\/post"}],"author":[{"embeddable":true,"href":"https:\/\/meiser-tv.de\/en\/wp-json\/wp\/v2\/users\/1"}],"replies":[{"embeddable":true,"href":"https:\/\/meiser-tv.de\/en\/wp-json\/wp\/v2\/comments?post=20182"}],"version-history":[{"count":0,"href":"https:\/\/meiser-tv.de\/en\/wp-json\/wp\/v2\/posts\/20182\/revisions"}],"wp:featuredmedia":[{"embeddable":true,"href":"https:\/\/meiser-tv.de\/en\/wp-json\/wp\/v2\/media\/20183"}],"wp:attachment":[{"href":"https:\/\/meiser-tv.de\/en\/wp-json\/wp\/v2\/media?parent=20182"}],"wp:term":[{"taxonomy":"category","embeddable":true,"href":"https:\/\/meiser-tv.de\/en\/wp-json\/wp\/v2\/categories?post=20182"},{"taxonomy":"post_tag","embeddable":true,"href":"https:\/\/meiser-tv.de\/en\/wp-json\/wp\/v2\/tags?post=20182"}],"curies":[{"name":"wp","href":"https:\/\/api.w.org\/{rel}","templated":true}]}}