{"id":20187,"date":"2026-08-31T11:03:13","date_gmt":"2026-08-31T09:03:13","guid":{"rendered":"https:\/\/meiser-tv.de\/politik\/brandenburg-frau-in-erkner-auf-offener-strasse-mit-messer-getoetet-taeter-nach-flucht-gefasst\/"},"modified":"2026-08-31T11:03:13","modified_gmt":"2026-08-31T09:03:13","slug":"brandenburg-frau-in-erkner-auf-offener-strasse-mit-messer-getoetet-taeter-nach-flucht-gefasst","status":"publish","type":"post","link":"https:\/\/meiser-tv.de\/en\/politik\/brandenburg-frau-in-erkner-auf-offener-strasse-mit-messer-getoetet-taeter-nach-flucht-gefasst\/","title":{"rendered":"Brandenburg: Frau in Erkner auf offener Stra\u00dfe mit Messer get\u00f6tet \u2013 T\u00e4ter nach Flucht gefasst"},"content":{"rendered":"<div>\n<p>In Erkner ging ein Mann auf eine Frau los und verletzte sie schwer. Wenig sp\u00e4ter erlag sie ihren Verletzungen. Der T\u00e4ter konnte gefasst werden.<\/p>\n<p>Der Vorfall ereignete sich gegen 6.30 Uhr in der Leo-Hendrik-Baekeland-Stra\u00dfe in Erkner im Bundesland Brandenburg. &#8222;Trotz umgehender Reanimationsma\u00dfnahmen erlag die Frau den erlittenen Verletzungen&#8220;, teilte ein Polizeisprecher mit. Sie starb noch am Tatort. Laut <em>rbb<\/em> soll bei der Tat ein Messer eingesetzt worden sein.<\/p>\n<p>Der mutma\u00dfliche T\u00e4ter ergriff zun\u00e4chst die Flucht und l\u00f6ste eine Fahndung der Polizei aus. Doch die Einsatzkr\u00e4fte konnten den Verd\u00e4chtigen bereits wenig sp\u00e4ter aufsp\u00fcren und festnehmen. Zu dem schnellen Fahndungserfolg hatten auch Zeugenhinweise beigetragen.<\/p>\n<p>Zu den Hintergr\u00fcnden der Tat machten die Ermittler zun\u00e4chst keine weiteren Angaben. Bislang ist noch offen, ob sich die get\u00f6tete Frau und der mutma\u00dfliche T\u00e4ter kannten und in welcher Beziehung sie zueinander standen. Die Kriminalpolizei hat die Ermittlungen aufgenommen.<\/p>\n<p>W\u00e4hrend Kriminaltechniker am Tatort Spuren sichern, bleibt das Gebiet gro\u00dfr\u00e4umig abgeriegelt. Rund um den Einsatzort kommt es zu umfangreichen Sperrungen. Betroffen ist auch eine Auffahrt zur A10, die vor\u00fcbergehend geschlossen wurde.<\/p>\n<p><em>Mehr Informationen in K\u00fcrze&#8230;<\/em><\/p>\n<\/div>","protected":false},"excerpt":{"rendered":"<p>In Erkner ging ein Mann auf eine Frau los und verletzte sie schwer. Wenig sp\u00e4ter erlag sie ihren Verletzungen. Der T\u00e4ter konnte gefasst werden. Der Vorfall ereignete sich gegen 6.30 Uhr in der Leo-Hendrik-Baekeland-Stra\u00dfe in Erkner im Bundesland Brandenburg. &#8222;Trotz umgehender Reanimationsma\u00dfnahmen erlag die Frau den erlittenen Verletzungen&#8220;, teilte ein Polizeisprecher mit. Sie starb noch [&hellip;]<\/p>\n","protected":false},"author":1,"featured_media":4846,"comment_status":"closed","ping_status":"closed","sticky":false,"template":"","format":"standard","meta":{"_gspb_post_css":"","_uag_custom_page_level_css":"","fifu_image_url":"","fifu_image_alt":"","footnotes":""},"categories":[5],"tags":[],"class_list":["post-20187","post","type-post","status-publish","format-standard","has-post-thumbnail","hentry","category-politik"],"blocksy_meta":{"styles_descriptor":{"styles":{"desktop":"","tablet":"","mobile":""},"google_fonts":[],"version":7}},"uagb_featured_image_src":{"full":["https:\/\/mleexelnfod5.i.optimole.com\/w:auto\/h:auto\/q:mauto\/f:best\/https:\/\/i2.wp.com\/meiser-tv.de\/wp-content\/uploads\/2026\/05\/RSS-Hintergrund.jpg?w=1920&fit=1920,1080&ssl=1",1920,1080,true],"thumbnail":["https:\/\/mleexelnfod5.i.optimole.com\/w:auto\/h:auto\/q:mauto\/f:best\/https:\/\/i2.wp.com\/meiser-tv.de\/wp-content\/uploads\/2026\/05\/RSS-Hintergrund.jpg?w=150&resize=150,150&ssl=1",150,150,true],"medium":["https:\/\/mleexelnfod5.i.optimole.com\/w:auto\/h:auto\/q:mauto\/f:best\/https:\/\/i2.wp.com\/meiser-tv.de\/wp-content\/uploads\/2026\/05\/RSS-Hintergrund.jpg?w=300&fit=300,300&ssl=1",300,300,true],"medium_large":["https:\/\/mleexelnfod5.i.optimole.com\/w:auto\/h:auto\/q:mauto\/f:best\/https:\/\/i2.wp.com\/meiser-tv.de\/wp-content\/uploads\/2026\/05\/RSS-Hintergrund.jpg?w=768&resize=768,0&ssl=1",768,0,true],"large":["https:\/\/mleexelnfod5.i.optimole.com\/w:auto\/h:auto\/q:mauto\/f:best\/https:\/\/i2.wp.com\/meiser-tv.de\/wp-content\/uploads\/2026\/05\/RSS-Hintergrund.jpg?w=1024&fit=1024,1024&ssl=1",1024,1024,true],"1536x1536":["https:\/\/mleexelnfod5.i.optimole.com\/w:auto\/h:auto\/q:mauto\/f:best\/https:\/\/i2.wp.com\/meiser-tv.de\/wp-content\/uploads\/2026\/05\/RSS-Hintergrund.jpg?w=1536&fit=1536,1536&ssl=1",1536,1536,true],"2048x2048":["https:\/\/mleexelnfod5.i.optimole.com\/w:auto\/h:auto\/q:mauto\/f:best\/https:\/\/i2.wp.com\/meiser-tv.de\/wp-content\/uploads\/2026\/05\/RSS-Hintergrund.jpg?w=2048&fit=2048,2048&ssl=1",2048,2048,true],"trp-custom-language-flag":["https:\/\/mleexelnfod5.i.optimole.com\/w:auto\/h:auto\/q:mauto\/f:best\/https:\/\/i2.wp.com\/meiser-tv.de\/wp-content\/uploads\/2026\/05\/RSS-Hintergrund.jpg?w=18&fit=18,12&ssl=1",18,12,true]},"uagb_author_info":{"display_name":"admin","author_link":"https:\/\/meiser-tv.de\/en\/author\/admin\/"},"uagb_comment_info":0,"uagb_excerpt":"In Erkner ging ein Mann auf eine Frau los und verletzte sie schwer. Wenig sp\u00e4ter erlag sie ihren Verletzungen. Der T\u00e4ter konnte gefasst werden. Der Vorfall ereignete sich gegen 6.30 Uhr in der Leo-Hendrik-Baekeland-Stra\u00dfe in Erkner im Bundesland Brandenburg. &#8222;Trotz umgehender Reanimationsma\u00dfnahmen erlag die Frau den erlittenen Verletzungen&#8220;, teilte ein Polizeisprecher mit. Sie starb noch&hellip;","_links":{"self":[{"href":"https:\/\/meiser-tv.de\/en\/wp-json\/wp\/v2\/posts\/20187","targetHints":{"allow":["GET"]}}],"collection":[{"href":"https:\/\/meiser-tv.de\/en\/wp-json\/wp\/v2\/posts"}],"about":[{"href":"https:\/\/meiser-tv.de\/en\/wp-json\/wp\/v2\/types\/post"}],"author":[{"embeddable":true,"href":"https:\/\/meiser-tv.de\/en\/wp-json\/wp\/v2\/users\/1"}],"replies":[{"embeddable":true,"href":"https:\/\/meiser-tv.de\/en\/wp-json\/wp\/v2\/comments?post=20187"}],"version-history":[{"count":0,"href":"https:\/\/meiser-tv.de\/en\/wp-json\/wp\/v2\/posts\/20187\/revisions"}],"wp:featuredmedia":[{"embeddable":true,"href":"https:\/\/meiser-tv.de\/en\/wp-json\/wp\/v2\/media\/4846"}],"wp:attachment":[{"href":"https:\/\/meiser-tv.de\/en\/wp-json\/wp\/v2\/media?parent=20187"}],"wp:term":[{"taxonomy":"category","embeddable":true,"href":"https:\/\/meiser-tv.de\/en\/wp-json\/wp\/v2\/categories?post=20187"},{"taxonomy":"post_tag","embeddable":true,"href":"https:\/\/meiser-tv.de\/en\/wp-json\/wp\/v2\/tags?post=20187"}],"curies":[{"name":"wp","href":"https:\/\/api.w.org\/{rel}","templated":true}]}}