{"id":20193,"date":"2026-08-31T12:02:15","date_gmt":"2026-08-31T10:02:15","guid":{"rendered":"https:\/\/meiser-tv.de\/medienkritik\/hoffnungstraeger-ulrich-siegmund-und-der-afd-wahlkampf-in-sachsen-anhalt-ein-fest-der-freiheit-und-der-demokratie\/"},"modified":"2026-08-31T12:02:15","modified_gmt":"2026-08-31T10:02:15","slug":"hoffnungstraeger-ulrich-siegmund-und-der-afd-wahlkampf-in-sachsen-anhalt-ein-fest-der-freiheit-und-der-demokratie","status":"publish","type":"post","link":"https:\/\/meiser-tv.de\/en\/medienkritik\/hoffnungstraeger-ulrich-siegmund-und-der-afd-wahlkampf-in-sachsen-anhalt-ein-fest-der-freiheit-und-der-demokratie\/","title":{"rendered":"Hoffnungstr\u00e4ger Ulrich Siegmund und\u00a0der AfD-Wahlkampf in Sachsen-Anhalt:\u00a0Ein Fest der Freiheit und der Demokratie!\u00a0"},"content":{"rendered":"<div>\n<figure class=\"wp-block-image size-full\"><\/figure>\n<p class=\"wp-block-paragraph\">was f\u00fcr eine Begeisterung, was f\u00fcr eine Aufbruchstimmung. Tausende waren in der vergangenen Woche nach Naumburg auf den historischen Marktplatz der Saalestadt gestr\u00f6mt, um im Schatten der Wenzelskirche einen Mann zu feiern: Ulrich Siegmund, den Spitzenkandidaten der AfD zur Landtagswahl und n\u00e4chsten Ministerpr\u00e4sidenten von Sachsen-Anhalt.<\/p>\n<p class=\"wp-block-paragraph\">Man muss wohl dabei gewesen sein, um zu ermessen, was da in Bewegung gekommen ist, welche Emotionen, Erwartungen und Einsatzbereitschaft dieser Kandidat und seine Mannschaft freigesetzt haben. Er ist einer von ihnen, das war in jedem Moment zu sp\u00fcren, vom Jubel bei der Ankunft Ulrich Siegmunds bis zum letzten Foto und zum letzten Autogramm, das der k\u00fcnftige Ministerpr\u00e4sident \u00fcber Stunden hinweg jedem gab, der eines haben wollte, und f\u00fcr das unz\u00e4hlige B\u00fcrger geduldig anstanden.<\/p>\n<p class=\"wp-block-paragraph\">Momente wie diesen hat es in der Geschichte der Bundesrepublik Deutschland nur sehr selten und vielleicht \u00fcberhaupt noch niemals gegeben. Es er\u00fcbrigt sich, auf den trostlos leeren Veranstaltungen des noch amtierenden Ministerpr\u00e4sidenten und der anderen Kartellparteien vorbeizuschauen, die sich an ihn klammern, um das zu begreifen:\u00a0<br \/>Das sind keine gew\u00f6hnlichen Partei- und Wahlkampfveranstaltungen, zu denen Ulrich Siegmund, seine Unterst\u00fctzer und begeisterte B\u00fcrger von nah und fern in Naumburg und an vielen anderen Orten des Landes zusammenkommen. Hier zeichnet sich eine politische und gesellschaftliche Wende von geradezu historischen Dimensionen ab.<\/p>\n<p class=\"wp-block-paragraph\">Es war mir eine besondere Ehre, als Chefredakteur des Deutschland-Kurier an jenem Tag in Naumburg das Wort an die zahllosen B\u00fcrger richten zu k\u00f6nnen, die in die alte Domstadt an der Saale gekommen waren, um diese einzigartige Aufbruchstimmung mitzuerleben. Und das nicht nur, weil Naumburg eine besondere Stadt ist.\u00a0<\/p>\n<p class=\"wp-block-paragraph\">Von Naumburgs weltber\u00fchmtem Dom und seinen vielen anderen steinernen Zeugen blickte das Erbe von mehr als tausend Jahren deutscher Geschichte auf uns herab und erinnert uns daran, dass wir nicht nur f\u00fcr uns alleine in der Verantwortung stehen, sondern auch f\u00fcr die Generationen vor uns und jene, die nach uns kommen werden.<\/p>\n<p class=\"wp-block-paragraph\">Es war ein Fest der Freiheit und der Demokratie, das Ulrich Siegmund und seine Mitstreiter auf die Beine gestellt haben, und es war eine Freude, dabei zu sein und aus erster Hand zu erleben, dass die harte und von vielen Anfeindungen begleitete Arbeit der vergangenen Jahre sich gelohnt hat.<\/p>\n<p class=\"wp-block-paragraph\">Nicht nur das etablierte Parteienkartell ist in der Defensive, auch die geborgte Meinungsmacht der etablierten Staatsfunker und links-woken Stromlinienmedien ist gebrochen, das ist in diesen Zeiten des Umbruchs allenthalben zu sp\u00fcren. Daran haben die freien und alternativen Medien, und nicht zuletzt der Deutschland-Kurier als eine der reichweitenst\u00e4rksten patriotischen Stimmen, keinen geringen Anteil.<\/p>\n<p class=\"wp-block-paragraph\">Der Zuspruch, den wir von B\u00fcrgern aus dem ganzen Land und aus allen Milieus f\u00fcr unsere intensive Berichterstattung und f\u00fcr unsere Recherchen \u2013 wie die gro\u00dfe Film-Dokumentation \u00fcber den Hoffnungstr\u00e4ger Ulrich Siegmund \u2013 erfahren, ist uns Ansporn: Wir werden nicht lockerlassen, bis die Fenster der Meinungsfreiheit weit aufgerissen sind und wir unser Land wieder vom Kopf auf die F\u00fc\u00dfe gestellt haben \u2013 erst Sachsen-Anhalt und dann den Rest unseres Vaterlandes.<\/p>\n<p class=\"wp-block-paragraph\">Nichts ist unm\u00f6glich, wenn Sie, liebe Leser, Unterst\u00fctzer und F\u00f6rderer, uns weiter mit Ihrem Engagement zur Seite stehen. Gemeinsam holen wir uns unser Land zur\u00fcck.<\/p>\n<figure class=\"wp-block-image size-full\"><img data-opt-id=27284781  fetchpriority=\"high\" decoding=\"async\" width=\"300\" height=\"100\" src=\"https:\/\/mleexelnfod5.i.optimole.com\/w:auto\/h:auto\/q:mauto\/f:best\/https:\/\/meiser-tv.de\/wp-content\/uploads\/2026\/08\/Mit-patriotischen-Gruessen_Zeichenflaeche-1-1-1.webp\" alt=\"\" class=\"wp-image-94410\" srcset=\"https:\/\/mleexelnfod5.i.optimole.com\/w:auto\/h:auto\/q:mauto\/f:best\/https:\/\/meiser-tv.de\/wp-content\/uploads\/2026\/08\/Mit-patriotischen-Gruessen_Zeichenflaeche-1-1-1.webp 300w, https:\/\/deutschlandkurier.de\/wp-content\/uploads\/2025\/09\/Mit-patriotischen-Gruessen_Zeichenflaeche-1-1-1-150x50.webp 150w\" sizes=\"(max-width: 300px) 100vw, 300px\"><\/figure>\n<p class=\"wp-block-paragraph\">\n<p><strong>Beitrag:<\/strong> <a target=\"_blank\" rel=\"noopener noreferrer\" href=\"https:\/\/deutschlandkurier.de\/2026\/08\/hoffnungstraeger-ulrich-siegmund-und-der-afd-wahlkampf-in-sachsen-anhalt-ein-fest-der-freiheit-und-der-demokratie\/\">Hoffnungstr\u00e4ger Ulrich Siegmund und\u00a0der AfD-Wahlkampf in Sachsen-Anhalt:\u00a0Ein Fest der Freiheit und der Demokratie!\u00a0<\/a> <br><strong>Quelle:<\/strong> Deutschland-Kurier.<\/p>\n<\/div>","protected":false},"excerpt":{"rendered":"<div>\n<p>was f\u00fcr eine Begeisterung, was f\u00fcr eine Aufbruchstimmung. Tausende waren in der vergangenen Woche nach Naumburg auf den historischen Marktplatz der Saalestadt gestr\u00f6mt, um im Schatten der Wenzelskirche einen Mann zu feiern: Ulrich Siegmund, den Spitzenkandidaten der AfD zur Landtagswahl und n\u00e4chsten Ministerpr\u00e4sidenten von Sachsen-Anhalt. Man muss wohl dabei gewesen sein, um zu ermessen, was [\u2026]<\/p>\n<p>The post <a href=\"https:\/\/deutschlandkurier.de\/2026\/08\/hoffnungstraeger-ulrich-siegmund-und-der-afd-wahlkampf-in-sachsen-anhalt-ein-fest-der-freiheit-und-der-demokratie\/\">Hoffnungstr\u00e4ger Ulrich Siegmund und\u00a0der AfD-Wahlkampf in Sachsen-Anhalt:\u00a0Ein Fest der Freiheit und der Demokratie!\u00a0<\/a> appeared first on <a href=\"https:\/\/deutschlandkurier.de\/\">Deutschland-Kurier<\/a>.<\/p>\n<\/div>\n","protected":false},"author":1,"featured_media":20194,"comment_status":"closed","ping_status":"closed","sticky":false,"template":"","format":"standard","meta":{"_gspb_post_css":"","_uag_custom_page_level_css":"","fifu_image_url":"","fifu_image_alt":"","footnotes":""},"categories":[17],"tags":[],"class_list":["post-20193","post","type-post","status-publish","format-standard","has-post-thumbnail","hentry","category-medienkritik"],"blocksy_meta":{"styles_descriptor":{"styles":{"desktop":"","tablet":"","mobile":""},"google_fonts":[],"version":7}},"uagb_featured_image_src":{"full":["https:\/\/mleexelnfod5.i.optimole.com\/w:auto\/h:auto\/q:mauto\/f:best\/https:\/\/meiser-tv.de\/wp-content\/uploads\/2026\/08\/liebe-leser_Zeichenflaeche-1-1-1-2.webp",300,100,false],"thumbnail":["https:\/\/mleexelnfod5.i.optimole.com\/w:150\/h:100\/q:mauto\/f:best\/https:\/\/meiser-tv.de\/wp-content\/uploads\/2026\/08\/liebe-leser_Zeichenflaeche-1-1-1-2.webp",150,100,true],"medium":["https:\/\/mleexelnfod5.i.optimole.com\/w:auto\/h:auto\/q:mauto\/f:best\/https:\/\/meiser-tv.de\/wp-content\/uploads\/2026\/08\/liebe-leser_Zeichenflaeche-1-1-1-2.webp",300,100,false],"medium_large":["https:\/\/mleexelnfod5.i.optimole.com\/w:auto\/h:auto\/q:mauto\/f:best\/https:\/\/meiser-tv.de\/wp-content\/uploads\/2026\/08\/liebe-leser_Zeichenflaeche-1-1-1-2.webp",300,100,false],"large":["https:\/\/mleexelnfod5.i.optimole.com\/w:auto\/h:auto\/q:mauto\/f:best\/https:\/\/meiser-tv.de\/wp-content\/uploads\/2026\/08\/liebe-leser_Zeichenflaeche-1-1-1-2.webp",300,100,false],"1536x1536":["https:\/\/mleexelnfod5.i.optimole.com\/w:auto\/h:auto\/q:mauto\/f:best\/https:\/\/meiser-tv.de\/wp-content\/uploads\/2026\/08\/liebe-leser_Zeichenflaeche-1-1-1-2.webp",300,100,false],"2048x2048":["https:\/\/mleexelnfod5.i.optimole.com\/w:auto\/h:auto\/q:mauto\/f:best\/https:\/\/meiser-tv.de\/wp-content\/uploads\/2026\/08\/liebe-leser_Zeichenflaeche-1-1-1-2.webp",300,100,false],"trp-custom-language-flag":["https:\/\/mleexelnfod5.i.optimole.com\/w:18\/h:6\/q:mauto\/f:best\/dpr:2\/https:\/\/meiser-tv.de\/wp-content\/uploads\/2026\/08\/liebe-leser_Zeichenflaeche-1-1-1-2.webp",18,6,true]},"uagb_author_info":{"display_name":"admin","author_link":"https:\/\/meiser-tv.de\/en\/author\/admin\/"},"uagb_comment_info":0,"uagb_excerpt":"was f\u00fcr eine Begeisterung, was f\u00fcr eine Aufbruchstimmung. Tausende waren in der vergangenen Woche nach Naumburg auf den historischen Marktplatz der Saalestadt gestr\u00f6mt, um im Schatten der Wenzelskirche einen Mann zu feiern: Ulrich Siegmund, den Spitzenkandidaten der AfD zur Landtagswahl und n\u00e4chsten Ministerpr\u00e4sidenten von Sachsen-Anhalt. Man muss wohl dabei gewesen sein, um zu ermessen, was&hellip;","_links":{"self":[{"href":"https:\/\/meiser-tv.de\/en\/wp-json\/wp\/v2\/posts\/20193","targetHints":{"allow":["GET"]}}],"collection":[{"href":"https:\/\/meiser-tv.de\/en\/wp-json\/wp\/v2\/posts"}],"about":[{"href":"https:\/\/meiser-tv.de\/en\/wp-json\/wp\/v2\/types\/post"}],"author":[{"embeddable":true,"href":"https:\/\/meiser-tv.de\/en\/wp-json\/wp\/v2\/users\/1"}],"replies":[{"embeddable":true,"href":"https:\/\/meiser-tv.de\/en\/wp-json\/wp\/v2\/comments?post=20193"}],"version-history":[{"count":0,"href":"https:\/\/meiser-tv.de\/en\/wp-json\/wp\/v2\/posts\/20193\/revisions"}],"wp:featuredmedia":[{"embeddable":true,"href":"https:\/\/meiser-tv.de\/en\/wp-json\/wp\/v2\/media\/20194"}],"wp:attachment":[{"href":"https:\/\/meiser-tv.de\/en\/wp-json\/wp\/v2\/media?parent=20193"}],"wp:term":[{"taxonomy":"category","embeddable":true,"href":"https:\/\/meiser-tv.de\/en\/wp-json\/wp\/v2\/categories?post=20193"},{"taxonomy":"post_tag","embeddable":true,"href":"https:\/\/meiser-tv.de\/en\/wp-json\/wp\/v2\/tags?post=20193"}],"curies":[{"name":"wp","href":"https:\/\/api.w.org\/{rel}","templated":true}]}}