{"id":20198,"date":"2026-08-31T12:03:08","date_gmt":"2026-08-31T10:03:08","guid":{"rendered":"https:\/\/meiser-tv.de\/politik\/erstmals-wieder-us-angriff-auf-iranische-ziele-teheran-reagiert-mit-attacke-auf-us-militaerbasen\/"},"modified":"2026-08-31T12:03:08","modified_gmt":"2026-08-31T10:03:08","slug":"erstmals-wieder-us-angriff-auf-iranische-ziele-teheran-reagiert-mit-attacke-auf-us-militaerbasen","status":"publish","type":"post","link":"https:\/\/meiser-tv.de\/en\/politik\/erstmals-wieder-us-angriff-auf-iranische-ziele-teheran-reagiert-mit-attacke-auf-us-militaerbasen\/","title":{"rendered":"Erstmals wieder US-Angriff auf iranische Ziele &#8211; Teheran reagiert mit Attacke auf US-Milit\u00e4rbasen"},"content":{"rendered":"<div>\n<p>Das US-Milit\u00e4r hat laut Mitteilung des\u00a0zust\u00e4ndigen US-Milit\u00e4rkommandos CENTCOM erstmals seit Wochen wieder iranisches Staatsgebiet angegriffen. Dabei seien milit\u00e4rische Ziele auf der Insel Larak in der Stra\u00dfe von Hormus beschossen worden. Die Regierungsbeh\u00f6rde in Teheran erkl\u00e4rte am Montagmorgen, dass\u00a0als umgehende Reaktion US-St\u00fctzpunkte in Jordanien und milit\u00e4rische Ziele der USA auf dem Luftwaffenst\u00fctzpunkt Al Minhad in den Vereinigten Arabischen Emiraten (VAE) angegriffen wurden.<\/p>\n<p>Die US-Streitkr\u00e4fte haben laut einem X-&#8222;Faktencheck&#8220; seitens der US-CENTCOM-Pressestelle &#8222;begrenzte, gezielte Ma\u00dfnahmen gegen Minenlegeeinheiten der IRGC ergriffen&#8220;, die laut Wahrnehmung des Pentagons in der Stra\u00dfe von Hormus &#8222;eine unmittelbare Bedrohung&#8220; darstellten. W\u00f6rtlich hei\u00dft es in dem X-<a href=\"https:\/\/x.com\/CENTCOM\/status\/2094228119079067852\" target=\"_blank\" rel=\"noopener noreferrer\">Beitrag<\/a>\u00a0weiter den Angriff rechtfertigend:<\/p>\n<p><em>&#8222;Im Grunde genommen hat Iran diese Bedrohung geschaffen, und das US-Milit\u00e4r hat sie beseitigt, um zivile Seeleute, die Handelsschifffahrt und den freien globalen Handelsverkehr zu sch\u00fctzen.&#8220;<\/em><\/p>\n<p>Die daraufhin erfolgte Unterstellung seitens Teherans, hinsichtlich eines &#8222;aggessiven Vorgangs&#8220; seitens Washingtons, sei daher &#8222;falsch&#8220;.<\/p>\n<div class=\"EmbedBlock-root EmbedBlock-all\">\n<div class=\"AllEmbed\">\n<blockquote class=\"twitter-tweet\">\n<p lang=\"en\" dir=\"ltr\">\ud83d\udeabCLAIM: Iran\u2019s Islamic Revolutionary Guard Corps (IRGC) claimed in a recent statement that strikes by U.S. forces to prevent the IRGC from placing mines in the Strait of Hormuz were an \u201cact of aggression.\u201d This claim is absolutely FALSE.<\/p>\n<p>\u2705FACT: U.S. forces took limited,\u2026 <a target=\"_blank\" rel=\"noopener noreferrer\" href=\"https:\/\/t.co\/XLx8xNTHto\">pic.twitter.com\/XLx8xNTHto<\/a><\/p>\n<p>\u2014 U.S. Central Command (@CENTCOM) <a target=\"_blank\" rel=\"noopener noreferrer\" href=\"https:\/\/x.com\/CENTCOM\/status\/2094228119079067852?ref_src=twsrc%5Etfw\">August 31, 2026<\/a><\/p><\/blockquote>\n<p> <script async src=\"https:\/\/platform.x.com\/widgets.js\" charset=\"utf-8\"><\/script>\n                    <\/div>\n<\/p><\/div>\n<p>Das Nachrichtenportal <em><a href=\"https:\/\/www.axios.com\/2026\/08\/30\/us-iran-strike-hormuz-mines\" target=\"_blank\" rel=\"noopener noreferrer\" data-type=\"external\">Axios<\/a><\/em> sowie die Sender <em>Fox News<\/em> und <em>CBS<\/em>\u00a0<em>News<\/em> berichteten von Angriffen auf &#8222;zwei Raketenabschussrampen auf der Insel Larak&#8220;.<\/p>\n<p>In einer seitens der <em>IRNA<\/em>-Agentur ver\u00f6ffentlichten <a href=\"https:\/\/en.irna.ir\/news\/86250662\/Iran-Army-pounds-US-air-base-in-UAE-with-retaliatory-drone-strikes\" target=\"_blank\" rel=\"noopener noreferrer\">Erkl\u00e4rung<\/a> vom Montagmorgen teilte die Pressestelle der iranischen Armee demgegen\u00fcber mit, dass &#8222;der amerikanische St\u00fctzpunkt als Vergeltungsma\u00dfnahme f\u00fcr die T\u00f6tung von Angeh\u00f6rigen des Korps der Islamischen Revolutionsgarden (IRGC) und Zivilisten bei dem US-Angriff auf die iranische Insel Larak am Sonntag angegriffen worden sei.&#8220; W\u00f6rtlich lautet das Zitat:<\/p>\n<p><em>&#8222;Seit den fr\u00fchen Morgenstunden hat die IRGC-Armee mit Dutzenden von Sprengdrohnen Ziele angegriffen, an denen US-Milit\u00e4rhubschrauber und -Personal auf dem St\u00fctzpunkt Al Minhad in den Vereinigten Arabischen Emiraten stationiert sind.&#8220;<\/em><\/p>\n<p>Das VAE-Verteidigungsministerium wies daraufhin die Behauptungen Teherans und diesbez\u00fcgliche Berichte zur\u00fcck, wonach der Luftwaffenst\u00fctzpunkt Al Minhad Ziel von Raketenangriffen\u00a0geworden gewesen sei.\u00a0In der Erkl\u00e4rung, die auch auf X pr\u00e4sentiert wurde, erkl\u00e4rte das Ministerium, die Medienberichte &#8222;sind falsch&#8220;.<\/p>\n<div class=\"EmbedBlock-root EmbedBlock-all\">\n<div class=\"AllEmbed\">\n<blockquote class=\"twitter-tweet\">\n<p lang=\"en\" dir=\"ltr\">Ministry of Defence Denies Reports of Attack on Al Menhad Air Base<\/p>\n<p>The Ministry of Defence has denied media reports claiming that Al Menhad Air Base was targeted by missiles, confirming that such reports are false.<\/p>\n<p>The Ministry affirmed that the Armed Forces remain on a high\u2026 <a target=\"_blank\" rel=\"noopener noreferrer\" href=\"https:\/\/t.co\/qVdCiYbNq2\">pic.twitter.com\/qVdCiYbNq2<\/a><\/p>\n<p>\u2014 \u0648\u0632\u0627\u0631\u0629 \u0627\u0644\u062f\u0641\u0627\u0639 |MOD UAE (@modgovae) <a target=\"_blank\" rel=\"noopener noreferrer\" href=\"https:\/\/x.com\/modgovae\/status\/2094318044529242254?ref_src=twsrc%5Etfw\">August 31, 2026<\/a><\/p><\/blockquote>\n<p> <script async src=\"https:\/\/platform.x.com\/widgets.js\" charset=\"utf-8\"><\/script>\n                    <\/div>\n<\/p><\/div>\n<p>Laut <em>IRNA-<\/em>Darlegung sei die US-Milit\u00e4rbasis &#8222;eine Milit\u00e4ranlage s\u00fcdlich von Dubai&#8220;, die als &#8222;wichtiger Logistik- und Luftverkehrsknotenpunkt f\u00fcr ausl\u00e4ndische Streitkr\u00e4fte&#8220; gelte.<\/p>\n<p>In einer zweiten IRGC-<a href=\"https:\/\/en.irna.ir\/news\/86250543\/IRGC-pounds-US-bases-in-Jordan-in-retaliatory-missile-drone-operation\" target=\"_blank\" rel=\"noopener noreferrer\">Erkl\u00e4rung<\/a> am fr\u00fchen Montag teilte die Pressestelle mit, dass eine milit\u00e4rische Operation &#8222;auf technische und Wartungsinfrastruktur&#8220; in Jordanien abgezielt habe, auf der &#8222;feindliche Kampfflugzeuge auf den Luftwaffenst\u00fctzpunkten King Hussein und Al Azraq stationiert waren&#8220;, so die Darlegungen. In der Erkl\u00e4rung hie\u00df es weiter, dass bei dieser Operation &#8222;ballistische Raketen&#8220; zum Einsatz gekommen seien, wobei die Angriffe &#8222;den Zielen schweren Schaden zugef\u00fcgt&#8220; h\u00e4tten.<\/p>\n<p>In der zur\u00fcckliegenden Woche hatte US-Pr\u00e4sident Donald Trump erneut mit Angriffe auf Gebiete in Iran gedroht, dabei jedoch von der &#8222;Zerst\u00f6rung von Schiffen und Booten&#8220; gesprochen, die in der Stra\u00dfe von Hormus neue Seeminen verlegen k\u00f6nnten. Er verwies auf eine ausgerufene &#8222;Nulltoleranzpolitik&#8220; bei der Verminung der Meerenge durch iranische Seekr\u00e4fte, nachdem er bereits Mitte April \u00e4hnliche Drohungen ausgesprochen hatte.<\/p>\n<p><strong>Mehr zum Thema <\/strong>\u2013\u00a0<a href=\"https:\/\/freedert.online\/international\/289731-katar-will-sich-nicht-am\/\" target=\"_blank\" rel=\"noopener noreferrer\">Katar: Keine Beteiligung an US-Kampagne gegen Iran <\/a><\/p>\n<div class=\"EmbedBlock-root EmbedBlock-externalVideo EmbedBlock-rumble\">\n<div class=\"VkEmbed\"><iframe class=\"lazyload\" data-src=\"https:\/\/rumble.com\/embed\/v7cmuh2\" frameborder=\"0\" width=\"853\" height=\"480\" allowfullscreen><\/iframe><\/div>\n<\/p><\/div>\n<\/p>\n<\/div>","protected":false},"excerpt":{"rendered":"<p>Das US-Milit\u00e4r hat laut Mitteilung des\u00a0zust\u00e4ndigen US-Milit\u00e4rkommandos CENTCOM erstmals seit Wochen wieder iranisches Staatsgebiet angegriffen. Dabei seien milit\u00e4rische Ziele auf der Insel Larak in der Stra\u00dfe von Hormus beschossen worden. Die Regierungsbeh\u00f6rde in Teheran erkl\u00e4rte am Montagmorgen, dass\u00a0als umgehende Reaktion US-St\u00fctzpunkte in Jordanien und milit\u00e4rische Ziele der USA auf dem Luftwaffenst\u00fctzpunkt Al Minhad in den [&hellip;]<\/p>\n","protected":false},"author":1,"featured_media":4846,"comment_status":"closed","ping_status":"closed","sticky":false,"template":"","format":"standard","meta":{"_gspb_post_css":"","_uag_custom_page_level_css":"","fifu_image_url":"","fifu_image_alt":"","footnotes":""},"categories":[5],"tags":[],"class_list":["post-20198","post","type-post","status-publish","format-standard","has-post-thumbnail","hentry","category-politik"],"blocksy_meta":{"styles_descriptor":{"styles":{"desktop":"","tablet":"","mobile":""},"google_fonts":[],"version":7}},"uagb_featured_image_src":{"full":["https:\/\/mleexelnfod5.i.optimole.com\/w:auto\/h:auto\/q:mauto\/f:best\/https:\/\/i2.wp.com\/meiser-tv.de\/wp-content\/uploads\/2026\/05\/RSS-Hintergrund.jpg?w=1920&fit=1920,1080&ssl=1",1920,1080,true],"thumbnail":["https:\/\/mleexelnfod5.i.optimole.com\/w:auto\/h:auto\/q:mauto\/f:best\/https:\/\/i2.wp.com\/meiser-tv.de\/wp-content\/uploads\/2026\/05\/RSS-Hintergrund.jpg?w=150&resize=150,150&ssl=1",150,150,true],"medium":["https:\/\/mleexelnfod5.i.optimole.com\/w:auto\/h:auto\/q:mauto\/f:best\/https:\/\/i2.wp.com\/meiser-tv.de\/wp-content\/uploads\/2026\/05\/RSS-Hintergrund.jpg?w=300&fit=300,300&ssl=1",300,300,true],"medium_large":["https:\/\/mleexelnfod5.i.optimole.com\/w:auto\/h:auto\/q:mauto\/f:best\/https:\/\/i2.wp.com\/meiser-tv.de\/wp-content\/uploads\/2026\/05\/RSS-Hintergrund.jpg?w=768&resize=768,0&ssl=1",768,0,true],"large":["https:\/\/mleexelnfod5.i.optimole.com\/w:auto\/h:auto\/q:mauto\/f:best\/https:\/\/i2.wp.com\/meiser-tv.de\/wp-content\/uploads\/2026\/05\/RSS-Hintergrund.jpg?w=1024&fit=1024,1024&ssl=1",1024,1024,true],"1536x1536":["https:\/\/mleexelnfod5.i.optimole.com\/w:auto\/h:auto\/q:mauto\/f:best\/https:\/\/i2.wp.com\/meiser-tv.de\/wp-content\/uploads\/2026\/05\/RSS-Hintergrund.jpg?w=1536&fit=1536,1536&ssl=1",1536,1536,true],"2048x2048":["https:\/\/mleexelnfod5.i.optimole.com\/w:auto\/h:auto\/q:mauto\/f:best\/https:\/\/i2.wp.com\/meiser-tv.de\/wp-content\/uploads\/2026\/05\/RSS-Hintergrund.jpg?w=2048&fit=2048,2048&ssl=1",2048,2048,true],"trp-custom-language-flag":["https:\/\/mleexelnfod5.i.optimole.com\/w:auto\/h:auto\/q:mauto\/f:best\/https:\/\/i2.wp.com\/meiser-tv.de\/wp-content\/uploads\/2026\/05\/RSS-Hintergrund.jpg?w=18&fit=18,12&ssl=1",18,12,true]},"uagb_author_info":{"display_name":"admin","author_link":"https:\/\/meiser-tv.de\/en\/author\/admin\/"},"uagb_comment_info":0,"uagb_excerpt":"Das US-Milit\u00e4r hat laut Mitteilung des\u00a0zust\u00e4ndigen US-Milit\u00e4rkommandos CENTCOM erstmals seit Wochen wieder iranisches Staatsgebiet angegriffen. Dabei seien milit\u00e4rische Ziele auf der Insel Larak in der Stra\u00dfe von Hormus beschossen worden. Die Regierungsbeh\u00f6rde in Teheran erkl\u00e4rte am Montagmorgen, dass\u00a0als umgehende Reaktion US-St\u00fctzpunkte in Jordanien und milit\u00e4rische Ziele der USA auf dem Luftwaffenst\u00fctzpunkt Al Minhad in den&hellip;","_links":{"self":[{"href":"https:\/\/meiser-tv.de\/en\/wp-json\/wp\/v2\/posts\/20198","targetHints":{"allow":["GET"]}}],"collection":[{"href":"https:\/\/meiser-tv.de\/en\/wp-json\/wp\/v2\/posts"}],"about":[{"href":"https:\/\/meiser-tv.de\/en\/wp-json\/wp\/v2\/types\/post"}],"author":[{"embeddable":true,"href":"https:\/\/meiser-tv.de\/en\/wp-json\/wp\/v2\/users\/1"}],"replies":[{"embeddable":true,"href":"https:\/\/meiser-tv.de\/en\/wp-json\/wp\/v2\/comments?post=20198"}],"version-history":[{"count":0,"href":"https:\/\/meiser-tv.de\/en\/wp-json\/wp\/v2\/posts\/20198\/revisions"}],"wp:featuredmedia":[{"embeddable":true,"href":"https:\/\/meiser-tv.de\/en\/wp-json\/wp\/v2\/media\/4846"}],"wp:attachment":[{"href":"https:\/\/meiser-tv.de\/en\/wp-json\/wp\/v2\/media?parent=20198"}],"wp:term":[{"taxonomy":"category","embeddable":true,"href":"https:\/\/meiser-tv.de\/en\/wp-json\/wp\/v2\/categories?post=20198"},{"taxonomy":"post_tag","embeddable":true,"href":"https:\/\/meiser-tv.de\/en\/wp-json\/wp\/v2\/tags?post=20198"}],"curies":[{"name":"wp","href":"https:\/\/api.w.org\/{rel}","templated":true}]}}