{"id":20199,"date":"2026-08-31T12:03:08","date_gmt":"2026-08-31T10:03:08","guid":{"rendered":"https:\/\/meiser-tv.de\/politik\/schuesse-auf-tuerkisches-cafe-in-koelner-suedstadt-taeter-auf-der-flucht\/"},"modified":"2026-08-31T12:03:08","modified_gmt":"2026-08-31T10:03:08","slug":"schuesse-auf-tuerkisches-cafe-in-koelner-suedstadt-taeter-auf-der-flucht","status":"publish","type":"post","link":"https:\/\/meiser-tv.de\/en\/politik\/schuesse-auf-tuerkisches-cafe-in-koelner-suedstadt-taeter-auf-der-flucht\/","title":{"rendered":"Sch\u00fcsse auf t\u00fcrkisches Caf\u00e9 in K\u00f6lner S\u00fcdstadt \u2013 T\u00e4ter auf der Flucht"},"content":{"rendered":"<div>\n<p>In den fr\u00fchen Morgenstunden sind Sch\u00fcsse auf ein Caf\u00e9 in K\u00f6ln abgegeben worden. Nach Angaben von Polizeisprecher Carsten Rust ging der Notruf gegen 7:30 Uhr ein. Zeugen hatten eine m\u00e4nnliche Person beobachtet, die mehrfach auf das Caf\u00e9 geschossen haben soll. Das berichtet die <em>Rheinische Post<\/em> am Montag.<\/p>\n<p>Als die Einsatzkr\u00e4fte eintrafen, stellten sie entsprechende Spuren fest. Die Schaufensterscheibe des Caf\u00e9s wies mehrere Einschussl\u00f6cher auf. Verletzt wurde niemand. Das Caf\u00e9 war zum Tatzeitpunkt noch geschlossen. Nach Angaben der Polizei befand sich niemand darin.<\/p>\n<p>Eine Augenzeugin aus einem benachbarten Gesch\u00e4ft schilderte unserer Redaktion, wie sie die Sch\u00fcsse mitbekam. Ihre Kollegen und sie seien bereits seit den fr\u00fchen Morgenstunden bei der Arbeit gewesen. &#8222;Dann haben wir die Sch\u00fcsse geh\u00f6rt&#8220;, sagte sie. Sie habe nach drau\u00dfen geschaut und den mutma\u00dflichen T\u00e4ter noch sehen k\u00f6nnen.<\/p>\n<p>&#8222;Ich habe noch kurz rausgeguckt, weil ich von da aus richtig auf die andere Seite gucken konnte&#8220;, sagte die Zeugin. Dann habe sie ihre Kollegen und die Kunden gewarnt: &#8222;Ich habe dann nur noch gesagt, sie sollen alle in Deckung gehen.&#8220;\u00a0Die Frau beobachtete nach eigenen Angaben auch, wie der Mann davonlief. Anschlie\u00dfend sei die Polizei gerufen worden. Die Besch\u00e4ftigten des Gesch\u00e4fts setzten unterdessen ihre Arbeit fort.<\/p>\n<p>Der Tatverd\u00e4chtige fl\u00fcchtete zu Fu\u00df in Richtung Zugweg. Er soll etwa 1,70 bis 1,80 Meter gro\u00df gewesen sein und dunkle Kleidung getragen haben. Die Polizei hat eine umfangreiche Fahndung nach dem Mann eingeleitet. Gleichzeitig sichern Kriminaltechniker derzeit Spuren am Tatort.\u00a0<\/p>\n<p>Am 21. August hatten Unbekannte auf ein Juweliergesch\u00e4ft in K\u00f6ln-M\u00fclheim geschossen. Wenige Tage sp\u00e4ter fielen Sch\u00fcsse an einem Wohnhaus in K\u00f6ln\u2011Vingst. Die Polizei pr\u00fcft aktuell, ob die F\u00e4lle zusammenh\u00e4ngen.<\/p>\n<p>Nicht weit von K\u00f6ln entfernt kam es am Sonnabend zu einer gewaltsamen Auseinandersetzung zwischen drei Personen. Im Verlauf des Streits schoss ein m\u00e4nnlicher Tatverd\u00e4chtiger vermutlich t\u00fcrkischer Abstammung auf eine Frau und einen weiteren Mann. Beide Personen erlitten schwere, jedoch nach derzeitigem Stand nicht lebensgef\u00e4hrliche Verletzungen. Die Staatsanwaltschaft Mainz ordnet das Geschehen als versuchtes T\u00f6tungsdelikt ein.\u00a0Der Tatverd\u00e4chtige fl\u00fcchtete unmittelbar nach der Tat vom Ereignisort. Die Polizei <a target=\"_blank\" rel=\"noopener noreferrer\" href=\"https:\/\/www.polizei.rlp.de\/fahndung\/detailansicht\/default-2482bb1790a4b6ab647feb629c7fe40a\">leitete<\/a> intensive und gro\u00dfr\u00e4umige Fahndungsma\u00dfnahmen ein.<\/p>\n<p><strong>Mehr zum Thema<\/strong>\u00a0\u2012\u00a0<a href=\"https:\/\/freeassange.tech\/inland\/285763-messerattacke-in-koeln-14-jaehriger\/\" target=\"_blank\" rel=\"noopener noreferrer\">Messerattacke in K\u00f6ln: 14-J\u00e4hriger schwer verletzt \u2013 vorbestrafter Obdachloser in U-Haft<\/a><\/p>\n<div class=\"EmbedBlock-root EmbedBlock-all\">\n<div class=\"AllEmbed\">\n                                                <script>!function(r,u,m,b,l,e){r._Rumble=b,r[b]||(r[b]=function(){(r[b]._=r[b]._||[]).push(arguments);if(r[b]._.length==1){l=u.createElement(m),e=u.getElementsByTagName(m)[0],l.async=1,l.src=\"https:\/\/rumble.com\/embedJS\/u4\"+(arguments[1].video?'.'+arguments[1].video:'')+\"\/?url=\"+encodeURIComponent(location.href)+\"&args=\"+encodeURIComponent(JSON.stringify([].slice.apply(arguments))),e.parentNode.insertBefore(l,e)}})}(window, document, \"script\", \"Rumble\");<\/script><\/p>\n<div id=\"rumble_v7cnyvs\"><\/div>\n<p><script>\nRumble(\"play\", {\"video\":\"v7cnyvs\",\"div\":\"rumble_v7cnyvs\"});<\/script>\n                    <\/div>\n<\/p><\/div>\n<\/p>\n<\/div>\n","protected":false},"excerpt":{"rendered":"<p>In den fr\u00fchen Morgenstunden sind Sch\u00fcsse auf ein Caf\u00e9 in K\u00f6ln abgegeben worden. Nach Angaben von Polizeisprecher Carsten Rust ging der Notruf gegen 7:30 Uhr ein. Zeugen hatten eine m\u00e4nnliche Person beobachtet, die mehrfach auf das Caf\u00e9 geschossen haben soll. Das berichtet die Rheinische Post am Montag. Als die Einsatzkr\u00e4fte eintrafen, stellten sie entsprechende Spuren [&hellip;]<\/p>\n","protected":false},"author":1,"featured_media":4846,"comment_status":"closed","ping_status":"closed","sticky":false,"template":"","format":"standard","meta":{"_gspb_post_css":"","_uag_custom_page_level_css":"","fifu_image_url":"","fifu_image_alt":"","footnotes":""},"categories":[5],"tags":[],"class_list":["post-20199","post","type-post","status-publish","format-standard","has-post-thumbnail","hentry","category-politik"],"blocksy_meta":{"styles_descriptor":{"styles":{"desktop":"","tablet":"","mobile":""},"google_fonts":[],"version":7}},"uagb_featured_image_src":{"full":["https:\/\/mleexelnfod5.i.optimole.com\/w:auto\/h:auto\/q:mauto\/f:best\/https:\/\/i2.wp.com\/meiser-tv.de\/wp-content\/uploads\/2026\/05\/RSS-Hintergrund.jpg?w=1920&fit=1920,1080&ssl=1",1920,1080,true],"thumbnail":["https:\/\/mleexelnfod5.i.optimole.com\/w:auto\/h:auto\/q:mauto\/f:best\/https:\/\/i2.wp.com\/meiser-tv.de\/wp-content\/uploads\/2026\/05\/RSS-Hintergrund.jpg?w=150&resize=150,150&ssl=1",150,150,true],"medium":["https:\/\/mleexelnfod5.i.optimole.com\/w:auto\/h:auto\/q:mauto\/f:best\/https:\/\/i2.wp.com\/meiser-tv.de\/wp-content\/uploads\/2026\/05\/RSS-Hintergrund.jpg?w=300&fit=300,300&ssl=1",300,300,true],"medium_large":["https:\/\/mleexelnfod5.i.optimole.com\/w:auto\/h:auto\/q:mauto\/f:best\/https:\/\/i2.wp.com\/meiser-tv.de\/wp-content\/uploads\/2026\/05\/RSS-Hintergrund.jpg?w=768&resize=768,0&ssl=1",768,0,true],"large":["https:\/\/mleexelnfod5.i.optimole.com\/w:auto\/h:auto\/q:mauto\/f:best\/https:\/\/i2.wp.com\/meiser-tv.de\/wp-content\/uploads\/2026\/05\/RSS-Hintergrund.jpg?w=1024&fit=1024,1024&ssl=1",1024,1024,true],"1536x1536":["https:\/\/mleexelnfod5.i.optimole.com\/w:auto\/h:auto\/q:mauto\/f:best\/https:\/\/i2.wp.com\/meiser-tv.de\/wp-content\/uploads\/2026\/05\/RSS-Hintergrund.jpg?w=1536&fit=1536,1536&ssl=1",1536,1536,true],"2048x2048":["https:\/\/mleexelnfod5.i.optimole.com\/w:auto\/h:auto\/q:mauto\/f:best\/https:\/\/i2.wp.com\/meiser-tv.de\/wp-content\/uploads\/2026\/05\/RSS-Hintergrund.jpg?w=2048&fit=2048,2048&ssl=1",2048,2048,true],"trp-custom-language-flag":["https:\/\/mleexelnfod5.i.optimole.com\/w:auto\/h:auto\/q:mauto\/f:best\/https:\/\/i2.wp.com\/meiser-tv.de\/wp-content\/uploads\/2026\/05\/RSS-Hintergrund.jpg?w=18&fit=18,12&ssl=1",18,12,true]},"uagb_author_info":{"display_name":"admin","author_link":"https:\/\/meiser-tv.de\/en\/author\/admin\/"},"uagb_comment_info":0,"uagb_excerpt":"In den fr\u00fchen Morgenstunden sind Sch\u00fcsse auf ein Caf\u00e9 in K\u00f6ln abgegeben worden. Nach Angaben von Polizeisprecher Carsten Rust ging der Notruf gegen 7:30 Uhr ein. Zeugen hatten eine m\u00e4nnliche Person beobachtet, die mehrfach auf das Caf\u00e9 geschossen haben soll. Das berichtet die Rheinische Post am Montag. Als die Einsatzkr\u00e4fte eintrafen, stellten sie entsprechende Spuren&hellip;","_links":{"self":[{"href":"https:\/\/meiser-tv.de\/en\/wp-json\/wp\/v2\/posts\/20199","targetHints":{"allow":["GET"]}}],"collection":[{"href":"https:\/\/meiser-tv.de\/en\/wp-json\/wp\/v2\/posts"}],"about":[{"href":"https:\/\/meiser-tv.de\/en\/wp-json\/wp\/v2\/types\/post"}],"author":[{"embeddable":true,"href":"https:\/\/meiser-tv.de\/en\/wp-json\/wp\/v2\/users\/1"}],"replies":[{"embeddable":true,"href":"https:\/\/meiser-tv.de\/en\/wp-json\/wp\/v2\/comments?post=20199"}],"version-history":[{"count":0,"href":"https:\/\/meiser-tv.de\/en\/wp-json\/wp\/v2\/posts\/20199\/revisions"}],"wp:featuredmedia":[{"embeddable":true,"href":"https:\/\/meiser-tv.de\/en\/wp-json\/wp\/v2\/media\/4846"}],"wp:attachment":[{"href":"https:\/\/meiser-tv.de\/en\/wp-json\/wp\/v2\/media?parent=20199"}],"wp:term":[{"taxonomy":"category","embeddable":true,"href":"https:\/\/meiser-tv.de\/en\/wp-json\/wp\/v2\/categories?post=20199"},{"taxonomy":"post_tag","embeddable":true,"href":"https:\/\/meiser-tv.de\/en\/wp-json\/wp\/v2\/tags?post=20199"}],"curies":[{"name":"wp","href":"https:\/\/api.w.org\/{rel}","templated":true}]}}