{"id":20200,"date":"2026-08-31T12:03:42","date_gmt":"2026-08-31T10:03:42","guid":{"rendered":"https:\/\/meiser-tv.de\/uncategorized\/nach-35-jahren-unabhaengigkeit-die-ukraine-am-demografischen-abgrund\/"},"modified":"2026-08-31T12:03:42","modified_gmt":"2026-08-31T10:03:42","slug":"nach-35-jahren-unabhaengigkeit-die-ukraine-am-demografischen-abgrund","status":"publish","type":"post","link":"https:\/\/meiser-tv.de\/en\/uncategorized\/nach-35-jahren-unabhaengigkeit-die-ukraine-am-demografischen-abgrund\/","title":{"rendered":"Nach 35 Jahren Unabh\u00e4ngigkeit: Die Ukraine am demografischen Abgrund"},"content":{"rendered":"<div>\n<h3 class=\"wp-block-heading\">Seit ihrer Unabh\u00e4ngigkeit 1991 verlor die Ukraine offenbar die H\u00e4lfte ihrer Bev\u00f6lkerung. Ob diese Entwicklung umgekehrt werden kann, ist angesichts der demografischen Probleme mehr als fraglich.<a target=\"_blank\" rel=\"noopener noreferrer\" href=\"https:\/\/substack.com\/@alexmaenner1986\"><\/a><\/h3>\n<p class=\"wp-block-paragraph\">Von Alex M\u00e4nner<\/p>\n<p class=\"wp-block-paragraph\">Am vergangenen Montag wurde in der Ukraine der inzwischen 35. Jahrestag der Unabh\u00e4ngigkeitserkl\u00e4rung des Landes begangen. Diese Erkl\u00e4rung erfolgte am 24. August 1991 durch die Werchowna Rada der damaligen Ukrainischen SSR am Vorabend der Aufl\u00f6sung der Sowjetunion und legte so den Grundstein f\u00fcr einen souver\u00e4nen ukrainischen Staat, der seine Entwicklung k\u00fcnftig selbst bestimmen sollte.<\/p>\n<p class=\"wp-block-paragraph\">Anl\u00e4sslich dieses Jubil\u00e4ums haben mehrere Staats- und Regierungschefs aus Europa und anderen Teilen der Welt der ukrainischen F\u00fchrung und den Ukrainern zum Unabh\u00e4ngigkeitstag gratuliert. Ob die Menschen in der Ukraine solche Gratulationen angesichts der katastrophalen Lage, in der sich ihr Land mittlerweile befindet, noch<\/p>\n<\/div>","protected":false},"excerpt":{"rendered":"<p>Seit ihrer Unabh\u00e4ngigkeit 1991 verlor die Ukraine offenbar die H\u00e4lfte ihrer Bev\u00f6lkerung. Ob diese Entwicklung umgekehrt werden kann, ist angesichts der demografischen Probleme mehr als fraglich. Von Alex M\u00e4nner Am vergangenen Montag wurde in der Ukraine der inzwischen 35. Jahrestag der Unabh\u00e4ngigkeitserkl\u00e4rung des Landes begangen. Diese Erkl\u00e4rung erfolgte am 24. August 1991 durch die Werchowna [&hellip;]<\/p>\n","protected":false},"author":1,"featured_media":4846,"comment_status":"closed","ping_status":"closed","sticky":false,"template":"","format":"standard","meta":{"_gspb_post_css":"","_uag_custom_page_level_css":"","fifu_image_url":"","fifu_image_alt":"","footnotes":""},"categories":[1],"tags":[],"class_list":["post-20200","post","type-post","status-publish","format-standard","has-post-thumbnail","hentry","category-uncategorized"],"blocksy_meta":{"styles_descriptor":{"styles":{"desktop":"","tablet":"","mobile":""},"google_fonts":[],"version":7}},"uagb_featured_image_src":{"full":["https:\/\/mleexelnfod5.i.optimole.com\/w:auto\/h:auto\/q:mauto\/f:best\/https:\/\/i2.wp.com\/meiser-tv.de\/wp-content\/uploads\/2026\/05\/RSS-Hintergrund.jpg?w=1920&fit=1920,1080&ssl=1",1920,1080,true],"thumbnail":["https:\/\/mleexelnfod5.i.optimole.com\/w:auto\/h:auto\/q:mauto\/f:best\/https:\/\/i2.wp.com\/meiser-tv.de\/wp-content\/uploads\/2026\/05\/RSS-Hintergrund.jpg?w=150&resize=150,150&ssl=1",150,150,true],"medium":["https:\/\/mleexelnfod5.i.optimole.com\/w:auto\/h:auto\/q:mauto\/f:best\/https:\/\/i2.wp.com\/meiser-tv.de\/wp-content\/uploads\/2026\/05\/RSS-Hintergrund.jpg?w=300&fit=300,300&ssl=1",300,300,true],"medium_large":["https:\/\/mleexelnfod5.i.optimole.com\/w:auto\/h:auto\/q:mauto\/f:best\/https:\/\/i2.wp.com\/meiser-tv.de\/wp-content\/uploads\/2026\/05\/RSS-Hintergrund.jpg?w=768&resize=768,0&ssl=1",768,0,true],"large":["https:\/\/mleexelnfod5.i.optimole.com\/w:auto\/h:auto\/q:mauto\/f:best\/https:\/\/i2.wp.com\/meiser-tv.de\/wp-content\/uploads\/2026\/05\/RSS-Hintergrund.jpg?w=1024&fit=1024,1024&ssl=1",1024,1024,true],"1536x1536":["https:\/\/mleexelnfod5.i.optimole.com\/w:auto\/h:auto\/q:mauto\/f:best\/https:\/\/i2.wp.com\/meiser-tv.de\/wp-content\/uploads\/2026\/05\/RSS-Hintergrund.jpg?w=1536&fit=1536,1536&ssl=1",1536,1536,true],"2048x2048":["https:\/\/mleexelnfod5.i.optimole.com\/w:auto\/h:auto\/q:mauto\/f:best\/https:\/\/i2.wp.com\/meiser-tv.de\/wp-content\/uploads\/2026\/05\/RSS-Hintergrund.jpg?w=2048&fit=2048,2048&ssl=1",2048,2048,true],"trp-custom-language-flag":["https:\/\/mleexelnfod5.i.optimole.com\/w:auto\/h:auto\/q:mauto\/f:best\/https:\/\/i2.wp.com\/meiser-tv.de\/wp-content\/uploads\/2026\/05\/RSS-Hintergrund.jpg?w=18&fit=18,12&ssl=1",18,12,true]},"uagb_author_info":{"display_name":"admin","author_link":"https:\/\/meiser-tv.de\/en\/author\/admin\/"},"uagb_comment_info":0,"uagb_excerpt":"Seit ihrer Unabh\u00e4ngigkeit 1991 verlor die Ukraine offenbar die H\u00e4lfte ihrer Bev\u00f6lkerung. Ob diese Entwicklung umgekehrt werden kann, ist angesichts der demografischen Probleme mehr als fraglich. Von Alex M\u00e4nner Am vergangenen Montag wurde in der Ukraine der inzwischen 35. Jahrestag der Unabh\u00e4ngigkeitserkl\u00e4rung des Landes begangen. Diese Erkl\u00e4rung erfolgte am 24. August 1991 durch die Werchowna&hellip;","_links":{"self":[{"href":"https:\/\/meiser-tv.de\/en\/wp-json\/wp\/v2\/posts\/20200","targetHints":{"allow":["GET"]}}],"collection":[{"href":"https:\/\/meiser-tv.de\/en\/wp-json\/wp\/v2\/posts"}],"about":[{"href":"https:\/\/meiser-tv.de\/en\/wp-json\/wp\/v2\/types\/post"}],"author":[{"embeddable":true,"href":"https:\/\/meiser-tv.de\/en\/wp-json\/wp\/v2\/users\/1"}],"replies":[{"embeddable":true,"href":"https:\/\/meiser-tv.de\/en\/wp-json\/wp\/v2\/comments?post=20200"}],"version-history":[{"count":0,"href":"https:\/\/meiser-tv.de\/en\/wp-json\/wp\/v2\/posts\/20200\/revisions"}],"wp:featuredmedia":[{"embeddable":true,"href":"https:\/\/meiser-tv.de\/en\/wp-json\/wp\/v2\/media\/4846"}],"wp:attachment":[{"href":"https:\/\/meiser-tv.de\/en\/wp-json\/wp\/v2\/media?parent=20200"}],"wp:term":[{"taxonomy":"category","embeddable":true,"href":"https:\/\/meiser-tv.de\/en\/wp-json\/wp\/v2\/categories?post=20200"},{"taxonomy":"post_tag","embeddable":true,"href":"https:\/\/meiser-tv.de\/en\/wp-json\/wp\/v2\/tags?post=20200"}],"curies":[{"name":"wp","href":"https:\/\/api.w.org\/{rel}","templated":true}]}}