{"id":20205,"date":"2026-08-31T13:02:12","date_gmt":"2026-08-31T11:02:12","guid":{"rendered":"https:\/\/meiser-tv.de\/medienkritik\/aus-sorge-um-oeffentliche-sicherheit-islam-hochburg-birmingham-will-patriotische-flaggen-verbieten\/"},"modified":"2026-08-31T13:02:12","modified_gmt":"2026-08-31T11:02:12","slug":"aus-sorge-um-oeffentliche-sicherheit-islam-hochburg-birmingham-will-patriotische-flaggen-verbieten","status":"publish","type":"post","link":"https:\/\/meiser-tv.de\/en\/medienkritik\/aus-sorge-um-oeffentliche-sicherheit-islam-hochburg-birmingham-will-patriotische-flaggen-verbieten\/","title":{"rendered":"Aus Sorge um \u201e\u00f6ffentliche Sicherheit\u201c: Islam-Hochburg Birmingham will patriotische Flaggen verbieten!"},"content":{"rendered":"<div>\n<p class=\"wp-block-paragraph\">Der Stadtrat der britischen Industriemetropole Birmingham hat rechtliche Schritte eingeleitet, um das Anbringen britischer Flaggen an Stra\u00dfenlaternen und anderen Stellen im \u00f6ffentlichen Raum zu verbieten. Betroffen w\u00e4ren im Herzern von England sowohl der Union Jack als auch das rote St.-Georgs-Kreuz auf wei\u00dfem Hintergrund.<\/p>\n<p class=\"wp-block-paragraph\">Die von Liberaldemokraten, \u201eGr\u00fcnen\u201c und unabh\u00e4ngigen Ratsmitgliedern gef\u00fchrte Stadtverwaltung begr\u00fcndet das Vorgehen mit dem angeblichen \u201eSchutz der \u00f6ffentlichen Sicherheit\u201c. Die 1,2 Millionen Einwohner z\u00e4hlende Gro\u00dfstadt in den West Midlands gilt mit einem Migrantenanteil von fast 30 Prozent als eine Hochburg des Islam im Vereinigten K\u00f6nigreich.<\/p>\n<p class=\"wp-block-paragraph\">Laut einer beim High Court beantragten einstweiligen Verf\u00fcgung droht Personen, die ohne Genehmigung Flaggen an Stra\u00dfenlaternen oder in der N\u00e4he \u00f6ffentlicher Verkehrswege anbringen, bis zu zwei Jahre Haft oder eine empfindliche Geldstrafe in unbegrenzter H\u00f6he.<\/p>\n<p><strong>Beitrag:<\/strong> <a target=\"_blank\" rel=\"noopener noreferrer\" href=\"https:\/\/deutschlandkurier.de\/2026\/08\/aus-sorge-um-oeffentliche-sicherheit-islam-hochburg-birmingham-will-patriotische-flaggen-verbieten\/\">Aus Sorge um \u201e\u00f6ffentliche Sicherheit\u201c: Islam-Hochburg Birmingham will patriotische Flaggen verbieten!<\/a> <br><strong>Quelle:<\/strong> Deutschland-Kurier.<\/p>\n<\/div>","protected":false},"excerpt":{"rendered":"<div>\n<p>Der Stadtrat der britischen Industriemetropole Birmingham hat rechtliche Schritte eingeleitet, um das Anbringen britischer Flaggen an Stra\u00dfenlaternen und anderen Stellen im \u00f6ffentlichen Raum zu verbieten. Betroffen w\u00e4ren im Herzern von England sowohl der Union Jack als auch das rote St.-Georgs-Kreuz auf wei\u00dfem Hintergrund. Die von Liberaldemokraten, \u201eGr\u00fcnen\u201c und unabh\u00e4ngigen Ratsmitgliedern gef\u00fchrte Stadtverwaltung begr\u00fcndet das Vorgehen [\u2026]<\/p>\n<p>The post <a href=\"https:\/\/deutschlandkurier.de\/2026\/08\/aus-sorge-um-oeffentliche-sicherheit-islam-hochburg-birmingham-will-patriotische-flaggen-verbieten\/\">Aus Sorge um \u201e\u00f6ffentliche Sicherheit\u201c: Islam-Hochburg Birmingham will patriotische Flaggen verbieten!<\/a> appeared first on <a href=\"https:\/\/deutschlandkurier.de\/\">Deutschland-Kurier<\/a>.<\/p>\n<\/div>\n","protected":false},"author":1,"featured_media":4846,"comment_status":"closed","ping_status":"closed","sticky":false,"template":"","format":"standard","meta":{"_gspb_post_css":"","_uag_custom_page_level_css":"","fifu_image_url":"","fifu_image_alt":"","footnotes":""},"categories":[17],"tags":[],"class_list":["post-20205","post","type-post","status-publish","format-standard","has-post-thumbnail","hentry","category-medienkritik"],"blocksy_meta":{"styles_descriptor":{"styles":{"desktop":"","tablet":"","mobile":""},"google_fonts":[],"version":7}},"uagb_featured_image_src":{"full":["https:\/\/mleexelnfod5.i.optimole.com\/w:auto\/h:auto\/q:mauto\/f:best\/https:\/\/i2.wp.com\/meiser-tv.de\/wp-content\/uploads\/2026\/05\/RSS-Hintergrund.jpg?w=1920&fit=1920,1080&ssl=1",1920,1080,true],"thumbnail":["https:\/\/mleexelnfod5.i.optimole.com\/w:auto\/h:auto\/q:mauto\/f:best\/https:\/\/i2.wp.com\/meiser-tv.de\/wp-content\/uploads\/2026\/05\/RSS-Hintergrund.jpg?w=150&resize=150,150&ssl=1",150,150,true],"medium":["https:\/\/mleexelnfod5.i.optimole.com\/w:auto\/h:auto\/q:mauto\/f:best\/https:\/\/i2.wp.com\/meiser-tv.de\/wp-content\/uploads\/2026\/05\/RSS-Hintergrund.jpg?w=300&fit=300,300&ssl=1",300,300,true],"medium_large":["https:\/\/mleexelnfod5.i.optimole.com\/w:auto\/h:auto\/q:mauto\/f:best\/https:\/\/i2.wp.com\/meiser-tv.de\/wp-content\/uploads\/2026\/05\/RSS-Hintergrund.jpg?w=768&resize=768,0&ssl=1",768,0,true],"large":["https:\/\/mleexelnfod5.i.optimole.com\/w:auto\/h:auto\/q:mauto\/f:best\/https:\/\/i2.wp.com\/meiser-tv.de\/wp-content\/uploads\/2026\/05\/RSS-Hintergrund.jpg?w=1024&fit=1024,1024&ssl=1",1024,1024,true],"1536x1536":["https:\/\/mleexelnfod5.i.optimole.com\/w:auto\/h:auto\/q:mauto\/f:best\/https:\/\/i2.wp.com\/meiser-tv.de\/wp-content\/uploads\/2026\/05\/RSS-Hintergrund.jpg?w=1536&fit=1536,1536&ssl=1",1536,1536,true],"2048x2048":["https:\/\/mleexelnfod5.i.optimole.com\/w:auto\/h:auto\/q:mauto\/f:best\/https:\/\/i2.wp.com\/meiser-tv.de\/wp-content\/uploads\/2026\/05\/RSS-Hintergrund.jpg?w=2048&fit=2048,2048&ssl=1",2048,2048,true],"trp-custom-language-flag":["https:\/\/mleexelnfod5.i.optimole.com\/w:auto\/h:auto\/q:mauto\/f:best\/https:\/\/i2.wp.com\/meiser-tv.de\/wp-content\/uploads\/2026\/05\/RSS-Hintergrund.jpg?w=18&fit=18,12&ssl=1",18,12,true]},"uagb_author_info":{"display_name":"admin","author_link":"https:\/\/meiser-tv.de\/en\/author\/admin\/"},"uagb_comment_info":0,"uagb_excerpt":"Der Stadtrat der britischen Industriemetropole Birmingham hat rechtliche Schritte eingeleitet, um das Anbringen britischer Flaggen an Stra\u00dfenlaternen und anderen Stellen im \u00f6ffentlichen Raum zu verbieten. Betroffen w\u00e4ren im Herzern von England sowohl der Union Jack als auch das rote St.-Georgs-Kreuz auf wei\u00dfem Hintergrund. Die von Liberaldemokraten, \u201eGr\u00fcnen\u201c und unabh\u00e4ngigen Ratsmitgliedern gef\u00fchrte Stadtverwaltung begr\u00fcndet das Vorgehen&hellip;","_links":{"self":[{"href":"https:\/\/meiser-tv.de\/en\/wp-json\/wp\/v2\/posts\/20205","targetHints":{"allow":["GET"]}}],"collection":[{"href":"https:\/\/meiser-tv.de\/en\/wp-json\/wp\/v2\/posts"}],"about":[{"href":"https:\/\/meiser-tv.de\/en\/wp-json\/wp\/v2\/types\/post"}],"author":[{"embeddable":true,"href":"https:\/\/meiser-tv.de\/en\/wp-json\/wp\/v2\/users\/1"}],"replies":[{"embeddable":true,"href":"https:\/\/meiser-tv.de\/en\/wp-json\/wp\/v2\/comments?post=20205"}],"version-history":[{"count":0,"href":"https:\/\/meiser-tv.de\/en\/wp-json\/wp\/v2\/posts\/20205\/revisions"}],"wp:featuredmedia":[{"embeddable":true,"href":"https:\/\/meiser-tv.de\/en\/wp-json\/wp\/v2\/media\/4846"}],"wp:attachment":[{"href":"https:\/\/meiser-tv.de\/en\/wp-json\/wp\/v2\/media?parent=20205"}],"wp:term":[{"taxonomy":"category","embeddable":true,"href":"https:\/\/meiser-tv.de\/en\/wp-json\/wp\/v2\/categories?post=20205"},{"taxonomy":"post_tag","embeddable":true,"href":"https:\/\/meiser-tv.de\/en\/wp-json\/wp\/v2\/tags?post=20205"}],"curies":[{"name":"wp","href":"https:\/\/api.w.org\/{rel}","templated":true}]}}