{"id":20210,"date":"2026-08-31T13:03:08","date_gmt":"2026-08-31T11:03:08","guid":{"rendered":"https:\/\/meiser-tv.de\/politik\/buergergeld-trotz-haftbefehl-bas-ministerium-irritiert-mit-untaetigkeit\/"},"modified":"2026-08-31T13:03:08","modified_gmt":"2026-08-31T11:03:08","slug":"buergergeld-trotz-haftbefehl-bas-ministerium-irritiert-mit-untaetigkeit","status":"publish","type":"post","link":"https:\/\/meiser-tv.de\/en\/politik\/buergergeld-trotz-haftbefehl-bas-ministerium-irritiert-mit-untaetigkeit\/","title":{"rendered":"B\u00fcrgergeld trotz Haftbefehl? Bas-Ministerium irritiert mit Unt\u00e4tigkeit"},"content":{"rendered":"<div>\n<p>&#8222;&#8220;Wir m\u00fcssen dringend etwas gegen Schwarzarbeit und Sozialleistungs\u00admissbrauch tun&#8220;, so die <a href=\"https:\/\/www.bmas.de\/DE\/Service\/Presse\/Interviews\/2025\/2025-06-05-stern.html?utm_source\" target=\"_blank\" rel=\"noopener noreferrer\">zitierte<\/a> Wahrnehmung samt Ank\u00fcndigung von\u00a0SPD-Bundesarbeitsministerin B\u00e4rbel Bas im Juni des Vorjahres auf der Webseite ihres Ministeriums (BMAS). Rund ein Jahr sp\u00e4ter erfolgt nun die ge\u00e4u\u00dferte Kritik seitens des Koalitionspartners. So wollten demnach\u00a0Union und SPD zusammen laut interner Regierungsplanung &#8222;per Haftbefehl Gesuchten Grundsicherung und Sozialhilfe streichen&#8220;. Der notwendige Aktionsplan von Arbeitsministerin B\u00e4rbel Bas sei jedoch &#8222;trotz Ank\u00fcndigung weiter nicht vorgelegt&#8220;, so die Unmuts\u00e4u\u00dferung von Unionsfraktionsvize G\u00fcnter Krings (CDU).\u00a0<\/p>\n<p>In einem Interview im Sommer 2025 gab die Arbeitsministerin zu Protokoll, dass zum Thema bewusster Sozialleistungsmissbrauch in Deutschland w\u00f6rtlich &#8222;mafi\u00f6se Zust\u00e4nde&#8220; existieren w\u00fcrden, &#8222;die wir zerschlagen m\u00fcssen&#8220;, so die SPD-Politikerin gegen\u00fcber dem Boulevardmagazin\u00a0<em>Stern<\/em>.\u00a0<\/p>\n<p>Unionsfraktionsvize G\u00fcnter Krings erkl\u00e4rte nun gegen\u00fcber der\u00a0<em>Rheinischen Post<\/em>\u00a0(<em>RP<\/em>, Bezahlschranke) seinen unmissverst\u00e4ndlichen Unmut gegen\u00fcber der Koalitionskollegin, da es Bas demnach weiterhin unterl\u00e4sst, &#8222;den von der Koalition bereits beschlossenen Aktionsplan gegen Sozialleistungsmissbrauch rasch vorzulegen&#8220;. Als daraus resultierendes Fallbeispiel f\u00fcr fatale Realit\u00e4ten im Land erkl\u00e4rt Krings:<\/p>\n<p><em>&#8222;Menschen, die per Haftbefehl gesucht werden, k\u00f6nnen derzeit weiterhin die soziale Grundsicherung beziehen.&#8220;<\/em><\/p>\n<p>So w\u00fcrden laut\u00a0<em>RP<\/em>-Darlegungen aktuell bundesweit &#8222;Haftbefehle f\u00fcr mehr als 100.000 Menschen vorliegen&#8220;, allein in Nordrhein-Westfalen\u00a0dabei &#8222;fast 28.000&#8220;. Wie viele von diesen Personen wiederum die Grundsicherung, das bisherige B\u00fcrgergeld, beziehen, sei jedoch unbekannt. Daher \u00e4u\u00dferte der CDU-Politiker im\u00a0<em>RP<\/em>-Artikel nachdr\u00fccklich seine Kritik:<\/p>\n<p><em>&#8222;Wer in Deutschland per Haftbefehl gesucht wird und sich vor der Polizei versteckt, bekommt trotzdem weiter die volle Sozialleistung \u00fcberwiesen.\u00a0Der Rest der Welt d\u00fcrfte nur noch den Kopf \u00fcber uns sch\u00fctteln. Was mich aber fast noch mehr entsetzt: Offenbar hat das Arbeitsministerium hier \u00fcberhaupt keine Eile, diesen unhaltbaren Zustand abzuschaffen.&#8220;<\/em><\/p>\n<\/p>\n<p>Laut dem Unionsabgeordneten im Bundestag sollte demnach bereits im Juli seitens Bas und ihrem Ministerium dazu ein abgesprochener Arbeitsplan vorgelegt werden. Die Realit\u00e4t lautet:<\/p>\n<p><em>&#8222;Nichts davon ist passiert. Das Arbeitsministerium muss endlich seine Priorit\u00e4ten \u00fcberdenken und sich nicht hinter Datenschutz verstecken.&#8220;<\/em><\/p>\n<p>Die f\u00fcr die Auszahlung der Grundsicherung zust\u00e4ndigen Jobcenter w\u00fcrden dabei &#8222;oft nicht \u00fcber die Information verf\u00fcgen, dass f\u00fcr einen Antragsteller ein Haftbefehl vorliegt&#8220;, so ein\u00a0<em>Welt<\/em>&#8211;<a href=\"https:\/\/www.welt.de\/politik\/deutschland\/article6a94b273d88567044d84aa1c\/leistungs-missbrauch-rest-der-welt-duerfte-kopf-schuetteln-per-haftbefehl-gesuchte-kassieren-weiter-grundsicherung.html?source=puerto-reco-2_ABC-V50.5.A_schlagzeilen_control\" target=\"_blank\" rel=\"noopener noreferrer\">Artikel<\/a>\u00a0erg\u00e4nzend darlegend. Deshalb sollen die deutschen Beh\u00f6rden laut Pl\u00e4nen im Regierungsviertel ab 2026 eigentlich &#8222;solche Daten untereinander austauschen&#8220; k\u00f6nnen. Dabei sei wiederum zu kl\u00e4ren, &#8222;wie der Datenschutz dennoch gewahrt bleiben kann&#8220;, was dann die Aufgabe der Bundesregierung darstellt. In dem Falle umgesetzt durch das BMAS, unter Leitung von Ministerin Bas.<\/p>\n<p>Wer den Sozialstaat erhalten &#8222;und zukunftsf\u00e4hig machen will, darf bei Leistungsmissbrauch nicht wegsehen&#8220;, betonte Bas diesbez\u00fcglich in einem Interview im Vorjahr mit der\u00a0<em>Neuen Osnabr\u00fccker Zeitung<\/em>\u00a0(Bezahlschranke)<em>\u00a0<\/em>. Zwar halte sich nur ein &#8222;ganz kleiner&#8220; Teil der Leistungsbezieher nicht an die Regeln, &#8222;dennoch sei Missbrauch keine Lappalie&#8220;.<\/p>\n<p>Ein konsequentes Vorgehen der zust\u00e4ndigen Beh\u00f6rden sei deshalb laut der SPD-Politikerin &#8222;eine Frage der Gerechtigkeit&#8220;.\u00a0Insgesamt setze die angek\u00fcndigte Reform daher &#8222;st\u00e4rker auf Eigenverantwortung, Verbindlichkeit und die aktive Mitwirkung der Leistungsbezieher&#8220;.<\/p>\n<p><strong>Mehr zum Thema &#8211;<\/strong>\u00a0<a href=\"https:\/\/de-rtnews.com\/gesellschaft\/283283-survival-of-the-fittest-bundesregierung\/\" target=\"_blank\" rel=\"noopener noreferrer\">&#8222;Survival of the Fittest&#8220;? Bundesregierung will sogar Hilfen f\u00fcr behinderte Kinder streichen <\/a><\/p>\n<div class=\"EmbedBlock-root EmbedBlock-externalVideo EmbedBlock-rumble\">\n<div class=\"VkEmbed\"><iframe class=\"lazyload\" data-src=\"https:\/\/rumble.com\/embed\/v7co474\" frameborder=\"0\" width=\"853\" height=\"480\" allowfullscreen><\/iframe><\/div>\n<\/p><\/div>\n<\/p>\n<\/div>","protected":false},"excerpt":{"rendered":"<p>&#8222;&#8220;Wir m\u00fcssen dringend etwas gegen Schwarzarbeit und Sozialleistungs\u00admissbrauch tun&#8220;, so die zitierte Wahrnehmung samt Ank\u00fcndigung von\u00a0SPD-Bundesarbeitsministerin B\u00e4rbel Bas im Juni des Vorjahres auf der Webseite ihres Ministeriums (BMAS). Rund ein Jahr sp\u00e4ter erfolgt nun die ge\u00e4u\u00dferte Kritik seitens des Koalitionspartners. So wollten demnach\u00a0Union und SPD zusammen laut interner Regierungsplanung &#8222;per Haftbefehl Gesuchten Grundsicherung und Sozialhilfe [&hellip;]<\/p>\n","protected":false},"author":1,"featured_media":4846,"comment_status":"closed","ping_status":"closed","sticky":false,"template":"","format":"standard","meta":{"_gspb_post_css":"","_uag_custom_page_level_css":"","fifu_image_url":"","fifu_image_alt":"","footnotes":""},"categories":[5],"tags":[],"class_list":["post-20210","post","type-post","status-publish","format-standard","has-post-thumbnail","hentry","category-politik"],"blocksy_meta":{"styles_descriptor":{"styles":{"desktop":"","tablet":"","mobile":""},"google_fonts":[],"version":7}},"uagb_featured_image_src":{"full":["https:\/\/mleexelnfod5.i.optimole.com\/w:auto\/h:auto\/q:mauto\/f:best\/https:\/\/i2.wp.com\/meiser-tv.de\/wp-content\/uploads\/2026\/05\/RSS-Hintergrund.jpg?w=1920&fit=1920,1080&ssl=1",1920,1080,true],"thumbnail":["https:\/\/mleexelnfod5.i.optimole.com\/w:auto\/h:auto\/q:mauto\/f:best\/https:\/\/i2.wp.com\/meiser-tv.de\/wp-content\/uploads\/2026\/05\/RSS-Hintergrund.jpg?w=150&resize=150,150&ssl=1",150,150,true],"medium":["https:\/\/mleexelnfod5.i.optimole.com\/w:auto\/h:auto\/q:mauto\/f:best\/https:\/\/i2.wp.com\/meiser-tv.de\/wp-content\/uploads\/2026\/05\/RSS-Hintergrund.jpg?w=300&fit=300,300&ssl=1",300,300,true],"medium_large":["https:\/\/mleexelnfod5.i.optimole.com\/w:auto\/h:auto\/q:mauto\/f:best\/https:\/\/i2.wp.com\/meiser-tv.de\/wp-content\/uploads\/2026\/05\/RSS-Hintergrund.jpg?w=768&resize=768,0&ssl=1",768,0,true],"large":["https:\/\/mleexelnfod5.i.optimole.com\/w:auto\/h:auto\/q:mauto\/f:best\/https:\/\/i2.wp.com\/meiser-tv.de\/wp-content\/uploads\/2026\/05\/RSS-Hintergrund.jpg?w=1024&fit=1024,1024&ssl=1",1024,1024,true],"1536x1536":["https:\/\/mleexelnfod5.i.optimole.com\/w:auto\/h:auto\/q:mauto\/f:best\/https:\/\/i2.wp.com\/meiser-tv.de\/wp-content\/uploads\/2026\/05\/RSS-Hintergrund.jpg?w=1536&fit=1536,1536&ssl=1",1536,1536,true],"2048x2048":["https:\/\/mleexelnfod5.i.optimole.com\/w:auto\/h:auto\/q:mauto\/f:best\/https:\/\/i2.wp.com\/meiser-tv.de\/wp-content\/uploads\/2026\/05\/RSS-Hintergrund.jpg?w=2048&fit=2048,2048&ssl=1",2048,2048,true],"trp-custom-language-flag":["https:\/\/mleexelnfod5.i.optimole.com\/w:auto\/h:auto\/q:mauto\/f:best\/https:\/\/i2.wp.com\/meiser-tv.de\/wp-content\/uploads\/2026\/05\/RSS-Hintergrund.jpg?w=18&fit=18,12&ssl=1",18,12,true]},"uagb_author_info":{"display_name":"admin","author_link":"https:\/\/meiser-tv.de\/en\/author\/admin\/"},"uagb_comment_info":0,"uagb_excerpt":"&#8222;&#8220;Wir m\u00fcssen dringend etwas gegen Schwarzarbeit und Sozialleistungs\u00admissbrauch tun&#8220;, so die zitierte Wahrnehmung samt Ank\u00fcndigung von\u00a0SPD-Bundesarbeitsministerin B\u00e4rbel Bas im Juni des Vorjahres auf der Webseite ihres Ministeriums (BMAS). Rund ein Jahr sp\u00e4ter erfolgt nun die ge\u00e4u\u00dferte Kritik seitens des Koalitionspartners. So wollten demnach\u00a0Union und SPD zusammen laut interner Regierungsplanung &#8222;per Haftbefehl Gesuchten Grundsicherung und Sozialhilfe&hellip;","_links":{"self":[{"href":"https:\/\/meiser-tv.de\/en\/wp-json\/wp\/v2\/posts\/20210","targetHints":{"allow":["GET"]}}],"collection":[{"href":"https:\/\/meiser-tv.de\/en\/wp-json\/wp\/v2\/posts"}],"about":[{"href":"https:\/\/meiser-tv.de\/en\/wp-json\/wp\/v2\/types\/post"}],"author":[{"embeddable":true,"href":"https:\/\/meiser-tv.de\/en\/wp-json\/wp\/v2\/users\/1"}],"replies":[{"embeddable":true,"href":"https:\/\/meiser-tv.de\/en\/wp-json\/wp\/v2\/comments?post=20210"}],"version-history":[{"count":0,"href":"https:\/\/meiser-tv.de\/en\/wp-json\/wp\/v2\/posts\/20210\/revisions"}],"wp:featuredmedia":[{"embeddable":true,"href":"https:\/\/meiser-tv.de\/en\/wp-json\/wp\/v2\/media\/4846"}],"wp:attachment":[{"href":"https:\/\/meiser-tv.de\/en\/wp-json\/wp\/v2\/media?parent=20210"}],"wp:term":[{"taxonomy":"category","embeddable":true,"href":"https:\/\/meiser-tv.de\/en\/wp-json\/wp\/v2\/categories?post=20210"},{"taxonomy":"post_tag","embeddable":true,"href":"https:\/\/meiser-tv.de\/en\/wp-json\/wp\/v2\/tags?post=20210"}],"curies":[{"name":"wp","href":"https:\/\/api.w.org\/{rel}","templated":true}]}}