{"id":20211,"date":"2026-08-31T13:03:43","date_gmt":"2026-08-31T11:03:43","guid":{"rendered":"https:\/\/meiser-tv.de\/uncategorized\/covid-und-die-systematische-realitaetsverweigerung\/"},"modified":"2026-08-31T13:03:43","modified_gmt":"2026-08-31T11:03:43","slug":"covid-und-die-systematische-realitaetsverweigerung","status":"publish","type":"post","link":"https:\/\/meiser-tv.de\/en\/uncategorized\/covid-und-die-systematische-realitaetsverweigerung\/","title":{"rendered":"Covid und die systematische Realit\u00e4tsverweigerung"},"content":{"rendered":"<div>\n<p class=\"wp-block-paragraph\">Peter Haisenko\u00a0<\/p>\n<p class=\"wp-block-paragraph\">Am 24. August 2026 brachte die M\u00fcnchner tz einen ganzseitigen Artikel \u00fcber eine Frau, die schwer unter ME\/CFS leidet. Das wird als \u201ePost-Covid\u201c bezeichnet. Dass ein aufmerksamer Leser im Text selbst erkennen kann, dass es eher ein \u201eImpfschaden\u201c ist, \u00fcbersehen sie geflissentlich.<\/p>\n<p class=\"wp-block-paragraph\">Mir stellt sich die Frage, ob die Autorin dieses Artikels, Anastasia Bondarenko, so dumm oder ihrem Auftrag zu gezielter Propaganda gefolgt ist. Zun\u00e4chst beschreibt die \u201eden t\u00e4glichen Kampf gegen den Schmerz\u201c dieser bedauernswerten Gesch\u00e4digten in einer Weise, die auf die Tr\u00e4nendr\u00fcsen abzielt. Ja, es geht ihr wohl wirklich sehr schlecht. Sie zitiert die Schwester, denn die Betroffene selbst sei nicht mehr in der Lage, f\u00fcr sich selbst zu sprechen. Die berichtet, wie die 38-j\u00e4hrige seit vier Jahren leidet und wie es dazu gekommen ist. Ich zitiere aus der tz:<\/p>\n<p class=\"wp-block-paragraph\">\u201eDie ersten Beschwerden traten 2022 nach ihrer Covid-Impfung auf. \u201eWir dachten, dass es nur Nebenwirkungen sind\u201c, erinnert sich Schiller. Wenig sp\u00e4ter infizierte sich die damals 34-j\u00e4hrige mit dem Coronavirus. Von da an verschlechterte sich ihr Zustand zunehmend. Sie schaffte die Treppen zu ihrer Wohnung kaum noch, brach bei der Arbeit immer h\u00e4ufiger<\/p>\n<\/div>","protected":false},"excerpt":{"rendered":"<p>Peter Haisenko\u00a0 Am 24. August 2026 brachte die M\u00fcnchner tz einen ganzseitigen Artikel \u00fcber eine Frau, die schwer unter ME\/CFS leidet. Das wird als \u201ePost-Covid\u201c bezeichnet. Dass ein aufmerksamer Leser im Text selbst erkennen kann, dass es eher ein \u201eImpfschaden\u201c ist, \u00fcbersehen sie geflissentlich. Mir stellt sich die Frage, ob die Autorin dieses Artikels, Anastasia [&hellip;]<\/p>\n","protected":false},"author":1,"featured_media":4846,"comment_status":"closed","ping_status":"closed","sticky":false,"template":"","format":"standard","meta":{"_gspb_post_css":"","_uag_custom_page_level_css":"","fifu_image_url":"","fifu_image_alt":"","footnotes":""},"categories":[1],"tags":[],"class_list":["post-20211","post","type-post","status-publish","format-standard","has-post-thumbnail","hentry","category-uncategorized"],"blocksy_meta":{"styles_descriptor":{"styles":{"desktop":"","tablet":"","mobile":""},"google_fonts":[],"version":7}},"uagb_featured_image_src":{"full":["https:\/\/mleexelnfod5.i.optimole.com\/w:auto\/h:auto\/q:mauto\/f:best\/https:\/\/i2.wp.com\/meiser-tv.de\/wp-content\/uploads\/2026\/05\/RSS-Hintergrund.jpg?w=1920&fit=1920,1080&ssl=1",1920,1080,true],"thumbnail":["https:\/\/mleexelnfod5.i.optimole.com\/w:auto\/h:auto\/q:mauto\/f:best\/https:\/\/i2.wp.com\/meiser-tv.de\/wp-content\/uploads\/2026\/05\/RSS-Hintergrund.jpg?w=150&resize=150,150&ssl=1",150,150,true],"medium":["https:\/\/mleexelnfod5.i.optimole.com\/w:auto\/h:auto\/q:mauto\/f:best\/https:\/\/i2.wp.com\/meiser-tv.de\/wp-content\/uploads\/2026\/05\/RSS-Hintergrund.jpg?w=300&fit=300,300&ssl=1",300,300,true],"medium_large":["https:\/\/mleexelnfod5.i.optimole.com\/w:auto\/h:auto\/q:mauto\/f:best\/https:\/\/i2.wp.com\/meiser-tv.de\/wp-content\/uploads\/2026\/05\/RSS-Hintergrund.jpg?w=768&resize=768,0&ssl=1",768,0,true],"large":["https:\/\/mleexelnfod5.i.optimole.com\/w:auto\/h:auto\/q:mauto\/f:best\/https:\/\/i2.wp.com\/meiser-tv.de\/wp-content\/uploads\/2026\/05\/RSS-Hintergrund.jpg?w=1024&fit=1024,1024&ssl=1",1024,1024,true],"1536x1536":["https:\/\/mleexelnfod5.i.optimole.com\/w:auto\/h:auto\/q:mauto\/f:best\/https:\/\/i2.wp.com\/meiser-tv.de\/wp-content\/uploads\/2026\/05\/RSS-Hintergrund.jpg?w=1536&fit=1536,1536&ssl=1",1536,1536,true],"2048x2048":["https:\/\/mleexelnfod5.i.optimole.com\/w:auto\/h:auto\/q:mauto\/f:best\/https:\/\/i2.wp.com\/meiser-tv.de\/wp-content\/uploads\/2026\/05\/RSS-Hintergrund.jpg?w=2048&fit=2048,2048&ssl=1",2048,2048,true],"trp-custom-language-flag":["https:\/\/mleexelnfod5.i.optimole.com\/w:auto\/h:auto\/q:mauto\/f:best\/https:\/\/i2.wp.com\/meiser-tv.de\/wp-content\/uploads\/2026\/05\/RSS-Hintergrund.jpg?w=18&fit=18,12&ssl=1",18,12,true]},"uagb_author_info":{"display_name":"admin","author_link":"https:\/\/meiser-tv.de\/en\/author\/admin\/"},"uagb_comment_info":0,"uagb_excerpt":"Peter Haisenko\u00a0 Am 24. August 2026 brachte die M\u00fcnchner tz einen ganzseitigen Artikel \u00fcber eine Frau, die schwer unter ME\/CFS leidet. Das wird als \u201ePost-Covid\u201c bezeichnet. Dass ein aufmerksamer Leser im Text selbst erkennen kann, dass es eher ein \u201eImpfschaden\u201c ist, \u00fcbersehen sie geflissentlich. Mir stellt sich die Frage, ob die Autorin dieses Artikels, Anastasia&hellip;","_links":{"self":[{"href":"https:\/\/meiser-tv.de\/en\/wp-json\/wp\/v2\/posts\/20211","targetHints":{"allow":["GET"]}}],"collection":[{"href":"https:\/\/meiser-tv.de\/en\/wp-json\/wp\/v2\/posts"}],"about":[{"href":"https:\/\/meiser-tv.de\/en\/wp-json\/wp\/v2\/types\/post"}],"author":[{"embeddable":true,"href":"https:\/\/meiser-tv.de\/en\/wp-json\/wp\/v2\/users\/1"}],"replies":[{"embeddable":true,"href":"https:\/\/meiser-tv.de\/en\/wp-json\/wp\/v2\/comments?post=20211"}],"version-history":[{"count":0,"href":"https:\/\/meiser-tv.de\/en\/wp-json\/wp\/v2\/posts\/20211\/revisions"}],"wp:featuredmedia":[{"embeddable":true,"href":"https:\/\/meiser-tv.de\/en\/wp-json\/wp\/v2\/media\/4846"}],"wp:attachment":[{"href":"https:\/\/meiser-tv.de\/en\/wp-json\/wp\/v2\/media?parent=20211"}],"wp:term":[{"taxonomy":"category","embeddable":true,"href":"https:\/\/meiser-tv.de\/en\/wp-json\/wp\/v2\/categories?post=20211"},{"taxonomy":"post_tag","embeddable":true,"href":"https:\/\/meiser-tv.de\/en\/wp-json\/wp\/v2\/tags?post=20211"}],"curies":[{"name":"wp","href":"https:\/\/api.w.org\/{rel}","templated":true}]}}