{"id":20212,"date":"2026-08-31T13:03:43","date_gmt":"2026-08-31T11:03:43","guid":{"rendered":"https:\/\/meiser-tv.de\/uncategorized\/israel-an-wessen-seite-steht-deutschland-eigentlich\/"},"modified":"2026-08-31T13:03:43","modified_gmt":"2026-08-31T11:03:43","slug":"israel-an-wessen-seite-steht-deutschland-eigentlich","status":"publish","type":"post","link":"https:\/\/meiser-tv.de\/en\/uncategorized\/israel-an-wessen-seite-steht-deutschland-eigentlich\/","title":{"rendered":"Israel \u2013 An wessen Seite steht Deutschland eigentlich?"},"content":{"rendered":"<div>\n<p class=\"wp-block-paragraph\">Von Uwe Froschauer<\/p>\n<p class=\"wp-block-paragraph\">\u201eDeutschland steht fest an der Seite Israels.\u201c<\/p>\n<p class=\"wp-block-paragraph\">Diesen Satz h\u00f6ren wir seit Jahren. Er wird von deutschen Politikern wie ein Glaubensbekenntnis vorgetragen. Die Sicherheit Israels sei deutsche Staatsr\u00e4son. Solidarit\u00e4t mit Israel sei unverbr\u00fcchlich. Deutschland stehe fest und unersch\u00fctterlich an der Seite des j\u00fcdischen Staates.<\/p>\n<p class=\"wp-block-paragraph\">Ich frage mich inzwischen allerdings: An wessen Seite stehen wir da eigentlich?<\/p>\n<p class=\"wp-block-paragraph\">An der Seite der israelischen Bev\u00f6lkerung? An der Seite der Menschen, die am 7. Oktober 2023 Angeh\u00f6rige verloren haben? An der Seite der Geiseln und ihrer Familien? An der Seite der zahlreichen Israelis, die selbst gegen die Politik ihrer Regierung protestieren?<\/p>\n<p class=\"wp-block-paragraph\">Oder steht Deutschland an der Seite einer Regierung,<\/p>\n<\/div>","protected":false},"excerpt":{"rendered":"<p>Von Uwe Froschauer \u201eDeutschland steht fest an der Seite Israels.\u201c Diesen Satz h\u00f6ren wir seit Jahren. Er wird von deutschen Politikern wie ein Glaubensbekenntnis vorgetragen. Die Sicherheit Israels sei deutsche Staatsr\u00e4son. Solidarit\u00e4t mit Israel sei unverbr\u00fcchlich. Deutschland stehe fest und unersch\u00fctterlich an der Seite des j\u00fcdischen Staates. Ich frage mich inzwischen allerdings: An wessen Seite [&hellip;]<\/p>\n","protected":false},"author":1,"featured_media":4846,"comment_status":"closed","ping_status":"closed","sticky":false,"template":"","format":"standard","meta":{"_gspb_post_css":"","_uag_custom_page_level_css":"","fifu_image_url":"","fifu_image_alt":"","footnotes":""},"categories":[1],"tags":[],"class_list":["post-20212","post","type-post","status-publish","format-standard","has-post-thumbnail","hentry","category-uncategorized"],"blocksy_meta":{"styles_descriptor":{"styles":{"desktop":"","tablet":"","mobile":""},"google_fonts":[],"version":7}},"uagb_featured_image_src":{"full":["https:\/\/mleexelnfod5.i.optimole.com\/w:auto\/h:auto\/q:mauto\/f:best\/https:\/\/i2.wp.com\/meiser-tv.de\/wp-content\/uploads\/2026\/05\/RSS-Hintergrund.jpg?w=1920&fit=1920,1080&ssl=1",1920,1080,true],"thumbnail":["https:\/\/mleexelnfod5.i.optimole.com\/w:auto\/h:auto\/q:mauto\/f:best\/https:\/\/i2.wp.com\/meiser-tv.de\/wp-content\/uploads\/2026\/05\/RSS-Hintergrund.jpg?w=150&resize=150,150&ssl=1",150,150,true],"medium":["https:\/\/mleexelnfod5.i.optimole.com\/w:auto\/h:auto\/q:mauto\/f:best\/https:\/\/i2.wp.com\/meiser-tv.de\/wp-content\/uploads\/2026\/05\/RSS-Hintergrund.jpg?w=300&fit=300,300&ssl=1",300,300,true],"medium_large":["https:\/\/mleexelnfod5.i.optimole.com\/w:auto\/h:auto\/q:mauto\/f:best\/https:\/\/i2.wp.com\/meiser-tv.de\/wp-content\/uploads\/2026\/05\/RSS-Hintergrund.jpg?w=768&resize=768,0&ssl=1",768,0,true],"large":["https:\/\/mleexelnfod5.i.optimole.com\/w:auto\/h:auto\/q:mauto\/f:best\/https:\/\/i2.wp.com\/meiser-tv.de\/wp-content\/uploads\/2026\/05\/RSS-Hintergrund.jpg?w=1024&fit=1024,1024&ssl=1",1024,1024,true],"1536x1536":["https:\/\/mleexelnfod5.i.optimole.com\/w:auto\/h:auto\/q:mauto\/f:best\/https:\/\/i2.wp.com\/meiser-tv.de\/wp-content\/uploads\/2026\/05\/RSS-Hintergrund.jpg?w=1536&fit=1536,1536&ssl=1",1536,1536,true],"2048x2048":["https:\/\/mleexelnfod5.i.optimole.com\/w:auto\/h:auto\/q:mauto\/f:best\/https:\/\/i2.wp.com\/meiser-tv.de\/wp-content\/uploads\/2026\/05\/RSS-Hintergrund.jpg?w=2048&fit=2048,2048&ssl=1",2048,2048,true],"trp-custom-language-flag":["https:\/\/mleexelnfod5.i.optimole.com\/w:auto\/h:auto\/q:mauto\/f:best\/https:\/\/i2.wp.com\/meiser-tv.de\/wp-content\/uploads\/2026\/05\/RSS-Hintergrund.jpg?w=18&fit=18,12&ssl=1",18,12,true]},"uagb_author_info":{"display_name":"admin","author_link":"https:\/\/meiser-tv.de\/en\/author\/admin\/"},"uagb_comment_info":0,"uagb_excerpt":"Von Uwe Froschauer \u201eDeutschland steht fest an der Seite Israels.\u201c Diesen Satz h\u00f6ren wir seit Jahren. Er wird von deutschen Politikern wie ein Glaubensbekenntnis vorgetragen. Die Sicherheit Israels sei deutsche Staatsr\u00e4son. Solidarit\u00e4t mit Israel sei unverbr\u00fcchlich. Deutschland stehe fest und unersch\u00fctterlich an der Seite des j\u00fcdischen Staates. Ich frage mich inzwischen allerdings: An wessen Seite&hellip;","_links":{"self":[{"href":"https:\/\/meiser-tv.de\/en\/wp-json\/wp\/v2\/posts\/20212","targetHints":{"allow":["GET"]}}],"collection":[{"href":"https:\/\/meiser-tv.de\/en\/wp-json\/wp\/v2\/posts"}],"about":[{"href":"https:\/\/meiser-tv.de\/en\/wp-json\/wp\/v2\/types\/post"}],"author":[{"embeddable":true,"href":"https:\/\/meiser-tv.de\/en\/wp-json\/wp\/v2\/users\/1"}],"replies":[{"embeddable":true,"href":"https:\/\/meiser-tv.de\/en\/wp-json\/wp\/v2\/comments?post=20212"}],"version-history":[{"count":0,"href":"https:\/\/meiser-tv.de\/en\/wp-json\/wp\/v2\/posts\/20212\/revisions"}],"wp:featuredmedia":[{"embeddable":true,"href":"https:\/\/meiser-tv.de\/en\/wp-json\/wp\/v2\/media\/4846"}],"wp:attachment":[{"href":"https:\/\/meiser-tv.de\/en\/wp-json\/wp\/v2\/media?parent=20212"}],"wp:term":[{"taxonomy":"category","embeddable":true,"href":"https:\/\/meiser-tv.de\/en\/wp-json\/wp\/v2\/categories?post=20212"},{"taxonomy":"post_tag","embeddable":true,"href":"https:\/\/meiser-tv.de\/en\/wp-json\/wp\/v2\/tags?post=20212"}],"curies":[{"name":"wp","href":"https:\/\/api.w.org\/{rel}","templated":true}]}}