{"id":20226,"date":"2026-08-31T15:02:15","date_gmt":"2026-08-31T13:02:15","guid":{"rendered":"https:\/\/meiser-tv.de\/wirtschaft\/pflegeversicherung-droht-finanzkollaps-noch-im-oktober-38184442-html\/"},"modified":"2026-08-31T15:02:15","modified_gmt":"2026-08-31T13:02:15","slug":"pflegeversicherung-droht-finanzkollaps-noch-im-oktober-38184442-html","status":"publish","type":"post","link":"https:\/\/meiser-tv.de\/en\/wirtschaft\/pflegeversicherung-droht-finanzkollaps-noch-im-oktober-38184442-html\/","title":{"rendered":"\u201eAlarmstufe Rot\u201c: Pflegeversicherung droht Finanzkollaps noch im Oktober"},"content":{"rendered":"<div>\n<div>\n<div class=\"rtf-content-wrapper\">\n<p>Die schwarz-rote Koalition will die immer h\u00f6heren Milliardenausgaben f\u00fcr die Pflege unter Kontrolle bringen. Im ersten Halbjahr 2026 hat sich die Finanzlage verschlimmert, wie neue Zahlen zeigen<\/p>\n<\/div>\n<div class=\"rtf-content-wrapper\">\n<p>Die Finanzn\u00f6te der Pflegeversicherung spitzen sich angesichts stark steigender Ausgaben weiter zu. In der ersten H\u00e4lfte des Jahres lief ein Defizit von 770 Millionen Euro auf, wie der Spitzenverband der gesetzlichen Krankenkassen mitteilte, der auch die Pflegekassen vertritt. Voraussichtlich im Oktober w\u00fcrden die Einnahmen nicht mehr reichen, um die Pflegeleistungen voll zu finanzieren. Bis zum Jahresende brauche es dann nochmals 500 Millionen Euro. Der Druck f\u00fcr die geplante Pflegereform der Koalition w\u00e4chst damit weiter.<\/p>\n<p>Verbandschef Oliver Blatt sagte, die Pflege sei akut in Not. \u201eEs herrscht Alarmstufe Rot.\u201c Die Politik m\u00fcsse schnell handeln, denn in wenigen Monaten sei \u201edas Geld alle\u201c. Insgesamt sei f\u00fcr dieses Jahr mit 1,2 Milliarden Euro Defizit zu rechnen \u2013 und das schon mit einem Darlehen des Bundes von 3,2 Milliarden Euro. Sonst l\u00e4ge das \u201eehrliche Ergebnis\u201c bei minus 4,4 Milliarden Euro.<\/p>\n<\/p>\n<h2>Ausgaben steigen um elf Prozent\u00a0<\/h2>\n<p>Die schwarz-rote Koalition bereitet f\u00fcr den Herbst eine Pflegereform vor, die direkt zu den gro\u00dfen Vorhaben des neuen Gesundheitsministers Carsten Linnemann (CDU) z\u00e4hlt. Ein noch von seiner Amtsvorg\u00e4ngerin Nina Warken (CDU) vorgelegter Entwurf sieht Ausgabenbremsen und Mehreinnahmen vor, um allgemeine Beitragserh\u00f6hungen im kommenden Jahr zu vermeiden.<\/p>\n<p>Blatt warnte: Solange die Ausgaben schneller stiegen als die Einnahmen, w\u00fcrden die Finanzprobleme gr\u00f6\u00dfer und nicht kleiner. Von Januar bis Ende Juni gingen die Ausgaben der Pflegeversicherung nun im Vergleich zum ersten Halbjahr 2025 um elf Prozent auf 39,5 Milliarden Euro hoch. Zudem wuchsen die Beitragseinnahmen nur um 3,9 Prozent und die gesamten Einnahmen um 5,4 Prozent auf 38,7 Milliarden Euro. Darin ist die erste H\u00e4lfte des Bundesdarlehens mit einer Summe von 1,6 Milliarden Euro enthalten.<\/p>\n<h2>Gro\u00dfe Kostentreiber<\/h2>\n<p>Ein Hauptkostentreiber sei die steigende Zahl der Menschen, die Leistungen der Pflegeversicherung bekommen, erl\u00e4uterte der Verband. Die deutliche Zunahme auf inzwischen fast sechs Millionen liege dabei vor allem an einer Reform von 2017, die die Kriterien f\u00fcr eine Pflegebed\u00fcrftigkeit weiter fasste.<\/p>\n<p>Zu Buche schlagen auch steigende Milliarden-Zuschl\u00e4ge der Pflegekassen, die Heimbewohnerinnen und Heimbewohner bei f\u00e4lligen Eigenanteilen f\u00fcr die reine Pflege entlasten sollen. Hintergrund ist, dass die Pflegeversicherung \u2013 anders als die Krankenversicherung \u2013 nur einen Teil der Kosten tr\u00e4gt.<\/p>\n<h2>Defizit droht auch 2027<\/h2>\n<p>Blatt forderte: \u201eDie Finanzen der Pflegeversicherung m\u00fcssen jetzt sehr kurzfristig stabilisiert werden, und mittel- bis langfristig brauchen wir eine strukturelle Reform.\u201c F\u00fcr 2027 bestehe ein zus\u00e4tzlicher Bedarf von zehn Milliarden Euro, der bisher nicht gegenfinanziert sei. Neben einem erwarteten Defizit von 7,5 Milliarden Euro m\u00fcssten die Pflegekassen unbedingt Mittel auff\u00fcllen, damit die Zahlungsf\u00e4higkeit zu jedem Zeitpunkt gesichert sei.<\/p>\n<p>Wie die Reformpl\u00e4ne nach dem ersten Entwurf weiterentwickelt werden, muss sich nun zeigen. Vorgesehen ist bisher unter anderem, den Pflegebeitrag f\u00fcr Kinderlose leicht auf 4,3 Prozent anzuheben. Bei der kostenlosen Mitversicherung von Ehepartnern sollen Einschr\u00e4nkungen kommen. Voraussetzungen f\u00fcr Einstufungen in Pflegegrade sollen tendenziell angehoben werden. Schon deutlich gemacht hat Linnemann, dass er auf bisher angepeilte K\u00fcrzungen bei Renteneinzahlungen f\u00fcr pflegende Angeh\u00f6rige m\u00f6glichst verzichten will.<\/p>\n<\/div>\n<\/div>\n<\/div>","protected":false},"excerpt":{"rendered":"<div>Die schwarz-rote Koalition will die immer h\u00f6heren Milliardenausgaben f\u00fcr die Pflege unter Kontrolle bringen. Im ersten Halbjahr 2026 hat sich die Finanzlage verschlimmert, wie neue Zahlen zeigen<\/div>","protected":false},"author":1,"featured_media":4846,"comment_status":"closed","ping_status":"closed","sticky":false,"template":"","format":"standard","meta":{"_gspb_post_css":"","_uag_custom_page_level_css":"","fifu_image_url":"","fifu_image_alt":"","footnotes":""},"categories":[15],"tags":[],"class_list":["post-20226","post","type-post","status-publish","format-standard","has-post-thumbnail","hentry","category-wirtschaft"],"blocksy_meta":{"styles_descriptor":{"styles":{"desktop":"","tablet":"","mobile":""},"google_fonts":[],"version":7}},"uagb_featured_image_src":{"full":["https:\/\/mleexelnfod5.i.optimole.com\/w:auto\/h:auto\/q:mauto\/f:best\/https:\/\/i2.wp.com\/meiser-tv.de\/wp-content\/uploads\/2026\/05\/RSS-Hintergrund.jpg?w=1920&fit=1920,1080&ssl=1",1920,1080,true],"thumbnail":["https:\/\/mleexelnfod5.i.optimole.com\/w:auto\/h:auto\/q:mauto\/f:best\/https:\/\/i2.wp.com\/meiser-tv.de\/wp-content\/uploads\/2026\/05\/RSS-Hintergrund.jpg?w=150&resize=150,150&ssl=1",150,150,true],"medium":["https:\/\/mleexelnfod5.i.optimole.com\/w:auto\/h:auto\/q:mauto\/f:best\/https:\/\/i2.wp.com\/meiser-tv.de\/wp-content\/uploads\/2026\/05\/RSS-Hintergrund.jpg?w=300&fit=300,300&ssl=1",300,300,true],"medium_large":["https:\/\/mleexelnfod5.i.optimole.com\/w:auto\/h:auto\/q:mauto\/f:best\/https:\/\/i2.wp.com\/meiser-tv.de\/wp-content\/uploads\/2026\/05\/RSS-Hintergrund.jpg?w=768&resize=768,0&ssl=1",768,0,true],"large":["https:\/\/mleexelnfod5.i.optimole.com\/w:auto\/h:auto\/q:mauto\/f:best\/https:\/\/i2.wp.com\/meiser-tv.de\/wp-content\/uploads\/2026\/05\/RSS-Hintergrund.jpg?w=1024&fit=1024,1024&ssl=1",1024,1024,true],"1536x1536":["https:\/\/mleexelnfod5.i.optimole.com\/w:auto\/h:auto\/q:mauto\/f:best\/https:\/\/i2.wp.com\/meiser-tv.de\/wp-content\/uploads\/2026\/05\/RSS-Hintergrund.jpg?w=1536&fit=1536,1536&ssl=1",1536,1536,true],"2048x2048":["https:\/\/mleexelnfod5.i.optimole.com\/w:auto\/h:auto\/q:mauto\/f:best\/https:\/\/i2.wp.com\/meiser-tv.de\/wp-content\/uploads\/2026\/05\/RSS-Hintergrund.jpg?w=2048&fit=2048,2048&ssl=1",2048,2048,true],"trp-custom-language-flag":["https:\/\/mleexelnfod5.i.optimole.com\/w:auto\/h:auto\/q:mauto\/f:best\/https:\/\/i2.wp.com\/meiser-tv.de\/wp-content\/uploads\/2026\/05\/RSS-Hintergrund.jpg?w=18&fit=18,12&ssl=1",18,12,true]},"uagb_author_info":{"display_name":"admin","author_link":"https:\/\/meiser-tv.de\/en\/author\/admin\/"},"uagb_comment_info":0,"uagb_excerpt":"Die schwarz-rote Koalition will die immer h\u00f6heren Milliardenausgaben f\u00fcr die Pflege unter Kontrolle bringen. Im ersten Halbjahr 2026 hat sich die Finanzlage verschlimmert, wie neue Zahlen zeigen","_links":{"self":[{"href":"https:\/\/meiser-tv.de\/en\/wp-json\/wp\/v2\/posts\/20226","targetHints":{"allow":["GET"]}}],"collection":[{"href":"https:\/\/meiser-tv.de\/en\/wp-json\/wp\/v2\/posts"}],"about":[{"href":"https:\/\/meiser-tv.de\/en\/wp-json\/wp\/v2\/types\/post"}],"author":[{"embeddable":true,"href":"https:\/\/meiser-tv.de\/en\/wp-json\/wp\/v2\/users\/1"}],"replies":[{"embeddable":true,"href":"https:\/\/meiser-tv.de\/en\/wp-json\/wp\/v2\/comments?post=20226"}],"version-history":[{"count":0,"href":"https:\/\/meiser-tv.de\/en\/wp-json\/wp\/v2\/posts\/20226\/revisions"}],"wp:featuredmedia":[{"embeddable":true,"href":"https:\/\/meiser-tv.de\/en\/wp-json\/wp\/v2\/media\/4846"}],"wp:attachment":[{"href":"https:\/\/meiser-tv.de\/en\/wp-json\/wp\/v2\/media?parent=20226"}],"wp:term":[{"taxonomy":"category","embeddable":true,"href":"https:\/\/meiser-tv.de\/en\/wp-json\/wp\/v2\/categories?post=20226"},{"taxonomy":"post_tag","embeddable":true,"href":"https:\/\/meiser-tv.de\/en\/wp-json\/wp\/v2\/tags?post=20226"}],"curies":[{"name":"wp","href":"https:\/\/api.w.org\/{rel}","templated":true}]}}