{"id":20268,"date":"2026-08-31T16:04:45","date_gmt":"2026-08-31T14:04:45","guid":{"rendered":"https:\/\/meiser-tv.de\/politik\/anti-tagi-medien-watchdog-mit-biss-heute-nzz-russland-luegen-blick-hysterie-srf-afd-bashing\/"},"modified":"2026-08-31T16:04:45","modified_gmt":"2026-08-31T14:04:45","slug":"anti-tagi-medien-watchdog-mit-biss-heute-nzz-russland-luegen-blick-hysterie-srf-afd-bashing","status":"publish","type":"post","link":"https:\/\/meiser-tv.de\/en\/politik\/anti-tagi-medien-watchdog-mit-biss-heute-nzz-russland-luegen-blick-hysterie-srf-afd-bashing\/","title":{"rendered":"Anti-Tagi: Medien-Watchdog mit Biss \u2013 heute: NZZ-Russland-L\u00fcgen, Blick-Hysterie, SRF-AfD-Bashing"},"content":{"rendered":"<div>\n<p><em>Von Hans-Ueli L\u00e4ppli<\/em><\/p>\n<p>\u00dcber Russland wird in den Schweizer Medien t\u00e4glich berichtet. Sanktionen, Wladimir Putin, die Ukraine, Energie, Wirtschaft und die Beziehungen zwischen Moskau und dem Westen. Kaum ein internationales Thema wird in den Redaktionen so intensiv und kontrovers behandelt.<\/p>\n<p>Kritische Berichterstattung \u00fcber Russland ist selbstverst\u00e4ndlich legitim. Doch gerade bei einem derart polarisierten Thema lohnt sich der zweite Blick: Was steht tats\u00e4chlich im Artikel? Welche Quellen werden verwendet? Welche Fakten fehlen? Und wo wird aus Berichterstattung bereits Interpretation?<\/p>\n<p>Genau hier setzt\u00a0<em>Anti-Tagi\u00a0<\/em>an. Die neue Medien-Watchdog-Kolumne von RT DE nimmt die Schweizer Berichterstattung \u00fcber Russland unter die Lupe. Wir pr\u00fcfen Schlagzeilen, hinterfragen Narrative, vergleichen Darstellungen und schauen genauer hin, wenn politische Sprachakrobatik oder ideologische Scheuklappen die Fakten zu \u00fcberlagern drohen.<\/p>\n<p><em>Anti-Tagi<\/em>\u00a0ist dabei kein &#8222;Gegen-Tagi&#8220;. Wir behaupten nicht automatisch das Gegenteil. Wir pr\u00fcfen, vergleichen und widersprechen dort, wo es etwas zu widersprechen gibt.<\/p>\n<p><em>Nicht einfach nachplappern. Nachpr\u00fcfen!<\/em><\/p>\n<figure class=\"RTImage-root\">\n<div class=\"RTImage-image RTImage-original\"><picture class=\"Picture-root Picture-original\"><!--[if IE 9]><video style=\"display: none;\"><![endif]--><source media=\"(-webkit-min-device-pixel-ratio: 2) and (min-resolution: 120dpi)\" data-srcset=\" \nhttps:\/\/meiser-tv.de\/wp-content\/uploads\/2026\/08\/6a955466b480cc144854aa71.jpg 850w,\n                https:\/\/mleexelnfod5.i.optimole.com\/cb:SNnY.cf2\/w:auto\/h:auto\/q:mauto\/f:best\/https:\/\/meiser-tv.de\/wp-content\/uploads\/2026\/08\/6a955466b480cc144854aa71.jpg 1960w,            \" srcset=\"data:image\/png;base64,iVBORw0KGgoAAAANSUhEUgAAABAAAAAJCAQAAACRI2S5AAAAEElEQVR42mNkIAAYRxWAAQAG9gAKqv6+AwAAAABJRU5ErkJggg==\"><source data-srcset=\" \nhttps:\/\/meiser-tv.de\/wp-content\/uploads\/2026\/08\/6a955466b480cc144854aa71.jpg 460w,\n              https:\/\/mleexelnfod5.i.optimole.com\/cb:SNnY.cf2\/w:auto\/h:auto\/q:mauto\/f:best\/https:\/\/meiser-tv.de\/wp-content\/uploads\/2026\/08\/6a955466b480cc144854aa71.jpg 980w,\n            \" srcset=\"data:image\/png;base64,iVBORw0KGgoAAAANSUhEUgAAABAAAAAJCAQAAACRI2S5AAAAEElEQVR42mNkIAAYRxWAAQAG9gAKqv6+AwAAAABJRU5ErkJggg==\"><!--[if IE 9]><\/video><![endif]--><\/picture><!-- noscript pattern --><noscript><\/noscript><\/div><figcaption class=\"RTImage-footer\"><span class=\"RTImage-caption\"><span class=\"RTImage-captionItem\">Blick: &#8222;Russen-Armee ist VIELLEICHT bald blind!&#8220;<\/span><\/span><span class=\"RTImage-source\"><span class=\"RTImage-captionItem\">Printscreen Blick<\/span><\/span><\/figcaption><\/figure>\n<h3>Blick: Heute die Entscheidung \u2013 oder vielleicht doch erst \u00fcbermorgen?<\/h3>\n<p>Beim &#8222;<em>sensationsgeilen<\/em>&#8220;\u00a0<em>Blick<\/em> ist inzwischen kaum noch klar, welche Prognose eigentlich gelten soll: Mal steht die &#8222;russische Niederlage&#8220; unmittelbar bevor, dann ist sie &#8222;sicher&#8220; \u2013 wenige Tage sp\u00e4ter entscheidet pl\u00f6tzlich wieder die &#8222;finale Schlacht&#8220;, gefolgt von &#8222;finale Schlacht-2&#8220; und &#8222;diesmal-ganz-sicher finale Endschlacht-3&#8220;. Das erinnert eher an &#8222;Fast &amp; Furious&#8220;: Teil f\u00fcr Teil wird die Fortsetzung angek\u00fcndigt, nur das Ende bleibt aus.<\/p>\n<figure class=\"RTImage-root\">\n<div class=\"RTImage-image RTImage-original\"><picture class=\"Picture-root Picture-original\"><!--[if IE 9]><video style=\"display: none;\"><![endif]--><source media=\"(-webkit-min-device-pixel-ratio: 2) and (min-resolution: 120dpi)\" data-srcset=\" \nhttps:\/\/meiser-tv.de\/wp-content\/uploads\/2026\/08\/6a9557b048fbef1de43b3b53.png 850w,\n                https:\/\/mleexelnfod5.i.optimole.com\/cb:SNnY.cf2\/w:auto\/h:auto\/q:mauto\/f:best\/https:\/\/meiser-tv.de\/wp-content\/uploads\/2026\/08\/6a9557b048fbef1de43b3b53.png 1960w,            \" srcset=\"data:image\/png;base64,iVBORw0KGgoAAAANSUhEUgAAABAAAAAJCAQAAACRI2S5AAAAEElEQVR42mNkIAAYRxWAAQAG9gAKqv6+AwAAAABJRU5ErkJggg==\"><source data-srcset=\" \nhttps:\/\/meiser-tv.de\/wp-content\/uploads\/2026\/08\/6a9557b048fbef1de43b3b53.png 460w,\n              https:\/\/mleexelnfod5.i.optimole.com\/cb:SNnY.cf2\/w:auto\/h:auto\/q:mauto\/f:best\/https:\/\/meiser-tv.de\/wp-content\/uploads\/2026\/08\/6a9557b048fbef1de43b3b53.png 980w,\n            \" srcset=\"data:image\/png;base64,iVBORw0KGgoAAAANSUhEUgAAABAAAAAJCAQAAACRI2S5AAAAEElEQVR42mNkIAAYRxWAAQAG9gAKqv6+AwAAAABJRU5ErkJggg==\"><!--[if IE 9]><\/video><![endif]--><img data-opt-id=791639987  fetchpriority=\"high\" decoding=\"async\" data-sizes=\"auto\" src=\"data:image\/png;base64,iVBORw0KGgoAAAANSUhEUgAAABAAAAAJCAQAAACRI2S5AAAAEElEQVR42mNkIAAYRxWAAQAG9gAKqv6+AwAAAABJRU5ErkJggg==\" class=\"Picture-root Picture-original lazyload\" data-src=\"https:\/\/mleexelnfod5.i.optimole.com\/cb:SNnY.cf2\/w:auto\/h:auto\/q:mauto\/f:best\/https:\/\/meiser-tv.de\/wp-content\/uploads\/2026\/08\/6a9557b048fbef1de43b3b53.png\" alt=\"\"><\/picture><!-- noscript pattern --><noscript><img data-opt-id=1735360929  fetchpriority=\"high\" decoding=\"async\" src=\"https:\/\/mleexelnfod5.i.optimole.com\/cb:SNnY.cf2\/w:auto\/h:auto\/q:mauto\/f:best\/https:\/\/meiser-tv.de\/wp-content\/uploads\/2026\/08\/6a9557b048fbef1de43b3b53.png\" alt=\"\"><\/noscript><\/div><figcaption class=\"RTImage-footer\"><span class=\"RTImage-caption\"><\/span><span class=\"RTImage-source\"><span class=\"RTImage-captionItem\">Printscreen Blick<\/span><\/span><\/figcaption><\/figure>\n<p>Dazu die schrille &#8222;Eilmeldung&#8220;-Optik: roter Hintergrund, riesige Zahlenbalken und maximaler Alarmismus \u2013 irgendwo zwischen &#8222;Nachrichtenredaktion&#8220; und Rotlichtmilieu an der Z\u00fcrcher Langstrasse am Freitagabend. Statt einer seri\u00f6sen Experten-Analyse gibt es vor allem &#8222;Wirtschaft kaputt&#8220;, &#8222;ausgeblutete Wirtschaft&#8220; und &#8222;Niederlage&#8220; \u2013 m\u00f6glichst dramatisch, m\u00f6glichst rot und m\u00f6glichst klickstark.<\/p>\n<h2><strong>NZZ l\u00fcgt wieder: Gujer macht Russland zum T\u00e4ter<\/strong><\/h2>\n<p>Gujers Leipzig-Kommentar liest sich weniger wie eine n\u00fcchterne Analyse als wie eine publizistische Bewerbung f\u00fcr Deutschland: Aus einem bislang ungekl\u00e4rten Vorfall macht der abgehende NZZ-Chef kurzerhand einen &#8222;milit\u00e4rischen Angriff&#8220; Russlands und liefert damit genau jene Gewissheit, die auch in deutschen Leitmedien gut ankommt.<\/p>\n<p>Statt abzuwarten, was die Ermittlungen ergeben, steht der Schuldige f\u00fcr Gujer bereits fest. Wer k\u00fcnftig n\u00f6rdlich des Rheins Karriere machen will, muss schlie\u00dflich schon vor dem Anpfiff zeigen, dass er die deutschen Spielregeln verstanden hat.<\/p>\n<p>Dank Gujer ist die\u00a0<em>NZZ<\/em>\u00a0langsam, aber sicher zum woken Tages-Anzeiger\u00a02.0 geschmolzen und hat dabei einen gro\u00dfen Teil ihrer einstigen journalistischen Seriosit\u00e4t verspielt. Was fr\u00fcher f\u00fcr Distanz, Skepsis und sorgf\u00e4ltige Einordnung stand, wirkt heute zunehmend wie ideologisch gef\u00e4rbter Meinungsjournalismus: gro\u00dfe Schlagzeilen, schnelle Urteile und wenig Interesse an der Frage, was tats\u00e4chlich belegt ist.<\/p>\n<figure class=\"RTImage-root\">\n<div class=\"RTImage-image RTImage-original\"><picture class=\"Picture-root Picture-original\"><!--[if IE 9]><video style=\"display: none;\"><![endif]--><source media=\"(-webkit-min-device-pixel-ratio: 2) and (min-resolution: 120dpi)\" data-srcset=\" \nhttps:\/\/meiser-tv.de\/wp-content\/uploads\/2026\/08\/6a955ab1b480cc14010ca914.png 850w,\n                https:\/\/mleexelnfod5.i.optimole.com\/cb:SNnY.cf2\/w:auto\/h:auto\/q:mauto\/f:best\/https:\/\/meiser-tv.de\/wp-content\/uploads\/2026\/08\/6a955ab1b480cc14010ca914.png 1960w,            \" srcset=\"data:image\/png;base64,iVBORw0KGgoAAAANSUhEUgAAABAAAAAJCAQAAACRI2S5AAAAEElEQVR42mNkIAAYRxWAAQAG9gAKqv6+AwAAAABJRU5ErkJggg==\"><source data-srcset=\" \nhttps:\/\/meiser-tv.de\/wp-content\/uploads\/2026\/08\/6a955ab1b480cc14010ca914.png 460w,\n              https:\/\/mleexelnfod5.i.optimole.com\/cb:SNnY.cf2\/w:auto\/h:auto\/q:mauto\/f:best\/https:\/\/meiser-tv.de\/wp-content\/uploads\/2026\/08\/6a955ab1b480cc14010ca914.png 980w,\n            \" srcset=\"data:image\/png;base64,iVBORw0KGgoAAAANSUhEUgAAABAAAAAJCAQAAACRI2S5AAAAEElEQVR42mNkIAAYRxWAAQAG9gAKqv6+AwAAAABJRU5ErkJggg==\"><!--[if IE 9]><\/video><![endif]--><img data-opt-id=791639987  decoding=\"async\" data-sizes=\"auto\" src=\"data:image\/png;base64,iVBORw0KGgoAAAANSUhEUgAAABAAAAAJCAQAAACRI2S5AAAAEElEQVR42mNkIAAYRxWAAQAG9gAKqv6+AwAAAABJRU5ErkJggg==\" class=\"Picture-root Picture-original lazyload\" data-src=\"https:\/\/mleexelnfod5.i.optimole.com\/cb:SNnY.cf2\/w:auto\/h:auto\/q:mauto\/f:best\/https:\/\/meiser-tv.de\/wp-content\/uploads\/2026\/08\/6a955ab1b480cc14010ca914.png\" alt=\"\"><\/picture><!-- noscript pattern --><noscript><img data-opt-id=878375500  decoding=\"async\" src=\"https:\/\/mleexelnfod5.i.optimole.com\/cb:SNnY.cf2\/w:auto\/h:auto\/q:mauto\/f:best\/https:\/\/meiser-tv.de\/wp-content\/uploads\/2026\/08\/6a955ab1b480cc14010ca914.png\" alt=\"\"><\/noscript><\/div><figcaption class=\"RTImage-footer\"><span class=\"RTImage-caption\"><\/span><span class=\"RTImage-source\"><span class=\"RTImage-captionItem\">Printscreen NZZ<\/span><\/span><\/figcaption><\/figure>\n<h3><strong>SRF: Das Blaue vom Himmel \u2013 aber nur bei der AfD<\/strong><\/h3>\n<p>Und dann kommt\u00a0<em>SRF<\/em>. Unter dem harmlos klingenden Titel, im Wahlkampf werde &#8222;das Blaue vom Himmel versprochen&#8220;, wird kr\u00e4ftig\u00a0<a href=\"https:\/\/www.srf.ch\/play\/tv\/-\/video\/-?urn=urn:srf:video:afe3dbfa-90b6-42a7-9dbe-be9db3687701\" target=\"_blank\" rel=\"noopener noreferrer\">zugespitzt<\/a>. Denn gemeint ist am Ende haupts\u00e4chlich eine Partei: die AfD.<\/p>\n<figure class=\"RTImage-root\">\n<div class=\"RTImage-image RTImage-original\"><picture class=\"Picture-root Picture-original\"><!--[if IE 9]><video style=\"display: none;\"><![endif]--><source media=\"(-webkit-min-device-pixel-ratio: 2) and (min-resolution: 120dpi)\" data-srcset=\" \nhttps:\/\/meiser-tv.de\/wp-content\/uploads\/2026\/08\/6a955c5b48fbef618c03a71a.png 850w,\n                https:\/\/mleexelnfod5.i.optimole.com\/cb:SNnY.cf2\/w:auto\/h:auto\/q:mauto\/f:best\/https:\/\/meiser-tv.de\/wp-content\/uploads\/2026\/08\/6a955c5b48fbef618c03a71a.png 1960w,            \" srcset=\"data:image\/png;base64,iVBORw0KGgoAAAANSUhEUgAAABAAAAAJCAQAAACRI2S5AAAAEElEQVR42mNkIAAYRxWAAQAG9gAKqv6+AwAAAABJRU5ErkJggg==\"><source data-srcset=\" \nhttps:\/\/meiser-tv.de\/wp-content\/uploads\/2026\/08\/6a955c5b48fbef618c03a71a.png 460w,\n              https:\/\/mleexelnfod5.i.optimole.com\/cb:SNnY.cf2\/w:auto\/h:auto\/q:mauto\/f:best\/https:\/\/meiser-tv.de\/wp-content\/uploads\/2026\/08\/6a955c5b48fbef618c03a71a.png 980w,\n            \" srcset=\"data:image\/png;base64,iVBORw0KGgoAAAANSUhEUgAAABAAAAAJCAQAAACRI2S5AAAAEElEQVR42mNkIAAYRxWAAQAG9gAKqv6+AwAAAABJRU5ErkJggg==\"><!--[if IE 9]><\/video><![endif]--><img data-opt-id=791639987  decoding=\"async\" data-sizes=\"auto\" src=\"data:image\/png;base64,iVBORw0KGgoAAAANSUhEUgAAABAAAAAJCAQAAACRI2S5AAAAEElEQVR42mNkIAAYRxWAAQAG9gAKqv6+AwAAAABJRU5ErkJggg==\" class=\"Picture-root Picture-original lazyload\" data-src=\"https:\/\/mleexelnfod5.i.optimole.com\/cb:SNnY.cf2\/w:auto\/h:auto\/q:mauto\/f:best\/https:\/\/meiser-tv.de\/wp-content\/uploads\/2026\/08\/6a955c5b48fbef618c03a71a.png\" alt=\"\"><\/picture><!-- noscript pattern --><noscript><img data-opt-id=33942176  decoding=\"async\" src=\"https:\/\/mleexelnfod5.i.optimole.com\/cb:SNnY.cf2\/w:auto\/h:auto\/q:mauto\/f:best\/https:\/\/meiser-tv.de\/wp-content\/uploads\/2026\/08\/6a955c5b48fbef618c03a71a.png\" alt=\"\"><\/noscript><\/div><figcaption class=\"RTImage-footer\"><span class=\"RTImage-caption\"><span class=\"RTImage-captionItem\">SRF: AfD-Bashing mit \u00d6konomen-Siegel<\/span><\/span><span class=\"RTImage-source\"><span class=\"RTImage-captionItem\">Printscreen SRF<\/span><\/span><\/figcaption><\/figure>\n<p>SRF hat \u00d6konomen beauftragt, das Wahlprogramm der AfD durchzurechnen. Das Ergebnis wird nicht etwa n\u00fcchtern als \u00f6konomische Modellrechnung pr\u00e4sentiert, sondern zur politischen Botschaft zugespitzt:<\/p>\n<blockquote>\n<p><em>Die AfD verspreche den W\u00e4hlern das Blaue vom Himmel.<\/em><\/p>\n<\/blockquote>\n<p>Das ist die klassische SRF-Methode: Erst eine wissenschaftlich klingende Untersuchung, dann die passende politische Schlagzeile. Aus Annahmen, Modellrechnungen und politischen Programmpunkten wird ein vermeintlich objektives Urteil \u00fcber eine Partei.<\/p>\n<p>Defamierung der AfD \u2013 SRF-Style, 100 Prozent.<\/p>\n<p>Und als w\u00e4re das nicht genug, macht sich SRF am Schluss auch\u00a0<a href=\"https:\/\/www.srf.ch\/play\/tv\/-\/video\/-?urn=urn:srf:video:afe3dbfa-90b6-42a7-9dbe-be9db3687701\" target=\"_blank\" rel=\"noopener noreferrer\">noch dar\u00fcber lustig<\/a>, dass die AfD Fanartikel verkauft. Der \u00f6ffentlich-rechtliche Sender liefert also nicht nur die politische Einordnung gleich mit \u2013 sondern auch noch den Spott dazu.<\/p>\n<p>Interessant ist dabei vor allem die Doppelmoral. W\u00e4hrend SRF dieser Tage mit gro\u00dfer Leidenschaft \u00fcber angebliche\u00a0russische\u00a0Einflussnahme und insbesondere \u00fcber RT DE berichtet, spricht kaum jemand dar\u00fcber, wie selbstverst\u00e4ndlich ein Schweizer \u00f6ffentlich-rechtlicher Sender den deutschen Wahlkampf kommentiert, bewertet und eine deutsche Partei \u00f6ffentlich an den Pranger stellt.<\/p>\n<p>Einmischung in deutsche Wahlen? Wenn sie von SRF kommt, ist es offenbar Qualit\u00e4tsjournalismus.<\/p>\n<p><strong>Mehr zum Thema<\/strong>\u00a0\u2013\u00a0<a target=\"_blank\" rel=\"noopener noreferrer\" href=\"https:\/\/de-rtnews.com\/schweiz\/287484-von-1291-bis-2026-schweiz\/\">1. August: Die Schweiz feiert \u2013 und vergisst Russlands Rolle bei ihrer Entstehung<\/a><\/p>\n<div class=\"EmbedBlock-root EmbedBlock-externalVideo EmbedBlock-rumble\">\n<div class=\"VkEmbed\"><iframe class=\"lazyload\" data-src=\"https:\/\/rumble.com\/embed\/v740oci\" frameborder=\"0\" width=\"853\" height=\"480\" allowfullscreen><\/iframe><\/div>\n<\/p><\/div>\n<\/p>\n<\/div>\n","protected":false},"excerpt":{"rendered":"<p>Von Hans-Ueli L\u00e4ppli \u00dcber Russland wird in den Schweizer Medien t\u00e4glich berichtet. Sanktionen, Wladimir Putin, die Ukraine, Energie, Wirtschaft und die Beziehungen zwischen Moskau und dem Westen. Kaum ein internationales Thema wird in den Redaktionen so intensiv und kontrovers behandelt. Kritische Berichterstattung \u00fcber Russland ist selbstverst\u00e4ndlich legitim. Doch gerade bei einem derart polarisierten Thema lohnt [&hellip;]<\/p>\n","protected":false},"author":1,"featured_media":20269,"comment_status":"closed","ping_status":"closed","sticky":false,"template":"","format":"standard","meta":{"_gspb_post_css":"","_uag_custom_page_level_css":"","fifu_image_url":"","fifu_image_alt":"","footnotes":""},"categories":[5],"tags":[],"class_list":["post-20268","post","type-post","status-publish","format-standard","has-post-thumbnail","hentry","category-politik"],"blocksy_meta":{"styles_descriptor":{"styles":{"desktop":"","tablet":"","mobile":""},"google_fonts":[],"version":7}},"uagb_featured_image_src":{"full":["https:\/\/mleexelnfod5.i.optimole.com\/cb:SNnY.cf2\/w:auto\/h:auto\/q:mauto\/f:best\/https:\/\/meiser-tv.de\/wp-content\/uploads\/2026\/08\/6a955466b480cc144854aa71.jpg",1812,1080,false],"thumbnail":["https:\/\/mleexelnfod5.i.optimole.com\/cb:SNnY.cf2\/w:150\/h:150\/q:mauto\/rt:fill\/g:ce\/f:best\/https:\/\/meiser-tv.de\/wp-content\/uploads\/2026\/08\/6a955466b480cc144854aa71.jpg",150,150,true],"medium":["https:\/\/mleexelnfod5.i.optimole.com\/cb:SNnY.cf2\/w:300\/h:179\/q:mauto\/f:best\/https:\/\/meiser-tv.de\/wp-content\/uploads\/2026\/08\/6a955466b480cc144854aa71.jpg",300,179,true],"medium_large":["https:\/\/mleexelnfod5.i.optimole.com\/cb:SNnY.cf2\/w:768\/h:458\/q:mauto\/f:best\/https:\/\/meiser-tv.de\/wp-content\/uploads\/2026\/08\/6a955466b480cc144854aa71.jpg",768,458,true],"large":["https:\/\/mleexelnfod5.i.optimole.com\/cb:SNnY.cf2\/w:1024\/h:610\/q:mauto\/f:best\/https:\/\/meiser-tv.de\/wp-content\/uploads\/2026\/08\/6a955466b480cc144854aa71.jpg",1024,610,true],"1536x1536":["https:\/\/mleexelnfod5.i.optimole.com\/cb:SNnY.cf2\/w:1536\/h:915\/q:mauto\/f:best\/https:\/\/meiser-tv.de\/wp-content\/uploads\/2026\/08\/6a955466b480cc144854aa71.jpg",1536,915,true],"2048x2048":["https:\/\/mleexelnfod5.i.optimole.com\/cb:SNnY.cf2\/w:auto\/h:auto\/q:mauto\/f:best\/https:\/\/meiser-tv.de\/wp-content\/uploads\/2026\/08\/6a955466b480cc144854aa71.jpg",1812,1080,false],"trp-custom-language-flag":["https:\/\/mleexelnfod5.i.optimole.com\/cb:SNnY.cf2\/w:18\/h:12\/q:mauto\/f:best\/dpr:2\/https:\/\/meiser-tv.de\/wp-content\/uploads\/2026\/08\/6a955466b480cc144854aa71.jpg",18,12,true]},"uagb_author_info":{"display_name":"admin","author_link":"https:\/\/meiser-tv.de\/en\/author\/admin\/"},"uagb_comment_info":0,"uagb_excerpt":"Von Hans-Ueli L\u00e4ppli \u00dcber Russland wird in den Schweizer Medien t\u00e4glich berichtet. Sanktionen, Wladimir Putin, die Ukraine, Energie, Wirtschaft und die Beziehungen zwischen Moskau und dem Westen. Kaum ein internationales Thema wird in den Redaktionen so intensiv und kontrovers behandelt. Kritische Berichterstattung \u00fcber Russland ist selbstverst\u00e4ndlich legitim. Doch gerade bei einem derart polarisierten Thema lohnt&hellip;","_links":{"self":[{"href":"https:\/\/meiser-tv.de\/en\/wp-json\/wp\/v2\/posts\/20268","targetHints":{"allow":["GET"]}}],"collection":[{"href":"https:\/\/meiser-tv.de\/en\/wp-json\/wp\/v2\/posts"}],"about":[{"href":"https:\/\/meiser-tv.de\/en\/wp-json\/wp\/v2\/types\/post"}],"author":[{"embeddable":true,"href":"https:\/\/meiser-tv.de\/en\/wp-json\/wp\/v2\/users\/1"}],"replies":[{"embeddable":true,"href":"https:\/\/meiser-tv.de\/en\/wp-json\/wp\/v2\/comments?post=20268"}],"version-history":[{"count":0,"href":"https:\/\/meiser-tv.de\/en\/wp-json\/wp\/v2\/posts\/20268\/revisions"}],"wp:featuredmedia":[{"embeddable":true,"href":"https:\/\/meiser-tv.de\/en\/wp-json\/wp\/v2\/media\/20269"}],"wp:attachment":[{"href":"https:\/\/meiser-tv.de\/en\/wp-json\/wp\/v2\/media?parent=20268"}],"wp:term":[{"taxonomy":"category","embeddable":true,"href":"https:\/\/meiser-tv.de\/en\/wp-json\/wp\/v2\/categories?post=20268"},{"taxonomy":"post_tag","embeddable":true,"href":"https:\/\/meiser-tv.de\/en\/wp-json\/wp\/v2\/tags?post=20268"}],"curies":[{"name":"wp","href":"https:\/\/api.w.org\/{rel}","templated":true}]}}