{"id":20273,"date":"2026-08-31T16:05:06","date_gmt":"2026-08-31T14:05:06","guid":{"rendered":"https:\/\/meiser-tv.de\/politik\/ak-74-munition-am-tatort-toedliche-schuesse-auf-rave-gaeste-polizei-nimmt-43-jaehrigen-schweizer-fest\/"},"modified":"2026-08-31T16:05:06","modified_gmt":"2026-08-31T14:05:06","slug":"ak-74-munition-am-tatort-toedliche-schuesse-auf-rave-gaeste-polizei-nimmt-43-jaehrigen-schweizer-fest","status":"publish","type":"post","link":"https:\/\/meiser-tv.de\/en\/politik\/ak-74-munition-am-tatort-toedliche-schuesse-auf-rave-gaeste-polizei-nimmt-43-jaehrigen-schweizer-fest\/","title":{"rendered":"AK-74-Munition am Tatort: T\u00f6dliche Sch\u00fcsse auf Rave-G\u00e4ste \u2013 Polizei nimmt 43-j\u00e4hrigen Schweizer fest"},"content":{"rendered":"<div>\n<p>In der Schweiz ist eine Rave-Party in Aarau blutig eskaliert. Bei der Schie\u00dferei auf dem Gel\u00e4nde der Pferderennbahn wurde eine 22-j\u00e4hrige Italienerin get\u00f6tet, f\u00fcnf weitere Menschen wurden verletzt. Die Polizei nahm inzwischen einen 43-j\u00e4hrigen Schweizer unter dringendem Tatverdacht fest.<\/p>\n<p>Die Sch\u00fcsse fielen am fr\u00fchen Sonntagmorgen gegen 2.30 Uhr, als die Rave-Party auf dem Gel\u00e4nde der Aarauer Pferderennbahn zu Ende ging. Nach bisherigen Erkenntnissen wurde aus einer Entfernung von bis zu rund 300 Metern auf das Veranstaltungsgel\u00e4nde geschossen.<\/p>\n<p>Eine 22-j\u00e4hrige Italienerin erlitt t\u00f6dliche Verletzungen. F\u00fcnf weitere Personen im Alter zwischen 24 und 31 Jahren wurden verletzt. Vier der Verletzten sind Schweizer, eine Person ist deutsche Staatsangeh\u00f6rige. Unter den Verletzten befinden sich zudem zwei weitere italienische Staatsb\u00fcrger.<\/p>\n<p>Die Tat l\u00f6ste auch in Italien Best\u00fcrzung aus. Ministerpr\u00e4sidentin Giorgia Meloni sprach den Angeh\u00f6rigen der get\u00f6teten Italienerin ihr Beileid aus und forderte eine vollst\u00e4ndige Aufkl\u00e4rung der Schie\u00dferei. Italiens Au\u00dfenminister Antonio Tajani lie\u00df eine Taskforce nach Aarau entsenden, die die betroffenen Familien unterst\u00fctzt und mit den Schweizer Beh\u00f6rden zusammenarbeitet.<\/p>\n<p>In der Nacht auf Montag gelang den Ermittlern ein wichtiger Schritt. Die Kantonspolizei Aargau nahm einen 43-j\u00e4hrigen Schweizer fest. Gegen ihn besteht dringender Tatverdacht. Nach aktuellem Ermittlungsstand gehen die Beh\u00f6rden von einem Einzelt\u00e4ter aus. Die genaue Rolle des Mannes muss jedoch noch gekl\u00e4rt werden.<\/p>\n<p>Am Tatort fanden die Ermittler Patronenh\u00fclsen verschiedener Kaliber. Darunter befand sich auch Munition im Kaliber 5,45\u00a0mal 39 Millimeter, die unter anderem beim sowjetischen Sturmgewehr AK-74 verwendet wird. Zudem wurden H\u00fclsen im Kaliber\u00a0neun Millimeter sichergestellt.<\/p>\n<p>Die Sch\u00fcsse sollen auch Menschen au\u00dferhalb der Rave-Party gef\u00e4hrdet haben. In der N\u00e4he eines Stellplatzes f\u00fcr Fahrende\u00a0wurden ebenfalls Schussabgaben gemeldet. Ein Bewohner schilderte, dass Kugeln in Richtung seiner Familie flogen. Ein Fahrzeug seines Neffen soll von einem Schuss getroffen worden sein.<\/p>\n<p>Das Motiv ist weiterhin unbekannt. Die Ermittler pr\u00fcfen derzeit mehrere Szenarien, darunter einen Amoklauf, einen terroristischen Hintergrund oder eine m\u00f6gliche Abrechnung im Milieu.<\/p>\n<p>Nach der Tat wurde eine nationale und internationale Fahndung eingeleitet. Das Bundesamt f\u00fcr Polizei unterst\u00fctzt die Aargauer Beh\u00f6rden bei der Koordination der Ermittlungen.<\/p>\n<p>Die Untersuchungen laufen weiter. Die Kantonspolizei Aargau will am Mittwoch \u00fcber den aktuellen Stand informieren.<\/p>\n<p><strong>Mehr zum Thema<\/strong>\u00a0\u2013 <a target=\"_blank\" rel=\"noopener noreferrer\" href=\"https:\/\/de-rtnews.com\/schweiz\/290093-schweizer-neutralitaetskampf-rt-de-wird-zum-thema-im-schweizer-fernsehen\/\">Schweizer Neutralit\u00e4tskampf: RT DE wird zum Thema im Schweizer Fernsehen<\/a><\/p>\n<div class=\"EmbedBlock-root EmbedBlock-externalVideo EmbedBlock-rumble\">\n<div class=\"VkEmbed\"><iframe class=\"lazyload\" data-src=\"https:\/\/rumble.com\/embed\/v7cnyvs\" frameborder=\"0\" width=\"853\" height=\"480\" allowfullscreen><\/iframe><\/div>\n<\/p><\/div>\n<\/p>\n<\/div>","protected":false},"excerpt":{"rendered":"<p>In der Schweiz ist eine Rave-Party in Aarau blutig eskaliert. Bei der Schie\u00dferei auf dem Gel\u00e4nde der Pferderennbahn wurde eine 22-j\u00e4hrige Italienerin get\u00f6tet, f\u00fcnf weitere Menschen wurden verletzt. Die Polizei nahm inzwischen einen 43-j\u00e4hrigen Schweizer unter dringendem Tatverdacht fest. Die Sch\u00fcsse fielen am fr\u00fchen Sonntagmorgen gegen 2.30 Uhr, als die Rave-Party auf dem Gel\u00e4nde der [&hellip;]<\/p>\n","protected":false},"author":1,"featured_media":4846,"comment_status":"closed","ping_status":"closed","sticky":false,"template":"","format":"standard","meta":{"_gspb_post_css":"","_uag_custom_page_level_css":"","fifu_image_url":"","fifu_image_alt":"","footnotes":""},"categories":[5],"tags":[],"class_list":["post-20273","post","type-post","status-publish","format-standard","has-post-thumbnail","hentry","category-politik"],"blocksy_meta":{"styles_descriptor":{"styles":{"desktop":"","tablet":"","mobile":""},"google_fonts":[],"version":7}},"uagb_featured_image_src":{"full":["https:\/\/mleexelnfod5.i.optimole.com\/w:auto\/h:auto\/q:mauto\/f:best\/https:\/\/i2.wp.com\/meiser-tv.de\/wp-content\/uploads\/2026\/05\/RSS-Hintergrund.jpg?w=1920&fit=1920,1080&ssl=1",1920,1080,true],"thumbnail":["https:\/\/mleexelnfod5.i.optimole.com\/w:auto\/h:auto\/q:mauto\/f:best\/https:\/\/i2.wp.com\/meiser-tv.de\/wp-content\/uploads\/2026\/05\/RSS-Hintergrund.jpg?w=150&resize=150,150&ssl=1",150,150,true],"medium":["https:\/\/mleexelnfod5.i.optimole.com\/w:auto\/h:auto\/q:mauto\/f:best\/https:\/\/i2.wp.com\/meiser-tv.de\/wp-content\/uploads\/2026\/05\/RSS-Hintergrund.jpg?w=300&fit=300,300&ssl=1",300,300,true],"medium_large":["https:\/\/mleexelnfod5.i.optimole.com\/w:auto\/h:auto\/q:mauto\/f:best\/https:\/\/i2.wp.com\/meiser-tv.de\/wp-content\/uploads\/2026\/05\/RSS-Hintergrund.jpg?w=768&resize=768,0&ssl=1",768,0,true],"large":["https:\/\/mleexelnfod5.i.optimole.com\/w:auto\/h:auto\/q:mauto\/f:best\/https:\/\/i2.wp.com\/meiser-tv.de\/wp-content\/uploads\/2026\/05\/RSS-Hintergrund.jpg?w=1024&fit=1024,1024&ssl=1",1024,1024,true],"1536x1536":["https:\/\/mleexelnfod5.i.optimole.com\/w:auto\/h:auto\/q:mauto\/f:best\/https:\/\/i2.wp.com\/meiser-tv.de\/wp-content\/uploads\/2026\/05\/RSS-Hintergrund.jpg?w=1536&fit=1536,1536&ssl=1",1536,1536,true],"2048x2048":["https:\/\/mleexelnfod5.i.optimole.com\/w:auto\/h:auto\/q:mauto\/f:best\/https:\/\/i2.wp.com\/meiser-tv.de\/wp-content\/uploads\/2026\/05\/RSS-Hintergrund.jpg?w=2048&fit=2048,2048&ssl=1",2048,2048,true],"trp-custom-language-flag":["https:\/\/mleexelnfod5.i.optimole.com\/w:auto\/h:auto\/q:mauto\/f:best\/https:\/\/i2.wp.com\/meiser-tv.de\/wp-content\/uploads\/2026\/05\/RSS-Hintergrund.jpg?w=18&fit=18,12&ssl=1",18,12,true]},"uagb_author_info":{"display_name":"admin","author_link":"https:\/\/meiser-tv.de\/en\/author\/admin\/"},"uagb_comment_info":0,"uagb_excerpt":"In der Schweiz ist eine Rave-Party in Aarau blutig eskaliert. Bei der Schie\u00dferei auf dem Gel\u00e4nde der Pferderennbahn wurde eine 22-j\u00e4hrige Italienerin get\u00f6tet, f\u00fcnf weitere Menschen wurden verletzt. Die Polizei nahm inzwischen einen 43-j\u00e4hrigen Schweizer unter dringendem Tatverdacht fest. Die Sch\u00fcsse fielen am fr\u00fchen Sonntagmorgen gegen 2.30 Uhr, als die Rave-Party auf dem Gel\u00e4nde der&hellip;","_links":{"self":[{"href":"https:\/\/meiser-tv.de\/en\/wp-json\/wp\/v2\/posts\/20273","targetHints":{"allow":["GET"]}}],"collection":[{"href":"https:\/\/meiser-tv.de\/en\/wp-json\/wp\/v2\/posts"}],"about":[{"href":"https:\/\/meiser-tv.de\/en\/wp-json\/wp\/v2\/types\/post"}],"author":[{"embeddable":true,"href":"https:\/\/meiser-tv.de\/en\/wp-json\/wp\/v2\/users\/1"}],"replies":[{"embeddable":true,"href":"https:\/\/meiser-tv.de\/en\/wp-json\/wp\/v2\/comments?post=20273"}],"version-history":[{"count":0,"href":"https:\/\/meiser-tv.de\/en\/wp-json\/wp\/v2\/posts\/20273\/revisions"}],"wp:featuredmedia":[{"embeddable":true,"href":"https:\/\/meiser-tv.de\/en\/wp-json\/wp\/v2\/media\/4846"}],"wp:attachment":[{"href":"https:\/\/meiser-tv.de\/en\/wp-json\/wp\/v2\/media?parent=20273"}],"wp:term":[{"taxonomy":"category","embeddable":true,"href":"https:\/\/meiser-tv.de\/en\/wp-json\/wp\/v2\/categories?post=20273"},{"taxonomy":"post_tag","embeddable":true,"href":"https:\/\/meiser-tv.de\/en\/wp-json\/wp\/v2\/tags?post=20273"}],"curies":[{"name":"wp","href":"https:\/\/api.w.org\/{rel}","templated":true}]}}