{"id":20282,"date":"2026-08-31T17:03:54","date_gmt":"2026-08-31T15:03:54","guid":{"rendered":"https:\/\/meiser-tv.de\/uncategorized\/prof-homburg-lawfare-statt-rechtsstaat-deutschland-kriminalisiert-kritik-das-verfahren-ist-die-strafe\/"},"modified":"2026-08-31T17:03:54","modified_gmt":"2026-08-31T15:03:54","slug":"prof-homburg-lawfare-statt-rechtsstaat-deutschland-kriminalisiert-kritik-das-verfahren-ist-die-strafe","status":"publish","type":"post","link":"https:\/\/meiser-tv.de\/en\/uncategorized\/prof-homburg-lawfare-statt-rechtsstaat-deutschland-kriminalisiert-kritik-das-verfahren-ist-die-strafe\/","title":{"rendered":"Prof. Homburg: Lawfare statt Rechtsstaat: Deutschland kriminalisiert Kritik \u2013 das Verfahren ist die Strafe"},"content":{"rendered":"<div>\n<p class=\"wp-block-paragraph\">Am 30. August 2026 sprach Prof. Stefan Homburg auf dem vom BSW organisierten \u201eFestival der Meinungsfreiheit\u201c in der Magdeburger Festung Mark. Vor rund 1.300 bis 2.000 G\u00e4sten und einem Livestream-Publikum schilderte der parteilose Finanzwissenschaftler, wie aus seiner Sicht in Deutschland das Strafrecht politisch eingesetzt wird \u2013 als \u201eLawfare\u201c. Der folgende Artikel fasst den Vortrag ausf\u00fchrlich zusammen.<\/p>\n<figure class=\"wp-block-embed is-type-video is-provider-youtube wp-block-embed-youtube wp-embed-aspect-16-9 wp-has-aspect-ratio\">\n<div class=\"wp-block-embed__wrapper\">\n<iframe title=\"Mein Vortrag in Magdeburg | Prof. Homburg\" width=\"800\" height=\"450\" src=\"https:\/\/www.youtube.com\/embed\/LiShD_Bg0PU?start=6&amp;feature=oembed\" frameborder=\"0\" allow=\"accelerometer; autoplay; clipboard-write; encrypted-media; gyroscope; picture-in-picture; web-share\" referrerpolicy=\"strict-origin-when-cross-origin\" allowfullscreen><\/iframe>\n<\/div>\n<\/figure>\n<h2 class=\"wp-block-heading\">Was Homburg unter \u201eLawfare\u201c versteht<\/h2>\n<p class=\"wp-block-paragraph\">Homburg begann mit einer Korrektur und einer Abgrenzung. Der oft zitierte \u201eBierdeckel\u201c stamme nicht von ihm, sondern von einem heutigen Bundeskanzler. Wichtiger noch: Es gehe ihm nicht um Selbstmitleid. Er sei nicht entlassen worden, habe nie im Gef\u00e4ngnis gesessen. Sein Thema sei eine Systembeschreibung.<\/p>\n<p class=\"wp-block-paragraph\">\u201eLawfare\u201c sei ein Kofferwort aus <em>law<\/em> und <em>warfare<\/em> \u2013 Recht und Kriegsf\u00fchrung. Den Begriff habe er vor Corona nicht gekannt; ein US-Milit\u00e4r habe ihn vor etwa 25 Jahren gepr\u00e4gt. Gemeint sei der Missbrauch des Strafrechts zur Durchsetzung politischer Ziele. In Deutschland diene das vor allem dazu, den \u201eKorridor des Sagbaren\u201c zu verengen. Unliebsame \u00c4u\u00dferungen w\u00fcrden kriminalisiert, damit sie unterblieben.<\/p>\n<p class=\"wp-block-paragraph\">Staatsanw\u00e4lte, so Homburg unter Berufung auf Gespr\u00e4che mit Angeh\u00f6rigen der Beh\u00f6rde, erhielten allgemeine Weisungen, Regierungskritik vorrangig gegen\u00fcber \u201eechter Kriminalit\u00e4t\u201c zu behandeln. \u201eWeisung\u201c sei dabei ein Euphemismus f\u00fcr Befehl.<\/p>\n<h2 class=\"wp-block-heading\">Der Riss im April 2020<\/h2>\n<p class=\"wp-block-paragraph\">Bis M\u00e4rz 2020 sei er ein \u201eunbeschriebenes Blatt\u201c gewesen: ohne Kenntnis von Polizei, Staatsanwaltschaft und Strafrichtern. Das habe sich schlagartig ge\u00e4ndert.<\/p>\n<p class=\"wp-block-paragraph\">Am 17. April 2020 sagte er im Interview mit Milena Preradovic, der sogenannte R-Wert des RKI habe schon vor dem Lockdown unter 1 gelegen. Das Video sei millionenfach gesehen worden. Kanzlerin Angela Merkel hatte den Lockdown an eben diesen Schwellenwert gekoppelt \u2013 und verl\u00e4ngerte ihn trotzdem auf unbestimmte Zeit. F\u00fcr Homburg war das der erste gro\u00dfe Riss in der Fassade einer angeblich evidenzbasierten Gesundheitspolitik.<\/p>\n<p class=\"wp-block-paragraph\">Nur zehn Tage sp\u00e4ter seien die ersten Strafverfahren gegen ihn angelaufen. Bis heute seien es vielleicht zwei Dutzend. Einen genauen \u00dcberblick habe er nicht, weil man von Einstellungen oft nur zuf\u00e4llig erfahre, wenn sie in anderen Akten wieder auftauchten.<\/p>\n<h2 class=\"wp-block-heading\">Der Vorwurfskatalog und das K\u00e4stchen \u201epolitisches Verfahren\u201c<\/h2>\n<p class=\"wp-block-paragraph\">Die Vorw\u00fcrfe, so Homburg, durchz\u00f6gen das Strafgesetzbuch: Verleumdung, Beleidigung, Volksverhetzung, \u00fcble Nachrede, Bedrohung, N\u00f6tigung, Aussp\u00e4hen von Daten, verbotenes Zitieren aus Gerichtsakten, Verunglimpfung des Staates. Viele dieser Delikte habe er vorher kaum gekannt. In der Lockdown-Zeit habe die damalige gro\u00dfe Koalition Paragraphen ins Strafgesetzbuch gebracht, die zuvor kaum jemand im Blick gehabt habe.<\/p>\n<p class=\"wp-block-paragraph\">Auff\u00e4llig sei ein Detail in den Akten: Selbst wenn es um angebliche Beleidigung von Privatpersonen gehe, sei oft das Feld \u201epolitisches Verfahren\u201c angekreuzt. Einen Satz zitierte er w\u00f6rtlich:<\/p>\n<blockquote class=\"wp-block-quote is-layout-flow wp-block-quote-is-layout-flow\">\n<p class=\"wp-block-paragraph\">\u201eDer Beschuldigte ist international als Coronama\u00dfnahmenkritiker bekannt. Herr Homburg nimmt dabei regelm\u00e4\u00dfig eine regierungskritische Position ein (unabh\u00e4ngig der Legislaturperiode).\u201c<\/p>\n<\/blockquote>\n<p class=\"wp-block-paragraph\">Das letzte sei fast ein Kompliment, sagte er: Es hei\u00dfe im Klartext, er sei f\u00fcr alle \u201eBlockparteien\u201c gef\u00e4hrlich. Nirgends werde offen der Vorwurf erhoben, er sei Gegner von Lockdowns und Impfzwang \u2013 daf\u00fcr gebe es keine Strafnorm. Stattdessen er\u00f6ffneten Staatsanw\u00e4lte Nebenkriegsschaupl\u00e4tze, um indirekt zu erreichen, dass er den Mund halte.<\/p>\n<p class=\"wp-block-paragraph\">Eine Strafrichterin \u2013 \u201eTyp Oma gegen Rechts\u201c \u2013 habe auf die Frage, wie er im konkreten Fall legal h\u00e4tte formulieren k\u00f6nnen, geantwortet: \u201eAm besten ist, Sie schreiben \u00fcberhaupt nichts mehr.\u201c Genau das sei das Ziel von Lawfare.<\/p>\n<h2 class=\"wp-block-heading\">Bilanz nach sechs Jahren: gewonnen, aber teuer<\/h2>\n<p class=\"wp-block-paragraph\">Seit 2020 kamen Zivilprozesse hinzu, vor allem gegen YouTube-L\u00f6schungen und Unterlassungsklagen gegen Medien. Die Zwischenbilanz nach sechs Jahren laut Homburg: Die Zivilverfahren habe er fast alle gewonnen. Ein rechtskr\u00e4ftiges Strafurteil gebe es keines.<\/p>\n<p class=\"wp-block-paragraph\">Dann bremste er den Applaus. Der Preis sei ein sechsstelliger Betrag. Wer an Friedensbem\u00fchungen, Impffreiheit oder sogar an nat\u00fcrlichen Klimawandel glaube, solle sich in Deutschland zur\u00fcckhaltend \u00e4u\u00dfern \u2013 oder besser gar nicht, es sei denn, er k\u00f6nne es sich leisten.<\/p>\n<p class=\"wp-block-paragraph\">Der Tipp klinge absurd, beruhe aber auf Dutzenden Zuschriften verzweifelter Menschen, die ihm unaufgefordert Kopien ihrer Strafbefehle geschickt h\u00e4tten. Einer mittellosen Frau habe er aus eigener Tasche eine Anw\u00e4ltin finanziert; sie sei freigesprochen worden. Das k\u00f6nne man nicht zur Regel machen.<\/p>\n<h2 class=\"wp-block-heading\">Zwei praktische Ratschl\u00e4ge<\/h2>\n<p class=\"wp-block-paragraph\">Das Grundproblem sei verfahrenstechnisch: Wer gegen einen Strafbefehl Einspruch einlege, stehe in der Regel vor demselben Richter, der den Strafbefehl zuvor unterschrieben habe. Bessere Chancen gebe es erst in der zweiten Instanz vor dem Landgericht. Viele h\u00e4tten daf\u00fcr kein Geld und zahlten deshalb \u201ez\u00e4hneknirschend\u201c wegen \u201elegaler Nichtigkeit\u201c.<\/p>\n<p class=\"wp-block-paragraph\">Zweiter Rat: Eine polizeiliche Vorladung solle man nicht selbst wahrnehmen. Wer hingehe, setze das Signal, eine leichte Beute zu sein. Ein Anwalt sage den Termin ab, fordere die Akten an und schreibe einen Schriftsatz. Er selbst sei anfangs den Vorladungen gefolgt, habe \u201edie meisten Polizeistationen Hannovers von innen\u201c gesehen und einen Strafbefehl kassiert, der nicht n\u00f6tig gewesen w\u00e4re. Damals habe er noch an einen Justizirrtum geglaubt. Inzwischen halte er Lawfare in Deutschland nicht f\u00fcr die Ausnahme, sondern f\u00fcr System.<\/p>\n<h2 class=\"wp-block-heading\">Nicht nur sein Fall<\/h2>\n<p class=\"wp-block-paragraph\">Homburg stellte sich in eine Reihe mit anderen bekannten Kritikern der Corona-Politik:<\/p>\n<ul class=\"wp-block-list\">\n<li>Michael Ballweg, Organisator von Demonstrationen, sa\u00df neun Monate in Untersuchungshaft.<\/li>\n<li>Prof. Sucharit Bhakdi, der fr\u00fch einen Warnbrief an Merkel geschrieben habe, sei angeklagt worden.<\/li>\n<li>Prof. Stefan Hockertz habe vor Zehntausenden Impftoten gewarnt und eine Hausdurchsuchung erlitten.<\/li>\n<\/ul>\n<p class=\"wp-block-paragraph\">Rechtskr\u00e4ftige Schuldspr\u00fcche gebe es auch bei diesen dreien nicht. Alle seien mit vorgeschobenen Argumenten angeklagt worden, um sie als Gegner von Lockdown und Impfzwang beiseitezur\u00e4umen.<\/p>\n<p class=\"wp-block-paragraph\">(\u00d6ffentlich bekannt ist unter anderem: Ballweg sa\u00df 2022\/23 neun Monate in U-Haft; Bhakdi wurde 2023 in erster Instanz vom Vorwurf der Volksverhetzung freigesprochen, die Staatsanwaltschaft ging in Berufung. Homburgs eigene Darstellung zielt auf den politischen Charakter der Verfahren, nicht auf eine juristische Gesamtbilanz jedes Einzelfalls.)<\/p>\n<h2 class=\"wp-block-heading\">G\u00f6ttingen, US-Fernsehen und JD Vance<\/h2>\n<p class=\"wp-block-paragraph\">Der sch\u00e4rfste Teil des Vortrags galt der These, Deutschland unterscheide sich \u201ekaum noch von autorit\u00e4ren Regimen oder dem fr\u00fcheren Ostblock\u201c. Es sei abstrus, eine \u201eliberale Demokratie\u201c zu feiern, die aus rot-gr\u00fcner Ideologie und strafrechtlicher Verfolgung aller anderen Positionen bestehe.<\/p>\n<p class=\"wp-block-paragraph\">Inzwischen sei die Lage so extrem, dass G\u00f6ttinger Staatsanw\u00e4lte es bis in die Primetime des US-Fernsehens geschafft h\u00e4tten \u2013 gemeint ist der <em>60-Minutes<\/em>-Beitrag von CBS \u00fcber deutsche Razzia-Wellen wegen Online-\u00c4u\u00dferungen. Homburg warf den dort auftretenden Ankl\u00e4gern vor, sie h\u00e4tten sich damit gebr\u00fcstet, wie man politische Gegner mit unbegr\u00fcndeten Hausdurchsuchungen und Beschlagnahmen fertigmache. Genau diesen Staatsanw\u00e4lten verdanke er die meisten eigenen Strafsachen.<\/p>\n<p class=\"wp-block-paragraph\">Eine Woche nach der US-Ausstrahlung habe Vizepr\u00e4sident JD Vance auf der M\u00fcnchner Sicherheitskonferenz seinen \u201eWutausbruch\u201c gehabt und deutschen Politikern vorgeworfen, Angst vor den eigenen W\u00e4hlern zu haben. Amerikaner k\u00f6nnten schlicht nicht verstehen, was in Deutschland in Sachen Meinungsfreiheit vor sich gehe.<\/p>\n<p class=\"wp-block-paragraph\">Auch das Bundesverfassungsgericht sei nicht mehr Verteidigerin der Grundrechte, sondern eher ein \u201eFeigenblatt des Totalitarismus\u201c. Nirgends sei das klarer geworden als bei der Impfpflicht: Intern habe das RKI die \u201ePandemie der Ungeimpften\u201c f\u00fcr eine L\u00fcge gehalten, vor Gericht aber die Regierung gest\u00fctzt. Die Richter h\u00e4tten alles durchgewinkt. Mit weisungsabh\u00e4ngigen Beh\u00f6rden als einzigen Zeugen von Belang werde die Gewaltenteilung ad absurdum gef\u00fchrt: Die Regierung bescheinige sich im Grunde selbst, alles richtig gemacht zu haben.<\/p>\n<p class=\"wp-block-paragraph\">Meinungsfreiheit genie\u00dfe im Ergebnis nur noch, \u201ewer dem Mainstream hinterhertrottet\u201c.<\/p>\n<h2 class=\"wp-block-heading\">Die Schlussfolgerung f\u00fcr Sachsen-Anhalt<\/h2>\n<p class=\"wp-block-paragraph\">Von einer Reformregierung erwarte er, dass sie im Strafrecht gr\u00fcndlich aufr\u00e4ume. Sachsen-Anhalt k\u00f6nne keine Bundesstrafgesetze \u00e4ndern. Es k\u00f6nne aber Weisungen an Staatsanw\u00e4lte \u00e4ndern, Weisungen an den Landesverfassungsschutz \u00e4ndern und die Einstellungspraxis bei Richtern und Staatsanw\u00e4lten \u00e4ndern. \u201eInsofern gibt es Hoffnung.\u201c<\/p>\n<p class=\"wp-block-paragraph\">Der Satz war, wie Kommentatoren unter dem Video rasch bemerkten, bewusst doppeldeutig: eine Woche vor der Landtagswahl in Sachsen-Anhalt, gesprochen auf einer BSW-B\u00fchne, ohne dass Homburg eine Wahlempfehlung aussprach.<\/p>\n<h2 class=\"wp-block-heading\">Der Rahmen, den Homburg selbst setzt<\/h2>\n<p class=\"wp-block-paragraph\">In der Videobeschreibung und eingangs des Auftritts betonte er denselben Punkt: Als parteiloser Wissenschaftler folge er gelegentlich Einladungen politischer Parteien. Fr\u00fcher seien das Union, SPD oder Gr\u00fcne gewesen, heute AfD, BSW oder dieBasis. Eine Wahlempfehlung sei damit nicht verbunden. Ihm gehe es um die Verbreitung seiner Ideen. Wer auf Kontaktschuld-Vorw\u00fcrfe hereinfalle, sei bei ihm an der falschen Adresse.<\/p>\n<p class=\"wp-block-paragraph\">Das Publikum auf YouTube reagierte \u00fcberschw\u00e4nglich: Homburg als \u201eHoffnungstr\u00e4ger\u201c, \u201eLeuchtfeuer der Freiheit\u201c, sogar als Wunsch-Bundespr\u00e4sident. Andere hielten fest, dass ausgerechnet die Kategorie \u201epolitisches Verfahren\u201c besorgt mache \u2013 und dass \u00d6ffentlichkeit die wirksamste Gegenwehr sei.<\/p>\n<h2 class=\"wp-block-heading\">Was der Vortrag leistet \u2013 und was er offenl\u00e4sst<\/h2>\n<p class=\"wp-block-paragraph\">Homburgs Rede ist kein juristisches Gutachten, sondern ein Erfahrungsbericht mit politischer Pointe. Stark ist sie dort, wo sie konkrete Mechanismen benennt: das Ankreuzen \u201epolitisches Verfahren\u201c, die Kostenfalle des Strafbefehls, die Weisungsabh\u00e4ngigkeit der Staatsanwaltschaft, die Abschreckungswirkung auch ohne rechtskr\u00e4ftiges Urteil. Schw\u00e4cher bleibt sie dort, wo Einzelf\u00e4lle unterschiedlicher Art \u2013 Beleidigung, Volksverhetzung, Steuer- oder Wirtschaftsdelikte, Kennzeichenverbote \u2013 zu einem einzigen Motiv zusammengezogen werden.<\/p>\n<p class=\"wp-block-paragraph\">Unabh\u00e4ngig von der Bewertung bleibt der Kernsatz des Abends stehen: Nicht erst das Urteil, sondern schon das Verfahren ist die Strafe. Oder, wie ein Zuschauer unter dem Video schrieb: <em>The process is the punishment.<\/em> Genau das meinte Homburg mit Lawfare.<\/p>\n<\/div>","protected":false},"excerpt":{"rendered":"<p>Am 30. August 2026 sprach Prof. Stefan Homburg auf dem vom BSW organisierten \u201eFestival der Meinungsfreiheit\u201c in der Magdeburger Festung Mark. Vor rund 1.300 bis 2.000 G\u00e4sten und einem Livestream-Publikum schilderte der parteilose Finanzwissenschaftler, wie aus seiner Sicht in Deutschland das Strafrecht politisch eingesetzt wird \u2013 als \u201eLawfare\u201c. Der folgende Artikel fasst den Vortrag ausf\u00fchrlich [&hellip;]<\/p>\n","protected":false},"author":1,"featured_media":4846,"comment_status":"closed","ping_status":"closed","sticky":false,"template":"","format":"standard","meta":{"_gspb_post_css":"","_uag_custom_page_level_css":"","fifu_image_url":"","fifu_image_alt":"","footnotes":""},"categories":[1],"tags":[],"class_list":["post-20282","post","type-post","status-publish","format-standard","has-post-thumbnail","hentry","category-uncategorized"],"blocksy_meta":{"styles_descriptor":{"styles":{"desktop":"","tablet":"","mobile":""},"google_fonts":[],"version":7}},"uagb_featured_image_src":{"full":["https:\/\/mleexelnfod5.i.optimole.com\/w:auto\/h:auto\/q:mauto\/f:best\/https:\/\/i2.wp.com\/meiser-tv.de\/wp-content\/uploads\/2026\/05\/RSS-Hintergrund.jpg?w=1920&fit=1920,1080&ssl=1",1920,1080,true],"thumbnail":["https:\/\/mleexelnfod5.i.optimole.com\/w:auto\/h:auto\/q:mauto\/f:best\/https:\/\/i2.wp.com\/meiser-tv.de\/wp-content\/uploads\/2026\/05\/RSS-Hintergrund.jpg?w=150&resize=150,150&ssl=1",150,150,true],"medium":["https:\/\/mleexelnfod5.i.optimole.com\/w:auto\/h:auto\/q:mauto\/f:best\/https:\/\/i2.wp.com\/meiser-tv.de\/wp-content\/uploads\/2026\/05\/RSS-Hintergrund.jpg?w=300&fit=300,300&ssl=1",300,300,true],"medium_large":["https:\/\/mleexelnfod5.i.optimole.com\/w:auto\/h:auto\/q:mauto\/f:best\/https:\/\/i2.wp.com\/meiser-tv.de\/wp-content\/uploads\/2026\/05\/RSS-Hintergrund.jpg?w=768&resize=768,0&ssl=1",768,0,true],"large":["https:\/\/mleexelnfod5.i.optimole.com\/w:auto\/h:auto\/q:mauto\/f:best\/https:\/\/i2.wp.com\/meiser-tv.de\/wp-content\/uploads\/2026\/05\/RSS-Hintergrund.jpg?w=1024&fit=1024,1024&ssl=1",1024,1024,true],"1536x1536":["https:\/\/mleexelnfod5.i.optimole.com\/w:auto\/h:auto\/q:mauto\/f:best\/https:\/\/i2.wp.com\/meiser-tv.de\/wp-content\/uploads\/2026\/05\/RSS-Hintergrund.jpg?w=1536&fit=1536,1536&ssl=1",1536,1536,true],"2048x2048":["https:\/\/mleexelnfod5.i.optimole.com\/w:auto\/h:auto\/q:mauto\/f:best\/https:\/\/i2.wp.com\/meiser-tv.de\/wp-content\/uploads\/2026\/05\/RSS-Hintergrund.jpg?w=2048&fit=2048,2048&ssl=1",2048,2048,true],"trp-custom-language-flag":["https:\/\/mleexelnfod5.i.optimole.com\/w:auto\/h:auto\/q:mauto\/f:best\/https:\/\/i2.wp.com\/meiser-tv.de\/wp-content\/uploads\/2026\/05\/RSS-Hintergrund.jpg?w=18&fit=18,12&ssl=1",18,12,true]},"uagb_author_info":{"display_name":"admin","author_link":"https:\/\/meiser-tv.de\/en\/author\/admin\/"},"uagb_comment_info":0,"uagb_excerpt":"Am 30. August 2026 sprach Prof. Stefan Homburg auf dem vom BSW organisierten \u201eFestival der Meinungsfreiheit\u201c in der Magdeburger Festung Mark. Vor rund 1.300 bis 2.000 G\u00e4sten und einem Livestream-Publikum schilderte der parteilose Finanzwissenschaftler, wie aus seiner Sicht in Deutschland das Strafrecht politisch eingesetzt wird \u2013 als \u201eLawfare\u201c. Der folgende Artikel fasst den Vortrag ausf\u00fchrlich&hellip;","_links":{"self":[{"href":"https:\/\/meiser-tv.de\/en\/wp-json\/wp\/v2\/posts\/20282","targetHints":{"allow":["GET"]}}],"collection":[{"href":"https:\/\/meiser-tv.de\/en\/wp-json\/wp\/v2\/posts"}],"about":[{"href":"https:\/\/meiser-tv.de\/en\/wp-json\/wp\/v2\/types\/post"}],"author":[{"embeddable":true,"href":"https:\/\/meiser-tv.de\/en\/wp-json\/wp\/v2\/users\/1"}],"replies":[{"embeddable":true,"href":"https:\/\/meiser-tv.de\/en\/wp-json\/wp\/v2\/comments?post=20282"}],"version-history":[{"count":0,"href":"https:\/\/meiser-tv.de\/en\/wp-json\/wp\/v2\/posts\/20282\/revisions"}],"wp:featuredmedia":[{"embeddable":true,"href":"https:\/\/meiser-tv.de\/en\/wp-json\/wp\/v2\/media\/4846"}],"wp:attachment":[{"href":"https:\/\/meiser-tv.de\/en\/wp-json\/wp\/v2\/media?parent=20282"}],"wp:term":[{"taxonomy":"category","embeddable":true,"href":"https:\/\/meiser-tv.de\/en\/wp-json\/wp\/v2\/categories?post=20282"},{"taxonomy":"post_tag","embeddable":true,"href":"https:\/\/meiser-tv.de\/en\/wp-json\/wp\/v2\/tags?post=20282"}],"curies":[{"name":"wp","href":"https:\/\/api.w.org\/{rel}","templated":true}]}}