{"id":20291,"date":"2026-08-31T18:02:31","date_gmt":"2026-08-31T16:02:31","guid":{"rendered":"https:\/\/meiser-tv.de\/medienkritik\/schicksalswahl-sachsen-anhalt-afd-punktet-in-allen-sozialen-schichten-sieben-prozent-zusaetzliche-reserve\/"},"modified":"2026-08-31T18:02:31","modified_gmt":"2026-08-31T16:02:31","slug":"schicksalswahl-sachsen-anhalt-afd-punktet-in-allen-sozialen-schichten-sieben-prozent-zusaetzliche-reserve","status":"publish","type":"post","link":"https:\/\/meiser-tv.de\/en\/medienkritik\/schicksalswahl-sachsen-anhalt-afd-punktet-in-allen-sozialen-schichten-sieben-prozent-zusaetzliche-reserve\/","title":{"rendered":"Schicksalswahl Sachsen-Anhalt: AfD punktet in allen sozialen Schichten \u2013 Sieben Prozent zus\u00e4tzliche \u201eReserve\u201c"},"content":{"rendered":"<div>\n<p class=\"wp-block-paragraph\">Menschen aus allen sozialen Schichten der Bev\u00f6lkerung wollen nach Erkenntnissen der Demoskopen bei der Landtagswahl in Sachsen-Anhalt f\u00fcr die AfD stimmen. Mittlerweile finde die Partei Unterst\u00fctzung \u201ein allen Bev\u00f6lkerungsgruppen\u201c, best\u00e4tigte Stefan Merz vom Meinungsforschungsinstitut Infratest dimap im Deutschlandfunk (dlf).\u00a0<\/p>\n<p class=\"wp-block-paragraph\">Inzwischen geben demnach nicht nur M\u00e4nner deutlich h\u00e4ufiger an, bei der Landtagswahl am kommenden Sonntag die AfD w\u00e4hlen zu wollen. Die Partei schneide auch unter Frauen am Besten ab.<\/p>\n<p class=\"wp-block-paragraph\">Merz redet Unsinn<\/p>\n<p class=\"wp-block-paragraph\">Die Wahlmotive haben sich dem Wahlforscher zufolge kaum ver\u00e4ndert. Zuwanderung und Asyl werden am h\u00e4ufigsten als Grund genannt, AfD zu w\u00e4hlen. Stefan Merz widersprach ausdr\u00fccklich seinem Namensvetter Friedrich Merz (CDU), der im ARD-Sommerinterview behauptet hatte, Migration spiele bei Landtagswahlen keine Rolle mehr.\u00a0<\/p>\n<p class=\"wp-block-paragraph\">INSA-Chef: AfD hat noch sieben Prozent \u201eReserve\u201c<\/p>\n<p class=\"wp-block-paragraph\">Laut INSA-Chef Hermann Binkert hat die AfD noch ein m\u00f6gliches Stimmenreservoir von sieben Prozenpunkten. Diese, wie Binkert gegen\u00fcber der \u201eWelt\u201c formulierte, \u201eReserve\u201c gelte es mit Blick auf die aktuellen Umfragewerte zu ber\u00fccksichtigen. Laut Demoskopen war zuletzt noch jeder dritte W\u00e4hler in Sachsen-Anhalt unentschlossen. Dies k\u00f6nnte der AfD und ihrem Spitzenkandidaten Ulrich Siegmund zus\u00e4tzlich zugute kommen.<\/p>\n<p><strong>Beitrag:<\/strong> <a target=\"_blank\" rel=\"noopener noreferrer\" href=\"https:\/\/deutschlandkurier.de\/2026\/08\/schicksalswahl-sachsen-anhalt-afd-punktet-in-allen-sozialen-schichten-sieben-prozent-zusaetzliche-reserve\/\">Schicksalswahl Sachsen-Anhalt: AfD punktet in allen sozialen Schichten \u2013 Sieben Prozent zus\u00e4tzliche \u201eReserve\u201c<\/a> <br><strong>Quelle:<\/strong> Deutschland-Kurier.<\/p>\n<\/div>","protected":false},"excerpt":{"rendered":"<div>\n<p>Menschen aus allen sozialen Schichten der Bev\u00f6lkerung wollen nach Erkenntnissen der Demoskopen bei der Landtagswahl in Sachsen-Anhalt f\u00fcr die AfD stimmen. Mittlerweile finde die Partei Unterst\u00fctzung \u201ein allen Bev\u00f6lkerungsgruppen\u201c, best\u00e4tigte Stefan Merz vom Meinungsforschungsinstitut Infratest dimap im Deutschlandfunk (dlf).\u00a0 Inzwischen geben demnach nicht nur M\u00e4nner deutlich h\u00e4ufiger an, bei der Landtagswahl am kommenden Sonntag die [\u2026]<\/p>\n<p>The post <a href=\"https:\/\/deutschlandkurier.de\/2026\/08\/schicksalswahl-sachsen-anhalt-afd-punktet-in-allen-sozialen-schichten-sieben-prozent-zusaetzliche-reserve\/\">Schicksalswahl Sachsen-Anhalt: AfD punktet in allen sozialen Schichten \u2013 Sieben Prozent zus\u00e4tzliche \u201eReserve\u201c<\/a> appeared first on <a href=\"https:\/\/deutschlandkurier.de\/\">Deutschland-Kurier<\/a>.<\/p>\n<\/div>\n","protected":false},"author":1,"featured_media":4846,"comment_status":"closed","ping_status":"closed","sticky":false,"template":"","format":"standard","meta":{"_gspb_post_css":"","_uag_custom_page_level_css":"","fifu_image_url":"","fifu_image_alt":"","footnotes":""},"categories":[17],"tags":[],"class_list":["post-20291","post","type-post","status-publish","format-standard","has-post-thumbnail","hentry","category-medienkritik"],"blocksy_meta":{"styles_descriptor":{"styles":{"desktop":"","tablet":"","mobile":""},"google_fonts":[],"version":7}},"uagb_featured_image_src":{"full":["https:\/\/mleexelnfod5.i.optimole.com\/w:auto\/h:auto\/q:mauto\/f:best\/https:\/\/i2.wp.com\/meiser-tv.de\/wp-content\/uploads\/2026\/05\/RSS-Hintergrund.jpg?w=1920&fit=1920,1080&ssl=1",1920,1080,true],"thumbnail":["https:\/\/mleexelnfod5.i.optimole.com\/w:auto\/h:auto\/q:mauto\/f:best\/https:\/\/i2.wp.com\/meiser-tv.de\/wp-content\/uploads\/2026\/05\/RSS-Hintergrund.jpg?w=150&resize=150,150&ssl=1",150,150,true],"medium":["https:\/\/mleexelnfod5.i.optimole.com\/w:auto\/h:auto\/q:mauto\/f:best\/https:\/\/i2.wp.com\/meiser-tv.de\/wp-content\/uploads\/2026\/05\/RSS-Hintergrund.jpg?w=300&fit=300,300&ssl=1",300,300,true],"medium_large":["https:\/\/mleexelnfod5.i.optimole.com\/w:auto\/h:auto\/q:mauto\/f:best\/https:\/\/i2.wp.com\/meiser-tv.de\/wp-content\/uploads\/2026\/05\/RSS-Hintergrund.jpg?w=768&resize=768,0&ssl=1",768,0,true],"large":["https:\/\/mleexelnfod5.i.optimole.com\/w:auto\/h:auto\/q:mauto\/f:best\/https:\/\/i2.wp.com\/meiser-tv.de\/wp-content\/uploads\/2026\/05\/RSS-Hintergrund.jpg?w=1024&fit=1024,1024&ssl=1",1024,1024,true],"1536x1536":["https:\/\/mleexelnfod5.i.optimole.com\/w:auto\/h:auto\/q:mauto\/f:best\/https:\/\/i2.wp.com\/meiser-tv.de\/wp-content\/uploads\/2026\/05\/RSS-Hintergrund.jpg?w=1536&fit=1536,1536&ssl=1",1536,1536,true],"2048x2048":["https:\/\/mleexelnfod5.i.optimole.com\/w:auto\/h:auto\/q:mauto\/f:best\/https:\/\/i2.wp.com\/meiser-tv.de\/wp-content\/uploads\/2026\/05\/RSS-Hintergrund.jpg?w=2048&fit=2048,2048&ssl=1",2048,2048,true],"trp-custom-language-flag":["https:\/\/mleexelnfod5.i.optimole.com\/w:auto\/h:auto\/q:mauto\/f:best\/https:\/\/i2.wp.com\/meiser-tv.de\/wp-content\/uploads\/2026\/05\/RSS-Hintergrund.jpg?w=18&fit=18,12&ssl=1",18,12,true]},"uagb_author_info":{"display_name":"admin","author_link":"https:\/\/meiser-tv.de\/en\/author\/admin\/"},"uagb_comment_info":0,"uagb_excerpt":"Menschen aus allen sozialen Schichten der Bev\u00f6lkerung wollen nach Erkenntnissen der Demoskopen bei der Landtagswahl in Sachsen-Anhalt f\u00fcr die AfD stimmen. Mittlerweile finde die Partei Unterst\u00fctzung \u201ein allen Bev\u00f6lkerungsgruppen\u201c, best\u00e4tigte Stefan Merz vom Meinungsforschungsinstitut Infratest dimap im Deutschlandfunk (dlf).\u00a0 Inzwischen geben demnach nicht nur M\u00e4nner deutlich h\u00e4ufiger an, bei der Landtagswahl am kommenden Sonntag die&hellip;","_links":{"self":[{"href":"https:\/\/meiser-tv.de\/en\/wp-json\/wp\/v2\/posts\/20291","targetHints":{"allow":["GET"]}}],"collection":[{"href":"https:\/\/meiser-tv.de\/en\/wp-json\/wp\/v2\/posts"}],"about":[{"href":"https:\/\/meiser-tv.de\/en\/wp-json\/wp\/v2\/types\/post"}],"author":[{"embeddable":true,"href":"https:\/\/meiser-tv.de\/en\/wp-json\/wp\/v2\/users\/1"}],"replies":[{"embeddable":true,"href":"https:\/\/meiser-tv.de\/en\/wp-json\/wp\/v2\/comments?post=20291"}],"version-history":[{"count":0,"href":"https:\/\/meiser-tv.de\/en\/wp-json\/wp\/v2\/posts\/20291\/revisions"}],"wp:featuredmedia":[{"embeddable":true,"href":"https:\/\/meiser-tv.de\/en\/wp-json\/wp\/v2\/media\/4846"}],"wp:attachment":[{"href":"https:\/\/meiser-tv.de\/en\/wp-json\/wp\/v2\/media?parent=20291"}],"wp:term":[{"taxonomy":"category","embeddable":true,"href":"https:\/\/meiser-tv.de\/en\/wp-json\/wp\/v2\/categories?post=20291"},{"taxonomy":"post_tag","embeddable":true,"href":"https:\/\/meiser-tv.de\/en\/wp-json\/wp\/v2\/tags?post=20291"}],"curies":[{"name":"wp","href":"https:\/\/api.w.org\/{rel}","templated":true}]}}