{"id":20299,"date":"2026-08-31T19:02:56","date_gmt":"2026-08-31T17:02:56","guid":{"rendered":"https:\/\/meiser-tv.de\/politik\/ungarn-betrunkener-pilot-steuerte-flugzeug-auf-akw-zu\/"},"modified":"2026-08-31T19:02:56","modified_gmt":"2026-08-31T17:02:56","slug":"ungarn-betrunkener-pilot-steuerte-flugzeug-auf-akw-zu","status":"publish","type":"post","link":"https:\/\/meiser-tv.de\/en\/politik\/ungarn-betrunkener-pilot-steuerte-flugzeug-auf-akw-zu\/","title":{"rendered":"Ungarn: Betrunkener Pilot steuerte Flugzeug auf AKW zu"},"content":{"rendered":"<div>\n<p>In Ungarn entf\u00fchrte am Sonnabend, dem 29. August 2026, ein betrunkener Pilot ein Flugzeug und flog in Richtung des Kernkraftwerks Paks \u2013 das Milit\u00e4r schickte zwei Kampfflugzeuge los, um ihn abzufangen.<\/p>\n<p>Lokale Medien berichten, dass sich ein 24-j\u00e4hriger Mann Zugang zum Flugplatz verschafft, in eine Cessna 172 gestiegen und Kurs auf das einzige ungarische Kernkraftwerk genommen habe. Dabei ist es zivilen Luftfahrzeugen untersagt, sich der Anlage auf weniger als drei Kilometer und bis zu einer H\u00f6he von 6.000 Metern zu n\u00e4hern.<\/p>\n<p>Milit\u00e4rradare erfassten den ungeplanten Flug, woraufhin im Rahmen eines Alarms ein Einsatzpaar von JAS-39-Gripen-Kampfflugzeugen gestartet wurde. Die Hilfe des Milit\u00e4rs wurde jedoch nicht ben\u00f6tigt: Der Pilot verlor die Kontrolle \u00fcber das Flugzeug und landete auf einem Feld.\u00a0Bei der Bruchlandung knickte das Fahrwerk ein. Der Pilot blieb jedoch unverletzt.<\/p>\n<p>Danach versuchte der Mann, mit dem Auto eines Mannes zu fliehen, der angehalten hatte, um ihm zu helfen. Der Fahrer hinderte ihn jedoch daran, zu entkommen, und wenige Minuten sp\u00e4ter wurde der Verd\u00e4chtige von der Polizei festgenommen \u2013 nach deren Angaben war der Flugzeugentf\u00fchrer betrunken.\u00a0<\/p>\n<div class=\"EmbedBlock-root EmbedBlock-all\">\n<div class=\"AllEmbed\">\n                                                <script async src=\"https:\/\/telegram.org\/js\/telegram-widget.js?24\" data-telegram-post=\"geonrgru\/50239\" data-width=\"100%\"><\/script>\n                    <\/div>\n<\/p><\/div>\n<p>Die Motive des 24-J\u00e4hrigen sind noch unklar.\u00a0Die ungarischen Beh\u00f6rden und lokalen Medien f\u00fchren den Vorfall prim\u00e4r auf den schweren Alkoholeinfluss und den instabilen psychischen Zustand des Mannes zur\u00fcck.<\/p>\n<p>Im\u00a0April 2022 gab es bereits einen \u00e4hnlichen Zwischenfall, als ein \u00f6sterreichisches Leichtflugzeug\u00a0versehentlich die Sperrzone der Atomanlage verletzte und von Kampfjets abgefangen werden musste.<\/p>\n<p><strong>Mehr zum Thema<\/strong> \u2013\u00a0<a target=\"_blank\" rel=\"noopener noreferrer\" href=\"https:\/\/de-rtnews.com\/europa\/270634-ungarn-opposition-fordert-ueberpruefung-energiezusammenarbeit\/\">Ungarn: Opposition fordert \u00dcberpr\u00fcfung der Energiezusammenarbeit mit Moskau nach den Wahlen<\/a><\/p>\n<div class=\"EmbedBlock-root EmbedBlock-externalVideo EmbedBlock-rumble\">\n<div class=\"VkEmbed\"><iframe class=\"lazyload\" data-src=\"https:\/\/rumble.com\/embed\/v7cpmpc\" frameborder=\"0\" width=\"853\" height=\"480\" allowfullscreen><\/iframe><\/div>\n<\/p><\/div>\n<\/p>\n<\/div>","protected":false},"excerpt":{"rendered":"<p>In Ungarn entf\u00fchrte am Sonnabend, dem 29. August 2026, ein betrunkener Pilot ein Flugzeug und flog in Richtung des Kernkraftwerks Paks \u2013 das Milit\u00e4r schickte zwei Kampfflugzeuge los, um ihn abzufangen. Lokale Medien berichten, dass sich ein 24-j\u00e4hriger Mann Zugang zum Flugplatz verschafft, in eine Cessna 172 gestiegen und Kurs auf das einzige ungarische Kernkraftwerk [&hellip;]<\/p>\n","protected":false},"author":1,"featured_media":4846,"comment_status":"closed","ping_status":"closed","sticky":false,"template":"","format":"standard","meta":{"_gspb_post_css":"","_uag_custom_page_level_css":"","fifu_image_url":"","fifu_image_alt":"","footnotes":""},"categories":[5],"tags":[],"class_list":["post-20299","post","type-post","status-publish","format-standard","has-post-thumbnail","hentry","category-politik"],"blocksy_meta":{"styles_descriptor":{"styles":{"desktop":"","tablet":"","mobile":""},"google_fonts":[],"version":7}},"uagb_featured_image_src":{"full":["https:\/\/mleexelnfod5.i.optimole.com\/w:auto\/h:auto\/q:mauto\/f:best\/https:\/\/i2.wp.com\/meiser-tv.de\/wp-content\/uploads\/2026\/05\/RSS-Hintergrund.jpg?w=1920&fit=1920,1080&ssl=1",1920,1080,true],"thumbnail":["https:\/\/mleexelnfod5.i.optimole.com\/w:auto\/h:auto\/q:mauto\/f:best\/https:\/\/i2.wp.com\/meiser-tv.de\/wp-content\/uploads\/2026\/05\/RSS-Hintergrund.jpg?w=150&resize=150,150&ssl=1",150,150,true],"medium":["https:\/\/mleexelnfod5.i.optimole.com\/w:auto\/h:auto\/q:mauto\/f:best\/https:\/\/i2.wp.com\/meiser-tv.de\/wp-content\/uploads\/2026\/05\/RSS-Hintergrund.jpg?w=300&fit=300,300&ssl=1",300,300,true],"medium_large":["https:\/\/mleexelnfod5.i.optimole.com\/w:auto\/h:auto\/q:mauto\/f:best\/https:\/\/i2.wp.com\/meiser-tv.de\/wp-content\/uploads\/2026\/05\/RSS-Hintergrund.jpg?w=768&resize=768,0&ssl=1",768,0,true],"large":["https:\/\/mleexelnfod5.i.optimole.com\/w:auto\/h:auto\/q:mauto\/f:best\/https:\/\/i2.wp.com\/meiser-tv.de\/wp-content\/uploads\/2026\/05\/RSS-Hintergrund.jpg?w=1024&fit=1024,1024&ssl=1",1024,1024,true],"1536x1536":["https:\/\/mleexelnfod5.i.optimole.com\/w:auto\/h:auto\/q:mauto\/f:best\/https:\/\/i2.wp.com\/meiser-tv.de\/wp-content\/uploads\/2026\/05\/RSS-Hintergrund.jpg?w=1536&fit=1536,1536&ssl=1",1536,1536,true],"2048x2048":["https:\/\/mleexelnfod5.i.optimole.com\/w:auto\/h:auto\/q:mauto\/f:best\/https:\/\/i2.wp.com\/meiser-tv.de\/wp-content\/uploads\/2026\/05\/RSS-Hintergrund.jpg?w=2048&fit=2048,2048&ssl=1",2048,2048,true],"trp-custom-language-flag":["https:\/\/mleexelnfod5.i.optimole.com\/w:auto\/h:auto\/q:mauto\/f:best\/https:\/\/i2.wp.com\/meiser-tv.de\/wp-content\/uploads\/2026\/05\/RSS-Hintergrund.jpg?w=18&fit=18,12&ssl=1",18,12,true]},"uagb_author_info":{"display_name":"admin","author_link":"https:\/\/meiser-tv.de\/en\/author\/admin\/"},"uagb_comment_info":0,"uagb_excerpt":"In Ungarn entf\u00fchrte am Sonnabend, dem 29. August 2026, ein betrunkener Pilot ein Flugzeug und flog in Richtung des Kernkraftwerks Paks \u2013 das Milit\u00e4r schickte zwei Kampfflugzeuge los, um ihn abzufangen. Lokale Medien berichten, dass sich ein 24-j\u00e4hriger Mann Zugang zum Flugplatz verschafft, in eine Cessna 172 gestiegen und Kurs auf das einzige ungarische Kernkraftwerk&hellip;","_links":{"self":[{"href":"https:\/\/meiser-tv.de\/en\/wp-json\/wp\/v2\/posts\/20299","targetHints":{"allow":["GET"]}}],"collection":[{"href":"https:\/\/meiser-tv.de\/en\/wp-json\/wp\/v2\/posts"}],"about":[{"href":"https:\/\/meiser-tv.de\/en\/wp-json\/wp\/v2\/types\/post"}],"author":[{"embeddable":true,"href":"https:\/\/meiser-tv.de\/en\/wp-json\/wp\/v2\/users\/1"}],"replies":[{"embeddable":true,"href":"https:\/\/meiser-tv.de\/en\/wp-json\/wp\/v2\/comments?post=20299"}],"version-history":[{"count":0,"href":"https:\/\/meiser-tv.de\/en\/wp-json\/wp\/v2\/posts\/20299\/revisions"}],"wp:featuredmedia":[{"embeddable":true,"href":"https:\/\/meiser-tv.de\/en\/wp-json\/wp\/v2\/media\/4846"}],"wp:attachment":[{"href":"https:\/\/meiser-tv.de\/en\/wp-json\/wp\/v2\/media?parent=20299"}],"wp:term":[{"taxonomy":"category","embeddable":true,"href":"https:\/\/meiser-tv.de\/en\/wp-json\/wp\/v2\/categories?post=20299"},{"taxonomy":"post_tag","embeddable":true,"href":"https:\/\/meiser-tv.de\/en\/wp-json\/wp\/v2\/tags?post=20299"}],"curies":[{"name":"wp","href":"https:\/\/api.w.org\/{rel}","templated":true}]}}