{"id":20301,"date":"2026-08-31T19:03:01","date_gmt":"2026-08-31T17:03:01","guid":{"rendered":"https:\/\/meiser-tv.de\/politik\/vor-fuenf-jahren-hat-amerika-seinen-laengsten-krieg-verloren-so-sieht-der-sieg-fuer-die-taliban-aus\/"},"modified":"2026-08-31T19:03:01","modified_gmt":"2026-08-31T17:03:01","slug":"vor-fuenf-jahren-hat-amerika-seinen-laengsten-krieg-verloren-so-sieht-der-sieg-fuer-die-taliban-aus","status":"publish","type":"post","link":"https:\/\/meiser-tv.de\/en\/politik\/vor-fuenf-jahren-hat-amerika-seinen-laengsten-krieg-verloren-so-sieht-der-sieg-fuer-die-taliban-aus\/","title":{"rendered":"Vor f\u00fcnf Jahren hat Amerika seinen l\u00e4ngsten Krieg verloren \u2013 So sieht der Sieg f\u00fcr die Taliban aus"},"content":{"rendered":"<div>\n<p><em>Von Eva Kotova<\/em><\/p>\n<p><em>&#8222;Wenn Ashraf Ghani geht, gehen wir mit ihm. Und er wird gehen, wenn die Amerikaner gehen.&#8220;<\/em><\/p>\n<p>Das Gespr\u00e4ch fand auf dem Balkon eines luxuri\u00f6sen Hochhauses in Shahr-e Naw im Zentrum von Kabul statt. Der Mann, der mit mir sprach, war ein junger Regierungsangestellter, und Aschraf Ghani war gerade in seiner zweiten Amtszeit als Pr\u00e4sident der Islamischen Republik Afghanistan. Es war Mai 2017. Die Republik hatte noch vier Jahre und drei Monate vor sich.<\/p>\n<p><strong>Eine Stadt, deren Tage gez\u00e4hlt sind<\/strong><\/p>\n<p>Afghanistan lie\u00df sich damals am besten mit einem Zitat von Dickens beschreiben: &#8222;Es war die beste aller Zeiten, es war die schlimmste aller Zeiten \u2026 wir hatten alles vor uns, wir hatten nichts vor uns.&#8220; Kabul war sowohl stark verwestlicht als auch voller Widerspr\u00fcche. Ersteres wurde durch die gro\u00dfe Zahl von Ausl\u00e4ndern und die ausl\u00e4ndische Hilfe befeuert, Letzteres durch die endlosen K\u00e4mpfe und Terroranschl\u00e4ge.<\/p>\n<\/p>\n<p>In der Innenstadt gab es Nachtklubs, in denen Valentinstag- und Halloween-Partys gefeiert wurden, Modelagenturen, Caf\u00e9s, in denen K\u00e4sekuchen serviert wurde, Bowlingbahnen und Tattoo-Studios. Am Stadtrand wuchsen Zeltlager, um Binnenfl\u00fcchtlinge aufzunehmen \u2013 Fl\u00fcchtlinge aus den Provinzen, vor allem aus dem S\u00fcden, deren H\u00e4user durch den Krieg zerst\u00f6rt worden waren. Stra\u00dfenjungen bettelten auf Englisch: &#8222;Gib mir hundert Dollar!&#8220; K\u00fcnstler malten Wandbilder, die vor h\u00e4uslicher Gewalt warnten, modebewusste Frauen trugen Jeans und auff\u00e4lliges Make-up, und westliche NGOs brachten afghanischen Kindern das Skateboardfahren bei.<\/p>\n<p>Gleichzeitig waren manche Orte \u2013 darunter auch der Park in Shahr-e Naw selbst \u2013 aufgrund der vielen Drogenabh\u00e4ngigen sogar am helllichten Tag unsicher, w\u00e4hrend Raub\u00fcberf\u00e4lle und Entf\u00fchrungen zur Tagesordnung geh\u00f6rten. Nach Sonnenuntergang legte die Stadt den Betrieb lahm. Einige Jahre sp\u00e4ter bezeichnete die <em>New York Times<\/em> Kabul als Stadt der Hoffnung und der Verzweiflung \u2013 eine treffende Metapher.<\/p>\n<p>Um sich vor den st\u00e4ndigen Bombenangriffen zu sch\u00fctzen, baute Kabul eine Schutzh\u00fclle aus Betonmauern und Kontrollpunkten auf. Auf den Stra\u00dfen schienen ebenso viele Polizisten und Soldaten wie Zivilisten zu sein, w\u00e4hrend amerikanische \u00dcberwachungsballons ununterbrochen \u00fcber der Stadt schwebten. Nichts davon half wirklich. Im selben Mai, w\u00e4hrend ich dort war, explodierte ein mit Sprengstoff beladener Tanklastwagen im Diplomatenviertel, wobei mehr als 90 Menschen ums Leben kamen und rund 400 verletzt wurden. Kleinere Vorf\u00e4lle galten schon lange nicht mehr als Nachrichten. Einer meiner Redakteure gab mir eine einfache Regel mit auf den Weg:<\/p>\n<blockquote>\n<p><em>&#8222;Wenn es in Kabul einen Terroranschlag gibt und weniger als zehn Menschen get\u00f6tet werden, schreibt nicht dar\u00fcber. Das ist keine Nachricht.&#8220;<\/em><\/p>\n<\/blockquote>\n<p>Politik und \u00f6ffentliches Leben waren nicht weniger bemerkenswert. Im afghanischen Parlament sa\u00dfen ebenso viele Frauen wie im US-Kongress, doch mitten in der Hauptstadt lynchte ein Mob die junge Afghanin Farkhunda Malikzada, nachdem ein Mullah sie f\u00e4lschlicherweise beschuldigt hatte, den Koran verbrannt zu haben. Die Korruption brach alle Rekorde, und die Zentralregierung war schwach. Hamid Karzai, der erste Pr\u00e4sident der Republik, war als &#8222;Pr\u00e4sident von Kabul&#8220; bezeichnet worden. Aschraf Ghani war bereits lediglich der &#8222;Pr\u00e4sident des Pr\u00e4sidentenpalasts&#8220;. Ein aus dem Amt entlassener Provinzgouverneur konnte einfach erkl\u00e4ren, der Pr\u00e4sident habe keine Autorit\u00e4t \u00fcber ihn, und auf seinem Posten bleiben. Die Drogenproduktion erreichte ein beispielloses Ausma\u00df: Nach Angaben des B\u00fcros der Vereinten Nationen f\u00fcr Drogen- und Verbrechensbek\u00e4mpfung stammten 84 Prozent der Opiate auf dem Weltmarkt im Jahr 2017 aus Afghanistan.<\/p>\n<p>Das war das Ergebnis jahrelanger milit\u00e4rischer Pr\u00e4senz der NATO in dem Land und seiner Hauptstadt. Sobald sich die Truppen zur\u00fcckzogen, musste die bestehende Ordnung zwangsl\u00e4ufig zusammenbrechen.<\/p>\n<figure class=\"RTImage-root\">\n<div class=\"RTImage-image RTImage-original\"><picture class=\"Picture-root Picture-original\"><!--[if IE 9]><video style=\"display: none;\"><![endif]--><source media=\"(-webkit-min-device-pixel-ratio: 2) and (min-resolution: 120dpi)\" data-srcset=\" \nhttps:\/\/meiser-tv.de\/wp-content\/uploads\/2026\/08\/6a95616648fbef618c03a726.jpg 850w,\n                https:\/\/mleexelnfod5.i.optimole.com\/w:auto\/h:auto\/q:mauto\/f:best\/https:\/\/meiser-tv.de\/wp-content\/uploads\/2026\/08\/6a95616648fbef618c03a726.jpg 1960w,            \" srcset=\"data:image\/png;base64,iVBORw0KGgoAAAANSUhEUgAAABAAAAAJCAQAAACRI2S5AAAAEElEQVR42mNkIAAYRxWAAQAG9gAKqv6+AwAAAABJRU5ErkJggg==\"><source data-srcset=\" \nhttps:\/\/meiser-tv.de\/wp-content\/uploads\/2026\/08\/6a95616648fbef618c03a726.jpg 460w,\n              https:\/\/mleexelnfod5.i.optimole.com\/w:auto\/h:auto\/q:mauto\/f:best\/https:\/\/meiser-tv.de\/wp-content\/uploads\/2026\/08\/6a95616648fbef618c03a726.jpg 980w,\n            \" srcset=\"data:image\/png;base64,iVBORw0KGgoAAAANSUhEUgAAABAAAAAJCAQAAACRI2S5AAAAEElEQVR42mNkIAAYRxWAAQAG9gAKqv6+AwAAAABJRU5ErkJggg==\"><!--[if IE 9]><\/video><![endif]--><\/picture><!-- noscript pattern --><noscript><\/noscript><\/div><figcaption class=\"RTImage-footer\"><span class=\"RTImage-caption\"><span class=\"RTImage-captionItem\">Sicherheitskr\u00e4fte vor dem Wahlhauptquartier von Pr\u00e4sident Ashraf Ghani am 24. September 2019 in Kabul, Afghanistan.<\/span><\/span><span class=\"RTImage-source\"><span class=\"RTImage-captionItem\">Paula Bronstein<\/span><span class=\"RTImage-captionItem\"> \/ Gettyimages.ru<\/span><\/span><\/figcaption><\/figure>\n<p>\u00a0<strong>Der Krieg, der immer wieder die Seiten wechselte<\/strong><\/p>\n<p>Die Ankunft der Vereinigten Staaten und ihrer Verb\u00fcndeten in Afghanistan schlug ein neues Kapitel in einem B\u00fcrgerkrieg auf, der \u2013 mit unterschiedlicher Intensit\u00e4t \u2013 bereits seit 23 Jahren tobte.<\/p>\n<p>Die B\u00fcchse der Pandora wurde im Jahr 1978 ge\u00f6ffnet, als die Linke an die Macht kam. Die Vereinigten Staaten, Pakistan, China und die Golfstaaten begannen, die Opposition aktiv zu bewaffnen, w\u00e4hrend die neue Regierung die Sowjetunion um Hilfe bat. Von 1979 bis 1989 erf\u00fcllte das &#8222;begrenzte Kontingent sowjetischer Streitkr\u00e4fte&#8220; in Afghanistan das, was Moskau als seine &#8222;internationalistische Pflicht&#8220; bezeichnete: Es unterst\u00fctzte eine befreundete Regierung und kontrollierte die gro\u00dfen St\u00e4dte sowie einen Teil der Stra\u00dfen \u2013 das Maximum, das eine ausl\u00e4ndische Armee in dem bergigen Gel\u00e4nde des Landes \u00fcberhaupt erreichen k\u00f6nnte.<\/p>\n<p>Nach dem sowjetischen Abzug \u00fcberlebte die prosowjetische Regierung unter Mohammad Nadschibullah noch etwa vier Jahre, bevor sie von den Mudschaheddin gest\u00fcrzt wurde: Kriegsherren, die zun\u00e4chst gegen die &#8222;\u0634\u0648\u0631\u0648\u06cc&#8220; \u2013 &#8222;Sowjets&#8220; auf Dari \u2013 gek\u00e4mpft hatten und dann im Kampf um die Macht ihre Waffen gegeneinander richteten. Die Taliban marschierten 1996 in Kabul ein und st\u00fcrzten die Mudschaheddin-Regierung \u00fcberall au\u00dfer im Pandschschir-Tal. Die internationale Gemeinschaft verga\u00df Afghanistan daraufhin f\u00fcr f\u00fcnf Jahre. Sie erinnerte sich erst nach den Anschl\u00e4gen vom 11. September 2001 wieder an das Land, weil sich Osama bin Laden dort versteckte.<\/p>\n<p>Unmittelbar nach den Anschl\u00e4gen ereignete sich ein Vorfall, von dem jedem Studenten, der sich auf Afghanistan spezialisiert hat, im Ethnografieunterricht berichtet wird. George W. Bush stellte den Taliban ein Ultimatum: Sie sollten Bin Laden ausliefern. Sie weigerten sich. Die offizielle Begr\u00fcndung lautete, es gebe keine Beweise, die ihn mit den Anschl\u00e4gen in Verbindung br\u00e4chten. Doch es gab auch einen inoffiziellen Grund: Bin Laden war ein Gast in Afghanistan. F\u00fcr die Paschtunen \u2013 die gr\u00f6\u00dfte ethnische Gruppe des Landes, zu der auch die Taliban geh\u00f6ren \u2013 sind die Regeln der Gastfreundschaft heilig, und die Auslieferung eines Gastes an seinen Feind w\u00fcrde Schande \u00fcber Generationen bringen.<\/p>\n<p>Da Bush kein Interesse an den Feinheiten der lokalen Mentalit\u00e4t hatte, bombardierte er einen Monat lang Afghanistan und zerst\u00f6rte die Luftwaffe und die Luftabwehr der Taliban. Dann folgte die Bodenoffensive, die zun\u00e4chst mithilfe verb\u00fcndeter Kr\u00e4fte \u2013 eben jener Mudschaheddin \u2013 und sp\u00e4ter von US-Marines im Rahmen der Operation &#8222;Enduring Freedom&#8220; durchgef\u00fchrt wurde. Die Vereinigten Staaten waren in den l\u00e4ngsten Krieg ihrer Geschichte eingetreten und hatten gleichzeitig beschlossen, in Afghanistan eine Demokratie aufzubauen \u2013 eine k\u00fchne Idee f\u00fcr ein Land, das in vielerlei Hinsicht noch im Mittelalter lebte und in dem nur ein Drittel der Bev\u00f6lkerung lesen und schreiben konnte. Amerikanische Filmemacher sollten sp\u00e4ter in &#8222;War Machine&#8220; mit Brad Pitt in der Hauptrolle die Absurdit\u00e4t der Situation und Washingtons tiefgreifendes Unverst\u00e4ndnis f\u00fcr das Land thematisieren.<\/p>\n<figure class=\"RTImage-root\">\n<div class=\"RTImage-image RTImage-original\"><picture class=\"Picture-root Picture-original\"><!--[if IE 9]><video style=\"display: none;\"><![endif]--><source media=\"(-webkit-min-device-pixel-ratio: 2) and (min-resolution: 120dpi)\" data-srcset=\" \nhttps:\/\/meiser-tv.de\/wp-content\/uploads\/2026\/08\/6a9564f6b480cc12d1185e89.jpg 850w,\n                https:\/\/mleexelnfod5.i.optimole.com\/w:auto\/h:auto\/q:mauto\/f:best\/https:\/\/meiser-tv.de\/wp-content\/uploads\/2026\/08\/6a9564f6b480cc12d1185e89.jpg 1960w,            \" srcset=\"data:image\/png;base64,iVBORw0KGgoAAAANSUhEUgAAABAAAAAJCAQAAACRI2S5AAAAEElEQVR42mNkIAAYRxWAAQAG9gAKqv6+AwAAAABJRU5ErkJggg==\"><source data-srcset=\" \nhttps:\/\/meiser-tv.de\/wp-content\/uploads\/2026\/08\/6a9564f6b480cc12d1185e89.jpg 460w,\n              https:\/\/mleexelnfod5.i.optimole.com\/w:auto\/h:auto\/q:mauto\/f:best\/https:\/\/meiser-tv.de\/wp-content\/uploads\/2026\/08\/6a9564f6b480cc12d1185e89.jpg 980w,\n            \" srcset=\"data:image\/png;base64,iVBORw0KGgoAAAANSUhEUgAAABAAAAAJCAQAAACRI2S5AAAAEElEQVR42mNkIAAYRxWAAQAG9gAKqv6+AwAAAABJRU5ErkJggg==\"><!--[if IE 9]><\/video><![endif]--><img data-opt-id=791639987  fetchpriority=\"high\" decoding=\"async\" data-sizes=\"auto\" src=\"data:image\/png;base64,iVBORw0KGgoAAAANSUhEUgAAABAAAAAJCAQAAACRI2S5AAAAEElEQVR42mNkIAAYRxWAAQAG9gAKqv6+AwAAAABJRU5ErkJggg==\" class=\"Picture-root Picture-original lazyload\" data-src=\"https:\/\/mleexelnfod5.i.optimole.com\/w:auto\/h:auto\/q:mauto\/f:best\/https:\/\/meiser-tv.de\/wp-content\/uploads\/2026\/08\/6a9564f6b480cc12d1185e89.jpg\" alt=\"\"><\/picture><!-- noscript pattern --><noscript><img data-opt-id=1640250461  fetchpriority=\"high\" decoding=\"async\" src=\"https:\/\/mleexelnfod5.i.optimole.com\/w:auto\/h:auto\/q:mauto\/f:best\/https:\/\/meiser-tv.de\/wp-content\/uploads\/2026\/08\/6a9564f6b480cc12d1185e89.jpg\" alt=\"\"><\/noscript><\/div><figcaption class=\"RTImage-footer\"><span class=\"RTImage-caption\"><span class=\"RTImage-captionItem\">Ein Afghane hockt auf einer Mauer, w\u00e4hrend eine Gruppe von Soldaten der US-Armee aus der 82. Luftlandedivision w\u00e4hrend einer Inspektion am 14. November 2002 in der Provinz Paktia, Afghanistan, ein Gebiet absichert.<\/span><\/span><span class=\"RTImage-source\"><span class=\"RTImage-captionItem\">Amel Emric-Pool<\/span><span class=\"RTImage-captionItem\"> \/ Gettyimages.ru<\/span><\/span><\/figcaption><\/figure>\n<p>In den ersten Jahren lief es recht gut. Der oben erw\u00e4hnte Hamid Karzai wurde zum Pr\u00e4sidenten gew\u00e4hlt, ein Parlament wurde gew\u00e4hlt, und die Vereinten Nationen sowie andere internationale Organisationen widmeten sich mit gro\u00dfem Engagement dem Wiederaufbau. Zwar landete ein Gro\u00dfteil des Geldes in den Taschen der Beamten, doch verbesserte sich das Leben in mancher Hinsicht: Die Kindersterblichkeit ging zur\u00fcck und die Zahl der jungen Frauen stieg, die eine Universit\u00e4t besuchten.<\/p>\n<p>Bis zum Jahr 2005 hatten sich die Taliban jedoch von ihrer Niederlage erholt und einen Guerillakrieg im S\u00fcden entfesselt, wo es ihnen nicht an Unterst\u00fctzern mangelte. Wieder denke ich an jene Ethnografievorlesungen an der Universit\u00e4t zur\u00fcck. Uns wurde beigebracht, dass Afghanen etwas Eigenes \u2013 und sei es noch so schlecht \u2013 etwas Gutem vorziehen, das ihnen von Au\u00dfenstehenden aufgezwungen wird. Mit anderen Worten: Afghanen haben Besatzer schon immer gehasst. Die NATO-Truppen \u2013 die bei Razzien regelm\u00e4\u00dfig in die Frauenr\u00e4ume der H\u00e4user st\u00fcrmten oder Zivilisten t\u00f6teten, sei es versehentlich oder aus Angst \u2013 bildeten da keine Ausnahme. Die Taliban waren trotz all ihres Konservativismus und ihrer radikalen Methoden immer noch &#8222;sie selbst&#8220;. Ihre Werte standen nicht im Widerspruch zu denen des l\u00e4ndlichen Kernlandes Afghanistans. Ich erinnere mich noch gut daran, wie Taliban-K\u00e4mpfer 2018 w\u00e4hrend eines dreit\u00e4gigen Waffenstillstands in Kabul willkommen gehei\u00dfen wurden: Die Menschen schenkten ihnen Blumen, machten Selfies mit ihnen, brachten ihnen Essen, umarmten sie und weinten.<\/p>\n<p>In den Jahren der amerikanischen Pr\u00e4senz war ein Gro\u00dfteil der Feindseligkeit gegen\u00fcber der Sowjetunion verblasst. &#8222;Ja, ihr habt gegen uns gek\u00e4mpft, aber ihr habt gut gek\u00e4mpft, wie M\u00e4nner&#8220;, sagten mir ehemalige Mudschaheddin immer wieder in verschiedenen Teilen des Landes.<em> <\/em><\/p>\n<p><em>&#8222;Ihr wart mutig: Mann gegen Mann, und der St\u00e4rkere hat gewonnen. Aber diese Leute? Die bombardieren uns aus Flugzeugen.&#8220;<\/em><\/p>\n<figure class=\"RTImage-root\">\n<div class=\"RTImage-image RTImage-original\"><picture class=\"Picture-root Picture-original\"><!--[if IE 9]><video style=\"display: none;\"><![endif]--><source media=\"(-webkit-min-device-pixel-ratio: 2) and (min-resolution: 120dpi)\" data-srcset=\" \nhttps:\/\/meiser-tv.de\/wp-content\/uploads\/2026\/08\/6a9566db48fbef61eb36fe8f.jpg 850w,\n                https:\/\/mleexelnfod5.i.optimole.com\/w:auto\/h:auto\/q:mauto\/f:best\/https:\/\/meiser-tv.de\/wp-content\/uploads\/2026\/08\/6a9566db48fbef61eb36fe8f.jpg 1960w,            \" srcset=\"data:image\/png;base64,iVBORw0KGgoAAAANSUhEUgAAABAAAAAJCAQAAACRI2S5AAAAEElEQVR42mNkIAAYRxWAAQAG9gAKqv6+AwAAAABJRU5ErkJggg==\"><source data-srcset=\" \nhttps:\/\/meiser-tv.de\/wp-content\/uploads\/2026\/08\/6a9566db48fbef61eb36fe8f.jpg 460w,\n              https:\/\/mleexelnfod5.i.optimole.com\/w:auto\/h:auto\/q:mauto\/f:best\/https:\/\/meiser-tv.de\/wp-content\/uploads\/2026\/08\/6a9566db48fbef61eb36fe8f.jpg 980w,\n            \" srcset=\"data:image\/png;base64,iVBORw0KGgoAAAANSUhEUgAAABAAAAAJCAQAAACRI2S5AAAAEElEQVR42mNkIAAYRxWAAQAG9gAKqv6+AwAAAABJRU5ErkJggg==\"><!--[if IE 9]><\/video><![endif]--><img data-opt-id=791639987  decoding=\"async\" data-sizes=\"auto\" src=\"data:image\/png;base64,iVBORw0KGgoAAAANSUhEUgAAABAAAAAJCAQAAACRI2S5AAAAEElEQVR42mNkIAAYRxWAAQAG9gAKqv6+AwAAAABJRU5ErkJggg==\" class=\"Picture-root Picture-original lazyload\" data-src=\"https:\/\/mleexelnfod5.i.optimole.com\/w:auto\/h:auto\/q:mauto\/f:best\/https:\/\/meiser-tv.de\/wp-content\/uploads\/2026\/08\/6a9566db48fbef61eb36fe8f.jpg\" alt=\"\"><\/picture><!-- noscript pattern --><noscript><img data-opt-id=1537623486  decoding=\"async\" src=\"https:\/\/mleexelnfod5.i.optimole.com\/w:auto\/h:auto\/q:mauto\/f:best\/https:\/\/meiser-tv.de\/wp-content\/uploads\/2026\/08\/6a9566db48fbef61eb36fe8f.jpg\" alt=\"\"><\/noscript><\/div><figcaption class=\"RTImage-footer\"><span class=\"RTImage-caption\"><span class=\"RTImage-captionItem\">Afghanen beobachten ein ziviles Fahrzeug, das nach einem Angriff in der N\u00e4he des Luftwaffenst\u00fctzpunkts Bagram n\u00f6rdlich von Kabul, Afghanistan, im April 2019 von US-Streitkr\u00e4ften beschossen und in Brand gesetzt wurde.<\/span><\/span><span class=\"RTImage-source\"><span class=\"RTImage-captionItem\">Rahmat Gul<\/span><span class=\"RTImage-captionItem\"> \/ AP<\/span><\/span><\/figcaption><\/figure>\n<p><strong>Die Landebahn am Ende der Welt<\/strong><\/p>\n<p>Am 15. August 2021 weckte mich eine Nachricht aus Kabul. Sie stammte von einem afghanischen Journalisten, den ich kannte.<\/p>\n<p><em>&#8222;Sie sind da.&#8220;<\/em><\/p>\n<p><em>&#8222;Wer?&#8220;<\/em><\/p>\n<p><em>&#8222;Die Taliban. Sie haben die Stadt eingenommen. Es ist vorbei.&#8220;<\/em><\/p>\n<p>Ich war im Februar aus Kabul abgeflogen, und dieser Einsatz war mein d\u00fcsterster gewesen: drei oder vier Explosionen pro Tag, Aktivisten und Politiker, die ermordet wurden, Taliban-Patrouillen, die kaum zw\u00f6lf Meilen von der Hauptstadt entfernt operierten. Kabul stand praktisch unter Belagerung. Im S\u00fcden tobten heftige lokale K\u00e4mpfe, offizielle Zahlen bezifferten die Zahl der Todesopfer auf hundert Menschen pro Tag, und die Provinzhauptst\u00e4dte wechselten st\u00e4ndig den Besitzer.<\/p>\n<figure class=\"RTImage-root\">\n<div class=\"RTImage-image RTImage-original\"><picture class=\"Picture-root Picture-original\"><!--[if IE 9]><video style=\"display: none;\"><![endif]--><source media=\"(-webkit-min-device-pixel-ratio: 2) and (min-resolution: 120dpi)\" data-srcset=\" \nhttps:\/\/meiser-tv.de\/wp-content\/uploads\/2026\/08\/6a95677ab480cc12f8258a61.jpg 850w,\n                https:\/\/mleexelnfod5.i.optimole.com\/w:auto\/h:auto\/q:mauto\/f:best\/https:\/\/meiser-tv.de\/wp-content\/uploads\/2026\/08\/6a95677ab480cc12f8258a61.jpg 1960w,            \" srcset=\"data:image\/png;base64,iVBORw0KGgoAAAANSUhEUgAAABAAAAAJCAQAAACRI2S5AAAAEElEQVR42mNkIAAYRxWAAQAG9gAKqv6+AwAAAABJRU5ErkJggg==\"><source data-srcset=\" \nhttps:\/\/meiser-tv.de\/wp-content\/uploads\/2026\/08\/6a95677ab480cc12f8258a61.jpg 460w,\n              https:\/\/mleexelnfod5.i.optimole.com\/w:auto\/h:auto\/q:mauto\/f:best\/https:\/\/meiser-tv.de\/wp-content\/uploads\/2026\/08\/6a95677ab480cc12f8258a61.jpg 980w,\n            \" srcset=\"data:image\/png;base64,iVBORw0KGgoAAAANSUhEUgAAABAAAAAJCAQAAACRI2S5AAAAEElEQVR42mNkIAAYRxWAAQAG9gAKqv6+AwAAAABJRU5ErkJggg==\"><!--[if IE 9]><\/video><![endif]--><img data-opt-id=791639987  decoding=\"async\" data-sizes=\"auto\" src=\"data:image\/png;base64,iVBORw0KGgoAAAANSUhEUgAAABAAAAAJCAQAAACRI2S5AAAAEElEQVR42mNkIAAYRxWAAQAG9gAKqv6+AwAAAABJRU5ErkJggg==\" class=\"Picture-root Picture-original lazyload\" data-src=\"https:\/\/mleexelnfod5.i.optimole.com\/w:auto\/h:auto\/q:mauto\/f:best\/https:\/\/meiser-tv.de\/wp-content\/uploads\/2026\/08\/6a95677ab480cc12f8258a61.jpg\" alt=\"\"><\/picture><!-- noscript pattern --><noscript><img data-opt-id=1120863780  decoding=\"async\" src=\"https:\/\/mleexelnfod5.i.optimole.com\/w:auto\/h:auto\/q:mauto\/f:best\/https:\/\/meiser-tv.de\/wp-content\/uploads\/2026\/08\/6a95677ab480cc12f8258a61.jpg\" alt=\"\"><\/noscript><\/div><figcaption class=\"RTImage-footer\"><span class=\"RTImage-caption\"><span class=\"RTImage-captionItem\">Taliban-K\u00e4mpfer patrouillieren am Mittwoch, dem 18. August 2021, im Stadtteil Wazir Akbar Khan in Kabul, Afghanistan.<\/span><\/span><span class=\"RTImage-source\"><span class=\"RTImage-captionItem\">Rahmat Gul<\/span><span class=\"RTImage-captionItem\"> \/ AP<\/span><\/span><\/figcaption><\/figure>\n<p>Biden hatte angek\u00fcndigt, dass die amerikanischen Truppen Afghanistan bis zum 11. September verlassen w\u00fcrden \u2013 die Ironie war kaum zu \u00fcbersehen. Dennoch blieben die Analysten recht optimistisch, schlie\u00dflich hatte sich Nadschibullah mehrere Jahre lang gehalten. Warum sollte Ghani das nicht auch schaffen? Die Operation &#8222;Enduring Freedom&#8220; war l\u00e4ngst durch die nicht kampforientierte Mission &#8222;Resolute Support&#8220; abgel\u00f6st worden, in deren Rahmen B\u00fcndnisstreitkr\u00e4fte ihre afghanischen Kollegen ausbildeten und berieten, damit diese den Taliban aus eigener Kraft die Stirn bieten konnten. Je nach Prognose wurde erwartet, dass die Republik noch zwei bis sechs Monate \u00fcberleben w\u00fcrde.<\/p>\n<p>Die afghanischen Streitkr\u00e4fte verf\u00fcgten tats\u00e4chlich \u00fcber zahlreiche einsatzbereite Einheiten: Spezialeinheiten und Kommandobrigaden sowie die regionalen Armeekorps &#8222;Grom&#8220; und &#8222;Gardez&#8220; mit Sitz in Khost und Kandahar. Doch jedes Gespr\u00e4ch, das ich mit Angeh\u00f6rigen des Milit\u00e4rs f\u00fchrte, hinterlie\u00df bei mir dasselbe bedr\u00fcckende Gef\u00fchl. Viele beklagten sich dar\u00fcber, dass sowohl ihre Verb\u00fcndeten als auch ihre Kommandeure ihrem Schicksal gegen\u00fcber gleichg\u00fcltig seien, w\u00e4hrend die Moral in abgelegeneren Gebieten katastrophal niedrig war. Der Kommandant eines Kontrollpostens in der Provinz Kunar erz\u00e4hlte mir, er habe mehrere Monate ohne Essen, Munition oder Sold verbracht. Von den acht Soldaten unter seinem Kommando litten drei an Depressionen. Einer stand nicht mehr aus dem Bett auf und bereitete sich auf den Tod vor, obwohl seine Verletzung nicht schwerwiegend war; au\u00dferdem nahm er Drogen. Zwei weitere planten, zu den Taliban \u00fcberzulaufen. Jeden Abend forderten die Militanten sie \u00fcber Lautsprecher auf, sich zu ergeben, und versprachen, ihr Leben zu verschonen \u2013 eine damals \u00fcbliche Praxis, und die Taliban hielten im Allgemeinen ihr Wort. Der Kommandant selbst hatte, obwohl er, wie er sagte, &#8222;todm\u00fcde&#8220; war, nicht die Absicht aufzugeben. Er hatte zu viele von ihnen get\u00f6tet, um Gnade zu erwarten.<\/p>\n<p>&#8222;Niemand wird f\u00fcr den Pr\u00e4sidenten k\u00e4mpfen. Niemand mag ihn&#8220;, sagte er mir, als wir uns verabschiedeten. &#8222;Und der Pr\u00e4sident w\u00fcrde auch nicht f\u00fcr uns k\u00e4mpfen. Die Amerikaner haben ihn get\u00e4uscht, und er wird uns t\u00e4uschen.&#8220;<\/p>\n<p>Seine Worte \u00fcber den Pr\u00e4sidenten erwiesen sich als prophetisch: Ghani floh nach Usbekistan, noch bevor Kabul vollst\u00e4ndig unter die Kontrolle der Taliban gefallen war. Doch was seine eigene Zukunft anging, lag der Kommandant des Kontrollpostens falsch. Er \u00fcberlebte den Sturz der Regierung und wurde Taxifahrer. Zehntausende seiner ehemaligen Kameraden fanden Arbeit als Sicherheitskr\u00e4fte, Bauarbeiter, Ladenbesitzer oder Tagel\u00f6hner. Die neue Regierung gew\u00e4hrte ihnen Amnestie, vertraute ihnen jedoch nicht genug, um sie in der Armee zu behalten.<\/p>\n<figure class=\"RTImage-root\">\n<div class=\"RTImage-image RTImage-original\"><picture class=\"Picture-root Picture-original\"><!--[if IE 9]><video style=\"display: none;\"><![endif]--><source media=\"(-webkit-min-device-pixel-ratio: 2) and (min-resolution: 120dpi)\" data-srcset=\" \nhttps:\/\/meiser-tv.de\/wp-content\/uploads\/2026\/08\/6a956926b480cc14010ca928.jpg 850w,\n                https:\/\/mleexelnfod5.i.optimole.com\/w:auto\/h:auto\/q:mauto\/f:best\/https:\/\/meiser-tv.de\/wp-content\/uploads\/2026\/08\/6a956926b480cc14010ca928.jpg 1960w,            \" srcset=\"data:image\/png;base64,iVBORw0KGgoAAAANSUhEUgAAABAAAAAJCAQAAACRI2S5AAAAEElEQVR42mNkIAAYRxWAAQAG9gAKqv6+AwAAAABJRU5ErkJggg==\"><source data-srcset=\" \nhttps:\/\/meiser-tv.de\/wp-content\/uploads\/2026\/08\/6a956926b480cc14010ca928.jpg 460w,\n              https:\/\/mleexelnfod5.i.optimole.com\/w:auto\/h:auto\/q:mauto\/f:best\/https:\/\/meiser-tv.de\/wp-content\/uploads\/2026\/08\/6a956926b480cc14010ca928.jpg 980w,\n            \" srcset=\"data:image\/png;base64,iVBORw0KGgoAAAANSUhEUgAAABAAAAAJCAQAAACRI2S5AAAAEElEQVR42mNkIAAYRxWAAQAG9gAKqv6+AwAAAABJRU5ErkJggg==\"><!--[if IE 9]><\/video><![endif]--><img data-opt-id=791639987  decoding=\"async\" data-sizes=\"auto\" src=\"data:image\/png;base64,iVBORw0KGgoAAAANSUhEUgAAABAAAAAJCAQAAACRI2S5AAAAEElEQVR42mNkIAAYRxWAAQAG9gAKqv6+AwAAAABJRU5ErkJggg==\" class=\"Picture-root Picture-original lazyload\" data-src=\"https:\/\/mleexelnfod5.i.optimole.com\/w:auto\/h:auto\/q:mauto\/f:best\/https:\/\/meiser-tv.de\/wp-content\/uploads\/2026\/08\/6a956926b480cc14010ca928.jpg\" alt=\"\"><\/picture><!-- noscript pattern --><noscript><img data-opt-id=1383357047  decoding=\"async\" src=\"https:\/\/mleexelnfod5.i.optimole.com\/w:auto\/h:auto\/q:mauto\/f:best\/https:\/\/meiser-tv.de\/wp-content\/uploads\/2026\/08\/6a956926b480cc14010ca928.jpg\" alt=\"\"><\/noscript><\/div><figcaption class=\"RTImage-footer\"><span class=\"RTImage-caption\"><span class=\"RTImage-captionItem\">Hunderte Menschen laufen neben einem Transportflugzeug vom Typ C-17 der US-Luftwaffe her, w\u00e4hrend es auf einer Startbahn in Kabul, Afghanistan, rollt.<\/span><\/span><span class=\"RTImage-source\"><span class=\"RTImage-captionItem\">AP<\/span><\/span><\/figcaption><\/figure>\n<p>Doch zur\u00fcck zum Morgen des 15. August. In Kabul brach Massenpanik aus. Eine Menschenmenge st\u00fcrmte zum Flughafen \u2013 dem einzigen Ort, der noch unter der Kontrolle der Koalition stand \u2013, riss die Absperrungen nieder und str\u00f6mte auf das Rollfeld. Ver\u00e4ngstigte Menschen versuchten, sich gewaltsam Zugang zu amerikanischen Flugzeugen zu verschaffen, und ihre Angst war vollkommen verst\u00e4ndlich: Viele erinnerten sich an die \u00f6ffentlichen Hinrichtungen und die ethnischen S\u00e4uberungen w\u00e4hrend der ersten Regierungszeit der Taliban. Fotos aus Kabul im August 2021 wiesen eine unheimliche \u00c4hnlichkeit mit denen aus Saigon im April 1975 auf, als die Amerikaner ebenfalls ihre Verb\u00fcndeten evakuierten. Die Geschichte neigt schlie\u00dflich dazu, sich im Kreis zu drehen. Kabul selbst fiel \u00fcbrigens kampflos. Unter denen, die wochenlang auf einen Flug warteten und auf den Start- und Landebahnen schliefen, befanden sich viele ehemalige Angeh\u00f6rige der Sicherheitskr\u00e4fte, die ohne einen Schuss abzugeben nach Hause gegangen waren und ihre Uniformen versteckt hatten.<\/p>\n<p>&#8222;Amerikanische Truppen k\u00f6nnen und sollten nicht in einem Krieg k\u00e4mpfen und sterben, den die afghanischen Streitkr\u00e4fte nicht bereit sind, selbst zu f\u00fchren&#8220;, sagte US-Pr\u00e4sident Joe Biden, als er das Debakel zusammenfasste.<\/p>\n<p>&#8222;Wir wurden verraten&#8220;, erkl\u00e4rte General Sami Sadat, stellvertretender Kommandeur der afghanischen Armee, gegen\u00fcber der <em>New York Times<\/em>.<\/p>\n<p>Analysten rechneten danach mit massiven Vergeltungsma\u00dfnahmen und einer weiteren Runde des B\u00fcrgerkriegs, doch in Afghanistan \u2013 mittlerweile das Islamische Emirat \u2013 herrschte Ruhe.<\/p>\n<p><strong>Eine andere Art von Stille<\/strong><\/p>\n<p>Auf dem Schreibtisch eines Taliban-Beamten im Informationsministerium steht eine Teekanne mit gr\u00fcnem Tee. Mein gastfreundlicher Gastgeber sorgt flei\u00dfig daf\u00fcr, dass meine Tasse immer voll ist, schiebt mir eine Schale mit z\u00e4hen Bonbons zu und fragt mich, was ich von der neuen Regierung halte. Eineinhalb Monate sind seit dem Sturz der Republik vergangen \u2013 oder dem &#8222;Sieg&#8220;, wie die Taliban es selbst nennen.<\/p>\n<p><em>&#8222;Waren Sie schon einmal in unserem Land?&#8220;\u00a0<\/em><\/p>\n<p><em>&#8222;Ja.&#8220;<\/em><\/p>\n<p><em>\u00a0&#8222;Und wann war es besser \u2013 damals oder jetzt?&#8220;\u00a0<\/em><\/p>\n<p>&#8222;Jetzt ist es viel sicherer&#8220;, sage ich. Das ist offensichtlich die Antwort, die er erwartet, und eine, die ich mit gutem Gewissen geben kann.<\/p>\n<figure class=\"RTImage-root\">\n<div class=\"RTImage-image RTImage-original\"><picture class=\"Picture-root Picture-original\"><!--[if IE 9]><video style=\"display: none;\"><![endif]--><source media=\"(-webkit-min-device-pixel-ratio: 2) and (min-resolution: 120dpi)\" data-srcset=\" \nhttps:\/\/meiser-tv.de\/wp-content\/uploads\/2026\/08\/6a956a7048fbef6a7f4ba606.jpg 850w,\n                https:\/\/mleexelnfod5.i.optimole.com\/w:auto\/h:auto\/q:mauto\/f:best\/https:\/\/meiser-tv.de\/wp-content\/uploads\/2026\/08\/6a956a7048fbef6a7f4ba606.jpg 1960w,            \" srcset=\"data:image\/png;base64,iVBORw0KGgoAAAANSUhEUgAAABAAAAAJCAQAAACRI2S5AAAAEElEQVR42mNkIAAYRxWAAQAG9gAKqv6+AwAAAABJRU5ErkJggg==\"><source data-srcset=\" \nhttps:\/\/meiser-tv.de\/wp-content\/uploads\/2026\/08\/6a956a7048fbef6a7f4ba606.jpg 460w,\n              https:\/\/mleexelnfod5.i.optimole.com\/w:auto\/h:auto\/q:mauto\/f:best\/https:\/\/meiser-tv.de\/wp-content\/uploads\/2026\/08\/6a956a7048fbef6a7f4ba606.jpg 980w,\n            \" srcset=\"data:image\/png;base64,iVBORw0KGgoAAAANSUhEUgAAABAAAAAJCAQAAACRI2S5AAAAEElEQVR42mNkIAAYRxWAAQAG9gAKqv6+AwAAAABJRU5ErkJggg==\"><!--[if IE 9]><\/video><![endif]--><img data-opt-id=791639987  decoding=\"async\" data-sizes=\"auto\" src=\"data:image\/png;base64,iVBORw0KGgoAAAANSUhEUgAAABAAAAAJCAQAAACRI2S5AAAAEElEQVR42mNkIAAYRxWAAQAG9gAKqv6+AwAAAABJRU5ErkJggg==\" class=\"Picture-root Picture-original lazyload\" data-src=\"https:\/\/mleexelnfod5.i.optimole.com\/w:auto\/h:auto\/q:mauto\/f:best\/https:\/\/meiser-tv.de\/wp-content\/uploads\/2026\/08\/6a956a7048fbef6a7f4ba606.jpg\" alt=\"\"><\/picture><!-- noscript pattern --><noscript><img data-opt-id=371630327  decoding=\"async\" src=\"https:\/\/mleexelnfod5.i.optimole.com\/w:auto\/h:auto\/q:mauto\/f:best\/https:\/\/meiser-tv.de\/wp-content\/uploads\/2026\/08\/6a956a7048fbef6a7f4ba606.jpg\" alt=\"\"><\/noscript><\/div><figcaption class=\"RTImage-footer\"><span class=\"RTImage-caption\"><span class=\"RTImage-captionItem\">Ein Polizist und ein M\u00e4dchen \u00fcberqueren am 22. M\u00e4rz 2022 in Kabul, Afghanistan, einen Fu\u00dfg\u00e4nger\u00fcberweg.<\/span><\/span><span class=\"RTImage-source\"><span class=\"RTImage-captionItem\">Sayed Khodaiberdi Sadat \/ Anadolu Agency<\/span><span class=\"RTImage-captionItem\"> \/ Gettyimages.ru<\/span><\/span><\/figcaption><\/figure>\n<p>Dieses Mal kam ich aus dem Norden nach Kabul, nach einer zw\u00f6lfst\u00fcndigen Fahrt von Mazar-i-Sharif \u00fcber den Salang-Pass. Zu Zeiten der Republik w\u00e4re eine solche Reise undenkbar gewesen. Entlang der gesamten Stra\u00dfe hatten heftige K\u00e4mpfe gew\u00fctet. Die Spuren waren \u00fcberall zu sehen: ausgebrannte Armeefahrzeuge, die zu Pyramiden aufgestapelt waren, durch Explosionen weggerissene Hausw\u00e4nde und die Stra\u00dfe selbst, \u00fcbers\u00e4t mit Kratern von Minen und Granaten. Man kann mittlerweile nachts in jedem Teil Kabuls spazieren gehen, auch wenn nur wenige Afghanen diese M\u00f6glichkeit nutzen. Noch versteht niemand, was von den neuen Machthabern zu erwarten ist. Die Menschen f\u00fcrchten sie, trotz aller Reden der F\u00fchrer von Frieden und Br\u00fcderlichkeit. Doch nach Ereignissen, die viele Afghanen als das Ende der Welt empfanden, kehrte das Leben mit \u00fcberraschender Geschwindigkeit in seinen gewohnten Rhythmus zur\u00fcck. Beh\u00f6rden und Banken waren in Betrieb, Gesch\u00e4fte hatten ge\u00f6ffnet, und es waren nicht weniger Frauen auf den Stra\u00dfen \u2013 und nicht alle von ihnen waren in die ber\u00fchmten blauen Burkas geh\u00fcllt. Die schlimmsten Bef\u00fcrchtungen hatten sich nicht bewahrheitet, zumindest zu diesem Zeitpunkt noch nicht.<\/p>\n<p>&#8222;Gebt uns einfach Zeit&#8220;, sagt der Taliban-Vertreter mit einem L\u00e4cheln. &#8222;Nach der Revolution ben\u00f6tigten auch die Bolschewiken Zeit, um etwas zu erreichen.&#8220; Er nennt sie &#8222;die Kommunisten&#8220;.<\/p>\n<blockquote>\n<p><em>&#8222;Kommt in f\u00fcnf Jahren wieder, dann wird alles anders sein.&#8220;<\/em><\/p>\n<\/blockquote>\n<p>Und nun, fast f\u00fcnf Jahre sp\u00e4ter, sehe ich Afghanistan tats\u00e4chlich wieder.<\/p>\n<p>Es ist hier immer noch ruhig, trotz des Konflikts mit Pakistan und der Spaltungen innerhalb der F\u00fchrung. Aber es ist eine andere Art von Ruhe.<\/p>\n<p>Das Emirat hat viele Feinde, und seine Sicherheitsdienste sind au\u00dferordentlich wachsam. F\u00fcr die Taliban ist jeder Ausl\u00e4nder ein potenzieller Spion. Touristen, Reporter und die Mitarbeiter der humanit\u00e4ren Missionen, die noch im Land t\u00e4tig sind, werden durchgehend \u00fcberwacht, w\u00e4hrend Afghanen, die mit ihnen sprechen, mit Schwierigkeiten rechnen m\u00fcssen, die bis hin zur Verhaftung reichen k\u00f6nnen. Die Religionspolizei sorgt unterdessen f\u00fcr die Einhaltung der Scharia. Die St\u00f6cke in den H\u00e4nden der Beamten dienen vielleicht gr\u00f6\u00dftenteils nur der Show, doch die Menschen versuchen dennoch, ihre Aufmerksamkeit nicht auf sich zu ziehen.<\/p>\n<p>Musik ist verboten. Es gibt viele Verbote, und eine ganze Reihe davon betrifft vollkommen harmlose Dinge wie Schach, das nun als eine Form des Gl\u00fccksspiels gilt. Die durch Explosionen entstandenen Krater sind l\u00e4ngst ausgebessert worden. In Shahr-e Naw er\u00f6ffnen Restaurants, die weitaus mehr nach Dubai als nach Kabul aussehen. Die Drogenabh\u00e4ngigen wurden schon vor langer Zeit gewaltsam aus dem Park entfernt und in Entzugszentren geschickt, in denen es praktisch keine Medikamente gibt. M\u00e4dchen sind seit der Macht\u00fcbernahme immer noch nicht in die Schule zur\u00fcckgekehrt, und berufst\u00e4tige Frauen sind fast nirgends zu sehen. Nein, anders als die Republik ist das Islamische Emirat kein Ort der Widerspr\u00fcche, und Kabul ist schon lange keine Stadt der Verzweiflung mehr. Aber es gibt dort auch kaum noch Hoffnung.<\/p>\n<p>In der Innenstadt werden die Betonmauern abgetragen. Sie werden nicht mehr gebraucht, da die Bombenangriffe aufgeh\u00f6rt haben. Die Wandmalereien aus der Zeit der Republik sind so stark verblasst, dass die Worte &#8222;Wir wollen Frieden&#8220; kaum noch lesbar sind. Und Afghanistan hat in der Tat seine l\u00e4ngste Friedensphase seit 40 Jahren erlebt.<strong>\u00a0<\/strong><\/p>\n<p><em><strong>Eva Kotova<\/strong> ist Asienwissenschaftlerin und freiberufliche Journalistin, die zehn Jahre lang in Kabul gearbeitet hat.<\/em><\/p>\n<p><strong>Mehr zum Thema <\/strong>\u2013\u00a0<a target=\"_blank\" rel=\"noopener noreferrer\" href=\"https:\/\/de-rtnews.com\/inland\/290075-um-abschiebungen-nach-afghanistan-vorzubereiten-taliban-in-deutschland-angekommen\/\">Um Abschiebungen nach Afghanistan vorzubereiten: Taliban in Deutschland angekommen <\/a><\/p>\n<\/div>\n","protected":false},"excerpt":{"rendered":"<p>Von Eva Kotova &#8222;Wenn Ashraf Ghani geht, gehen wir mit ihm. Und er wird gehen, wenn die Amerikaner gehen.&#8220; Das Gespr\u00e4ch fand auf dem Balkon eines luxuri\u00f6sen Hochhauses in Shahr-e Naw im Zentrum von Kabul statt. Der Mann, der mit mir sprach, war ein junger Regierungsangestellter, und Aschraf Ghani war gerade in seiner zweiten Amtszeit [&hellip;]<\/p>\n","protected":false},"author":1,"featured_media":20302,"comment_status":"closed","ping_status":"closed","sticky":false,"template":"","format":"standard","meta":{"_gspb_post_css":"","_uag_custom_page_level_css":"","fifu_image_url":"","fifu_image_alt":"","footnotes":""},"categories":[5],"tags":[],"class_list":["post-20301","post","type-post","status-publish","format-standard","has-post-thumbnail","hentry","category-politik"],"blocksy_meta":{"styles_descriptor":{"styles":{"desktop":"","tablet":"","mobile":""},"google_fonts":[],"version":7}},"uagb_featured_image_src":{"full":["https:\/\/mleexelnfod5.i.optimole.com\/w:auto\/h:auto\/q:mauto\/f:best\/https:\/\/meiser-tv.de\/wp-content\/uploads\/2026\/08\/6a95616648fbef618c03a726.jpg",1240,827,false],"thumbnail":["https:\/\/mleexelnfod5.i.optimole.com\/w:150\/h:150\/q:mauto\/rt:fill\/g:ce\/f:best\/https:\/\/meiser-tv.de\/wp-content\/uploads\/2026\/08\/6a95616648fbef618c03a726.jpg",150,150,true],"medium":["https:\/\/mleexelnfod5.i.optimole.com\/w:300\/h:200\/q:mauto\/f:best\/https:\/\/meiser-tv.de\/wp-content\/uploads\/2026\/08\/6a95616648fbef618c03a726.jpg",300,200,true],"medium_large":["https:\/\/mleexelnfod5.i.optimole.com\/w:768\/h:512\/q:mauto\/f:best\/https:\/\/meiser-tv.de\/wp-content\/uploads\/2026\/08\/6a95616648fbef618c03a726.jpg",768,512,true],"large":["https:\/\/mleexelnfod5.i.optimole.com\/w:1024\/h:683\/q:mauto\/f:best\/https:\/\/meiser-tv.de\/wp-content\/uploads\/2026\/08\/6a95616648fbef618c03a726.jpg",1024,683,true],"1536x1536":["https:\/\/mleexelnfod5.i.optimole.com\/w:auto\/h:auto\/q:mauto\/f:best\/https:\/\/meiser-tv.de\/wp-content\/uploads\/2026\/08\/6a95616648fbef618c03a726.jpg",1240,827,false],"2048x2048":["https:\/\/mleexelnfod5.i.optimole.com\/w:auto\/h:auto\/q:mauto\/f:best\/https:\/\/meiser-tv.de\/wp-content\/uploads\/2026\/08\/6a95616648fbef618c03a726.jpg",1240,827,false],"trp-custom-language-flag":["https:\/\/mleexelnfod5.i.optimole.com\/w:18\/h:12\/q:mauto\/f:best\/dpr:2\/https:\/\/meiser-tv.de\/wp-content\/uploads\/2026\/08\/6a95616648fbef618c03a726.jpg",18,12,true]},"uagb_author_info":{"display_name":"admin","author_link":"https:\/\/meiser-tv.de\/en\/author\/admin\/"},"uagb_comment_info":0,"uagb_excerpt":"Von Eva Kotova &#8222;Wenn Ashraf Ghani geht, gehen wir mit ihm. Und er wird gehen, wenn die Amerikaner gehen.&#8220; Das Gespr\u00e4ch fand auf dem Balkon eines luxuri\u00f6sen Hochhauses in Shahr-e Naw im Zentrum von Kabul statt. Der Mann, der mit mir sprach, war ein junger Regierungsangestellter, und Aschraf Ghani war gerade in seiner zweiten Amtszeit&hellip;","_links":{"self":[{"href":"https:\/\/meiser-tv.de\/en\/wp-json\/wp\/v2\/posts\/20301","targetHints":{"allow":["GET"]}}],"collection":[{"href":"https:\/\/meiser-tv.de\/en\/wp-json\/wp\/v2\/posts"}],"about":[{"href":"https:\/\/meiser-tv.de\/en\/wp-json\/wp\/v2\/types\/post"}],"author":[{"embeddable":true,"href":"https:\/\/meiser-tv.de\/en\/wp-json\/wp\/v2\/users\/1"}],"replies":[{"embeddable":true,"href":"https:\/\/meiser-tv.de\/en\/wp-json\/wp\/v2\/comments?post=20301"}],"version-history":[{"count":0,"href":"https:\/\/meiser-tv.de\/en\/wp-json\/wp\/v2\/posts\/20301\/revisions"}],"wp:featuredmedia":[{"embeddable":true,"href":"https:\/\/meiser-tv.de\/en\/wp-json\/wp\/v2\/media\/20302"}],"wp:attachment":[{"href":"https:\/\/meiser-tv.de\/en\/wp-json\/wp\/v2\/media?parent=20301"}],"wp:term":[{"taxonomy":"category","embeddable":true,"href":"https:\/\/meiser-tv.de\/en\/wp-json\/wp\/v2\/categories?post=20301"},{"taxonomy":"post_tag","embeddable":true,"href":"https:\/\/meiser-tv.de\/en\/wp-json\/wp\/v2\/tags?post=20301"}],"curies":[{"name":"wp","href":"https:\/\/api.w.org\/{rel}","templated":true}]}}