{"id":20309,"date":"2026-08-31T19:03:08","date_gmt":"2026-08-31T17:03:08","guid":{"rendered":"https:\/\/meiser-tv.de\/politik\/inflation-fast-drei-prozent\/"},"modified":"2026-08-31T19:03:08","modified_gmt":"2026-08-31T17:03:08","slug":"inflation-fast-drei-prozent","status":"publish","type":"post","link":"https:\/\/meiser-tv.de\/en\/politik\/inflation-fast-drei-prozent\/","title":{"rendered":"Inflation fast drei Prozent"},"content":{"rendered":"<div>\n<p>Das Statistische Bundesamt hat die Inflationsrate f\u00fcr August vorl\u00e4ufig gesch\u00e4tzt und kam auf 2,9 Prozent gegen\u00fcber dem Vorjahresmonat, nach 2,8 Prozent im Juli. Damit haben die Preise weiter angezogen. Im September muss dann vermutlich mit 3 Prozent oder mehr gerechnet werden.<\/p>\n<p>Dabei liegt der Hauptanstieg, was nicht \u00fcberraschen sollte, derzeit bei den Energiekosten, die im Vergleich zum Vorjahr bereits um 10,5 Prozent gestiegen sind. Hier sind auch die Prognosen besonders ung\u00fcnstig. So d\u00fcrften die Preise f\u00fcr Erdgas noch deutlich weiter anziehen, sollte versucht werden, die derzeit nur teilweise gef\u00fcllten Erdgasspeicher aufzuf\u00fcllen.<\/p>\n<p>Ohne Energie und Nahrungsmittel liegt die vorl\u00e4ufige Inflationsrate bei 2,4 Prozent. Die Nahrungsmittel allerdings geh\u00f6ren aktuell nicht zu den Preistreibern. Hier liegt der Wert f\u00fcr August 2026 nur um 0,1 Prozent \u00fcber jenem f\u00fcr August 2025. Im Juli lag der Preiszuwachs in diesem Bereich noch bei 0,4 Prozent. Bei den Dienstleistungen verh\u00e4lt es sich \u00e4hnlich. Hier sank die Preisdifferenz gegen\u00fcber dem Vorjahresmonat von 3,1 Prozent im Juni auf 2,8 Prozent.<\/p>\n<p data-start=\"1376\" data-end=\"1635\">Solange der US-Krieg gegen Iran weitergeht, d\u00fcrfte auch keine Erholung bei den Energiekosten zu erwarten sein, im Gegenteil. Nachdem viele L\u00e4nder ihre strategischen Reserven nutzten, um die Treibstoffpreise stabil zu halten, ist das nun kaum mehr m\u00f6glich.<\/p>\n<p data-start=\"1637\" data-end=\"1829\" data-is-last-node=\"\" data-is-only-node=\"\">Die Deutschen jedenfalls d\u00fcrfen neben den betr\u00e4chtlichen Kosten, die ihnen die diversen Sparprogramme der Bundesregierung aufb\u00fcrden, auch weiterhin mit einer steigenden Inflationsrate rechnen.<\/p>\n<p><strong>Mehr zum Thema<\/strong> \u2012\u00a0<a target=\"_blank\" rel=\"noopener noreferrer\" href=\"https:\/\/de-rtnews.com\/inland\/290014-importpreise-steigen-kraeftig-neuer-inflationsdruck-aus-dem-ausland\/\">Importpreise steigen kr\u00e4ftig \u2013 neuer Inflationsdruck aus dem Ausland <\/a><\/p>\n<div class=\"EmbedBlock-root EmbedBlock-externalVideo EmbedBlock-rumble\">\n<div class=\"VkEmbed\"><iframe class=\"lazyload\" data-src=\"https:\/\/rumble.com\/embed\/v7c731k\" frameborder=\"0\" width=\"853\" height=\"480\" allowfullscreen><\/iframe><\/div>\n<\/p><\/div>\n<\/p>\n<\/div>","protected":false},"excerpt":{"rendered":"<p>Das Statistische Bundesamt hat die Inflationsrate f\u00fcr August vorl\u00e4ufig gesch\u00e4tzt und kam auf 2,9 Prozent gegen\u00fcber dem Vorjahresmonat, nach 2,8 Prozent im Juli. Damit haben die Preise weiter angezogen. Im September muss dann vermutlich mit 3 Prozent oder mehr gerechnet werden. Dabei liegt der Hauptanstieg, was nicht \u00fcberraschen sollte, derzeit bei den Energiekosten, die im [&hellip;]<\/p>\n","protected":false},"author":1,"featured_media":4846,"comment_status":"closed","ping_status":"closed","sticky":false,"template":"","format":"standard","meta":{"_gspb_post_css":"","_uag_custom_page_level_css":"","fifu_image_url":"","fifu_image_alt":"","footnotes":""},"categories":[5],"tags":[],"class_list":["post-20309","post","type-post","status-publish","format-standard","has-post-thumbnail","hentry","category-politik"],"blocksy_meta":{"styles_descriptor":{"styles":{"desktop":"","tablet":"","mobile":""},"google_fonts":[],"version":7}},"uagb_featured_image_src":{"full":["https:\/\/mleexelnfod5.i.optimole.com\/w:auto\/h:auto\/q:mauto\/f:best\/https:\/\/i2.wp.com\/meiser-tv.de\/wp-content\/uploads\/2026\/05\/RSS-Hintergrund.jpg?w=1920&fit=1920,1080&ssl=1",1920,1080,true],"thumbnail":["https:\/\/mleexelnfod5.i.optimole.com\/w:auto\/h:auto\/q:mauto\/f:best\/https:\/\/i2.wp.com\/meiser-tv.de\/wp-content\/uploads\/2026\/05\/RSS-Hintergrund.jpg?w=150&resize=150,150&ssl=1",150,150,true],"medium":["https:\/\/mleexelnfod5.i.optimole.com\/w:auto\/h:auto\/q:mauto\/f:best\/https:\/\/i2.wp.com\/meiser-tv.de\/wp-content\/uploads\/2026\/05\/RSS-Hintergrund.jpg?w=300&fit=300,300&ssl=1",300,300,true],"medium_large":["https:\/\/mleexelnfod5.i.optimole.com\/w:auto\/h:auto\/q:mauto\/f:best\/https:\/\/i2.wp.com\/meiser-tv.de\/wp-content\/uploads\/2026\/05\/RSS-Hintergrund.jpg?w=768&resize=768,0&ssl=1",768,0,true],"large":["https:\/\/mleexelnfod5.i.optimole.com\/w:auto\/h:auto\/q:mauto\/f:best\/https:\/\/i2.wp.com\/meiser-tv.de\/wp-content\/uploads\/2026\/05\/RSS-Hintergrund.jpg?w=1024&fit=1024,1024&ssl=1",1024,1024,true],"1536x1536":["https:\/\/mleexelnfod5.i.optimole.com\/w:auto\/h:auto\/q:mauto\/f:best\/https:\/\/i2.wp.com\/meiser-tv.de\/wp-content\/uploads\/2026\/05\/RSS-Hintergrund.jpg?w=1536&fit=1536,1536&ssl=1",1536,1536,true],"2048x2048":["https:\/\/mleexelnfod5.i.optimole.com\/w:auto\/h:auto\/q:mauto\/f:best\/https:\/\/i2.wp.com\/meiser-tv.de\/wp-content\/uploads\/2026\/05\/RSS-Hintergrund.jpg?w=2048&fit=2048,2048&ssl=1",2048,2048,true],"trp-custom-language-flag":["https:\/\/mleexelnfod5.i.optimole.com\/w:auto\/h:auto\/q:mauto\/f:best\/https:\/\/i2.wp.com\/meiser-tv.de\/wp-content\/uploads\/2026\/05\/RSS-Hintergrund.jpg?w=18&fit=18,12&ssl=1",18,12,true]},"uagb_author_info":{"display_name":"admin","author_link":"https:\/\/meiser-tv.de\/en\/author\/admin\/"},"uagb_comment_info":0,"uagb_excerpt":"Das Statistische Bundesamt hat die Inflationsrate f\u00fcr August vorl\u00e4ufig gesch\u00e4tzt und kam auf 2,9 Prozent gegen\u00fcber dem Vorjahresmonat, nach 2,8 Prozent im Juli. Damit haben die Preise weiter angezogen. Im September muss dann vermutlich mit 3 Prozent oder mehr gerechnet werden. Dabei liegt der Hauptanstieg, was nicht \u00fcberraschen sollte, derzeit bei den Energiekosten, die im&hellip;","_links":{"self":[{"href":"https:\/\/meiser-tv.de\/en\/wp-json\/wp\/v2\/posts\/20309","targetHints":{"allow":["GET"]}}],"collection":[{"href":"https:\/\/meiser-tv.de\/en\/wp-json\/wp\/v2\/posts"}],"about":[{"href":"https:\/\/meiser-tv.de\/en\/wp-json\/wp\/v2\/types\/post"}],"author":[{"embeddable":true,"href":"https:\/\/meiser-tv.de\/en\/wp-json\/wp\/v2\/users\/1"}],"replies":[{"embeddable":true,"href":"https:\/\/meiser-tv.de\/en\/wp-json\/wp\/v2\/comments?post=20309"}],"version-history":[{"count":0,"href":"https:\/\/meiser-tv.de\/en\/wp-json\/wp\/v2\/posts\/20309\/revisions"}],"wp:featuredmedia":[{"embeddable":true,"href":"https:\/\/meiser-tv.de\/en\/wp-json\/wp\/v2\/media\/4846"}],"wp:attachment":[{"href":"https:\/\/meiser-tv.de\/en\/wp-json\/wp\/v2\/media?parent=20309"}],"wp:term":[{"taxonomy":"category","embeddable":true,"href":"https:\/\/meiser-tv.de\/en\/wp-json\/wp\/v2\/categories?post=20309"},{"taxonomy":"post_tag","embeddable":true,"href":"https:\/\/meiser-tv.de\/en\/wp-json\/wp\/v2\/tags?post=20309"}],"curies":[{"name":"wp","href":"https:\/\/api.w.org\/{rel}","templated":true}]}}