{"id":20312,"date":"2026-08-31T20:03:14","date_gmt":"2026-08-31T18:03:14","guid":{"rendered":"https:\/\/meiser-tv.de\/politik\/afd-politiker-frohnmaier-kontert-merz-fuehle-mich-im-moment-nicht-von-russland-bedroht\/"},"modified":"2026-08-31T20:03:14","modified_gmt":"2026-08-31T18:03:14","slug":"afd-politiker-frohnmaier-kontert-merz-fuehle-mich-im-moment-nicht-von-russland-bedroht","status":"publish","type":"post","link":"https:\/\/meiser-tv.de\/en\/politik\/afd-politiker-frohnmaier-kontert-merz-fuehle-mich-im-moment-nicht-von-russland-bedroht\/","title":{"rendered":"AfD-Politiker Frohnmaier kontert Merz: F\u00fchle mich im Moment nicht von Russland bedroht"},"content":{"rendered":"<div>\n<p>Nach dem Drohnengeschehen auf dem Flughafen Leipzig\/Halle hat Bundeskanzler Friedrich Merz (CDU) eine Reaktion auf sogenannte hybride Bedrohungen angek\u00fcndigt. Der au\u00dfenpolitische Sprecher der AfD-Bundestagsfraktion, Markus Frohnmaier, warnte dagegen im <em>Politico<\/em>-Podcast davor, Russland voreilig daf\u00fcr zu beschuldigen. Auf die Frage, ob er sich zurzeit von Russland bedroht f\u00fchle, antwortete der AfD-Politiker: &#8222;Nein, im Moment nicht.&#8220;<\/p>\n<p>Berlin warf er vielmehr Doppelmoral vor: Wenn bei den Nord-Stream-Ermittlungen auf laufende Verfahren verwiesen werde, im Fall Leipzig aber bereits Konsequenzen vorbereitet w\u00fcrden, mache sich die Bundesregierung &#8222;sehr unglaubw\u00fcrdig&#8220;. Frohnmaier forderte daher: &#8222;Man darf nicht mit zweierlei Ma\u00df messen.&#8220;<\/p>\n<p>Frohnmaier mahnte Zur\u00fcckhaltung an. Auf den Hinweis, dass sich nach Darstellung bestimmter Akteure die Verdachtsmomente gegen Russland verdichteten, entgegnete er: &#8222;Sie sagen es richtig: Verdacht.&#8220; Die Bundesregierung m\u00fcsse zun\u00e4chst Transparenz schaffen und offenlegen, welche Erkenntnisse tats\u00e4chlich vorl\u00e4gen.<\/p>\n<p>Der AfD-Politiker zog dabei Parallelen zu den Ermittlungen rund um die Sprengung der Nord-Stream-Pipelines. Dort nehme sich die Bundesregierung viel Zeit und verweise auf rechtsstaatliche Verfahren, sagte Frohnmaier. Inzwischen geht die Bundesanwaltschaft von einer Beteiligung ukrainischer Akteure an der Sabotage aus.<\/p>\n<p>&#8222;Da muss man auch hier endlich Konsequenzen folgen lassen&#8220;, so Frohnmaier. Wenn ein Generalbundesanwalt von der Beteiligung eines fremden Staates ausgehe, daraus aber keine politischen Konsequenzen folgten, m\u00fcsse sich die Bundesregierung fragen lassen, warum sie im Fall Leipzig bereits Gegenma\u00dfnahmen vorbereite.<\/p>\n<p>Zugleich betonte Frohnmaier, dass ein nachgewiesener Angriff eines fremden Staates auf Deutschland nicht folgenlos bleiben d\u00fcrfe. &#8222;Wenn [der Vorfall in] Leipzig auf einen fremden Staat zur\u00fcckzuf\u00fchren ist, dann m\u00fcssen auch hier Konsequenzen folgen&#8220;, sagte er. Welche Ma\u00dfnahmen er f\u00fcr angemessen h\u00e4lt, lie\u00df der AfD-Politiker allerdings offen. Solange die Bundesregierung keine Ergebnisse vorgelegt habe, bewege man sich im &#8222;spekulativen Bereich&#8220;.<\/p>\n<p>Hintergrund sind Aussagen des Kanzlers, wonach die Ermittlungen zu dem Vorfall kurz vor dem Abschluss st\u00fcnden. Die Bundesregierung habe sich weitgehend auf eine Reaktion verst\u00e4ndigt, die mit den Partnern in der Europ\u00e4ischen Union und der NATO abgestimmt werde, wie Merz etwas kryptisch erkl\u00e4rte. Details dazu sollen in den kommenden Tagen bekannt gegeben werden.<\/p>\n<p>Transatlantische &#8222;Experten&#8220; hatten hinter dem Vorfall einen hybriden Angriff Russlands vermutet. Anfang August war nach Beh\u00f6rdenangaben eine mit aus Tschechien stammendem Sprengstoff beladene Drohne \u00fcber dem Flughafen Leipzig\/Halle entdeckt worden, die jedoch nicht detonierte, sondern von einem Busfahrer entsch\u00e4rft wurde. Der Fall hat eine politmediale Debatte \u00fcber die Sicherheit kritischer Infrastruktur und m\u00f6gliche Gegenma\u00dfnahmen ausgel\u00f6st.<\/p>\n<p>Die in Berlin mitregierenden Sozialdemokraten wollen offenbar \u00e4hnlich wie Merz weiter \u00d6l ins Feuer gie\u00dfen. In der Debatte um eine Antwort auf den Drohnenangriff auf den \u200bLeipziger Flughafen hat die Vizevorsitzende der SPD-Bundestagsfraktion, Siemtje M\u00f6ller, Sanktionen gegen die \u2060sogenannte russische Schattenflotte gefordert. Sie erwarte von der Bundesregierung &#8222;ein ganzes B\u00fcndel an Ma\u00dfnahmen&#8220;, sagte M\u00f6ller im <em>Deutschlandfunk<\/em>. Dabei hoffe sie auf ein abgestimmtes Vorgehen innerhalb von EU und NATO und warf der russischen F\u00fchrung einen &#8222;imperialistischen Ansatz&#8220; in der Geopolitik vor.<\/p>\n<p><strong>Mehr zum Thema<\/strong>\u00a0\u2013\u00a0<a target=\"_blank\" rel=\"noopener noreferrer\" href=\"https:\/\/de-rtnews.com\/meinung\/279055-waffenfabrik-ukrainisch-korruptionsskandal-europaeisch-stille\/\">Waffenfabrik &#8222;ukrainisch&#8220; \u2013 Korruptionsskandal europ\u00e4isch: Stille um Minditschgate-Wiederaufflammen<\/a><\/p>\n<div class=\"EmbedBlock-root EmbedBlock-all\">\n<div class=\"AllEmbed\">\n                                                <script>!function(r,u,m,b,l,e){r._Rumble=b,r[b]||(r[b]=function(){(r[b]._=r[b]._||[]).push(arguments);if(r[b]._.length==1){l=u.createElement(m),e=u.getElementsByTagName(m)[0],l.async=1,l.src=\"https:\/\/rumble.com\/embedJS\/u4\"+(arguments[1].video?'.'+arguments[1].video:'')+\"\/?url=\"+encodeURIComponent(location.href)+\"&args=\"+encodeURIComponent(JSON.stringify([].slice.apply(arguments))),e.parentNode.insertBefore(l,e)}})}(window, document, \"script\", \"Rumble\");<\/script><\/p>\n<div id=\"rumble_v7cmxm4\"><\/div>\n<p><script>\nRumble(\"play\", {\"video\":\"v7cmxm4\",\"div\":\"rumble_v7cmxm4\"});<\/script>\n                    <\/div>\n<\/p><\/div>\n<\/p>\n<\/div>\n","protected":false},"excerpt":{"rendered":"<p>Nach dem Drohnengeschehen auf dem Flughafen Leipzig\/Halle hat Bundeskanzler Friedrich Merz (CDU) eine Reaktion auf sogenannte hybride Bedrohungen angek\u00fcndigt. Der au\u00dfenpolitische Sprecher der AfD-Bundestagsfraktion, Markus Frohnmaier, warnte dagegen im Politico-Podcast davor, Russland voreilig daf\u00fcr zu beschuldigen. Auf die Frage, ob er sich zurzeit von Russland bedroht f\u00fchle, antwortete der AfD-Politiker: &#8222;Nein, im Moment nicht.&#8220; Berlin [&hellip;]<\/p>\n","protected":false},"author":1,"featured_media":4846,"comment_status":"closed","ping_status":"closed","sticky":false,"template":"","format":"standard","meta":{"_gspb_post_css":"","_uag_custom_page_level_css":"","fifu_image_url":"","fifu_image_alt":"","footnotes":""},"categories":[5],"tags":[],"class_list":["post-20312","post","type-post","status-publish","format-standard","has-post-thumbnail","hentry","category-politik"],"blocksy_meta":{"styles_descriptor":{"styles":{"desktop":"","tablet":"","mobile":""},"google_fonts":[],"version":7}},"uagb_featured_image_src":{"full":["https:\/\/mleexelnfod5.i.optimole.com\/w:auto\/h:auto\/q:mauto\/f:best\/https:\/\/i2.wp.com\/meiser-tv.de\/wp-content\/uploads\/2026\/05\/RSS-Hintergrund.jpg?w=1920&fit=1920,1080&ssl=1",1920,1080,true],"thumbnail":["https:\/\/mleexelnfod5.i.optimole.com\/w:auto\/h:auto\/q:mauto\/f:best\/https:\/\/i2.wp.com\/meiser-tv.de\/wp-content\/uploads\/2026\/05\/RSS-Hintergrund.jpg?w=150&resize=150,150&ssl=1",150,150,true],"medium":["https:\/\/mleexelnfod5.i.optimole.com\/w:auto\/h:auto\/q:mauto\/f:best\/https:\/\/i2.wp.com\/meiser-tv.de\/wp-content\/uploads\/2026\/05\/RSS-Hintergrund.jpg?w=300&fit=300,300&ssl=1",300,300,true],"medium_large":["https:\/\/mleexelnfod5.i.optimole.com\/w:auto\/h:auto\/q:mauto\/f:best\/https:\/\/i2.wp.com\/meiser-tv.de\/wp-content\/uploads\/2026\/05\/RSS-Hintergrund.jpg?w=768&resize=768,0&ssl=1",768,0,true],"large":["https:\/\/mleexelnfod5.i.optimole.com\/w:auto\/h:auto\/q:mauto\/f:best\/https:\/\/i2.wp.com\/meiser-tv.de\/wp-content\/uploads\/2026\/05\/RSS-Hintergrund.jpg?w=1024&fit=1024,1024&ssl=1",1024,1024,true],"1536x1536":["https:\/\/mleexelnfod5.i.optimole.com\/w:auto\/h:auto\/q:mauto\/f:best\/https:\/\/i2.wp.com\/meiser-tv.de\/wp-content\/uploads\/2026\/05\/RSS-Hintergrund.jpg?w=1536&fit=1536,1536&ssl=1",1536,1536,true],"2048x2048":["https:\/\/mleexelnfod5.i.optimole.com\/w:auto\/h:auto\/q:mauto\/f:best\/https:\/\/i2.wp.com\/meiser-tv.de\/wp-content\/uploads\/2026\/05\/RSS-Hintergrund.jpg?w=2048&fit=2048,2048&ssl=1",2048,2048,true],"trp-custom-language-flag":["https:\/\/mleexelnfod5.i.optimole.com\/w:auto\/h:auto\/q:mauto\/f:best\/https:\/\/i2.wp.com\/meiser-tv.de\/wp-content\/uploads\/2026\/05\/RSS-Hintergrund.jpg?w=18&fit=18,12&ssl=1",18,12,true]},"uagb_author_info":{"display_name":"admin","author_link":"https:\/\/meiser-tv.de\/en\/author\/admin\/"},"uagb_comment_info":0,"uagb_excerpt":"Nach dem Drohnengeschehen auf dem Flughafen Leipzig\/Halle hat Bundeskanzler Friedrich Merz (CDU) eine Reaktion auf sogenannte hybride Bedrohungen angek\u00fcndigt. Der au\u00dfenpolitische Sprecher der AfD-Bundestagsfraktion, Markus Frohnmaier, warnte dagegen im Politico-Podcast davor, Russland voreilig daf\u00fcr zu beschuldigen. Auf die Frage, ob er sich zurzeit von Russland bedroht f\u00fchle, antwortete der AfD-Politiker: &#8222;Nein, im Moment nicht.&#8220; Berlin&hellip;","_links":{"self":[{"href":"https:\/\/meiser-tv.de\/en\/wp-json\/wp\/v2\/posts\/20312","targetHints":{"allow":["GET"]}}],"collection":[{"href":"https:\/\/meiser-tv.de\/en\/wp-json\/wp\/v2\/posts"}],"about":[{"href":"https:\/\/meiser-tv.de\/en\/wp-json\/wp\/v2\/types\/post"}],"author":[{"embeddable":true,"href":"https:\/\/meiser-tv.de\/en\/wp-json\/wp\/v2\/users\/1"}],"replies":[{"embeddable":true,"href":"https:\/\/meiser-tv.de\/en\/wp-json\/wp\/v2\/comments?post=20312"}],"version-history":[{"count":0,"href":"https:\/\/meiser-tv.de\/en\/wp-json\/wp\/v2\/posts\/20312\/revisions"}],"wp:featuredmedia":[{"embeddable":true,"href":"https:\/\/meiser-tv.de\/en\/wp-json\/wp\/v2\/media\/4846"}],"wp:attachment":[{"href":"https:\/\/meiser-tv.de\/en\/wp-json\/wp\/v2\/media?parent=20312"}],"wp:term":[{"taxonomy":"category","embeddable":true,"href":"https:\/\/meiser-tv.de\/en\/wp-json\/wp\/v2\/categories?post=20312"},{"taxonomy":"post_tag","embeddable":true,"href":"https:\/\/meiser-tv.de\/en\/wp-json\/wp\/v2\/tags?post=20312"}],"curies":[{"name":"wp","href":"https:\/\/api.w.org\/{rel}","templated":true}]}}