{"id":20315,"date":"2026-08-31T21:03:23","date_gmt":"2026-08-31T19:03:23","guid":{"rendered":"https:\/\/meiser-tv.de\/politik\/alarmstufe-rot-pflegeversicherung-vor-dem-finanziellen-abgrund\/"},"modified":"2026-08-31T21:03:23","modified_gmt":"2026-08-31T19:03:23","slug":"alarmstufe-rot-pflegeversicherung-vor-dem-finanziellen-abgrund","status":"publish","type":"post","link":"https:\/\/meiser-tv.de\/en\/politik\/alarmstufe-rot-pflegeversicherung-vor-dem-finanziellen-abgrund\/","title":{"rendered":"&#8222;Alarmstufe Rot&#8220;: Pflegeversicherung vor dem finanziellen Abgrund"},"content":{"rendered":"<div>\n<p>Die gesetzliche Pflegeversicherung hat in der ersten Jahresh\u00e4lfte ein Defizit von 770 Millionen Euro angeh\u00e4uft. Das berichtet die <em>Berliner Zeitung<\/em> am Montag. Eventuell bereits im Oktober k\u00f6nnte das Geld f\u00fcr die vollen Pflegeleistungen nicht mehr ausreichen.<\/p>\n<p>Davor warnt der\u00a0Spitzenverband der gesetzlichen Krankenkassen, der auch die Pflegekassen vertritt. Verbandschef Oliver Blatt nimmt deutliche Worte in den Mund. Von &#8222;Alarmstufe Rot&#8220; ist die Rede. Die Politik solle rasch handeln, fordert er.<\/p>\n<p>F\u00fcr die n\u00e4chsten Monate klafft eine gro\u00dfe L\u00fccke. Bis zum Jahresende brauche die Pflegeversicherung weitere 500 Millionen Euro. Das Blatt w\u00e4hlte drastische Worte. Die Pflege sei &#8222;akut in Not&#8220;, sagte er. F\u00fcr das gesamte Jahr rechnet der Verband mit einem Defizit von rund 1,2 Milliarden Euro. In dieser Summe steckt allerdings bereits ein\u00a0Darlehen des Bundes\u00a0\u00fcber 3,2 Milliarden Euro.<\/p>\n<p>Ohne diese Finanzhilfe fiele die Bilanz deutlich schlechter aus. Rechnet man das Darlehen heraus, l\u00e4ge das, was der Verband das &#8222;ehrliche Ergebnis&#8220; nennt, bei einem Minus von 4,4 Milliarden Euro.<\/p>\n<p>Das aktuelle Defizit wird bislang also vor allem durch geliehenes Geld in Grenzen gehalten.\u00a0Die Antwort der Politik soll ein weiteres Umverteilen sein. Die schwarz-rote Koalition bereitet f\u00fcr den Herbst eine Pflegereform vor. Sie gilt als eines der gro\u00dfen Vorhaben des neuen\u00a0Gesundheitsministers Carsten Linnemann\u00a0(CDU).<\/p>\n<p>Die bisherigen Reformpl\u00e4ne setzen unter anderem auf Ausgabenbremsen und zus\u00e4tzliche Einnahmen. Im Gespr\u00e4ch sind aber auch h\u00f6here Beitr\u00e4ge f\u00fcr Kinderlose, Einschr\u00e4nkungen bei der beitragsfreien Mitversicherung von Ehepartnern und strengere Voraussetzungen f\u00fcr Pflegegrade.<\/p>\n<p>Ob das die Pflegeversicherung dauerhaft retten wird, bleibt fraglich, und es scheint wohl wieder nur eine Frage der Zeit zu sein, bis wieder einmal mehr &#8222;Alarmstufe Rot&#8220; ausgerufen wird.<\/p>\n<p><strong>Mehr zum Thema<\/strong>\u00a0\u2013\u00a0<a target=\"_blank\" rel=\"noopener noreferrer\" href=\"https:\/\/de-rtnews.com\/inland\/281603-cdu-will-wohneigentum-staerker-zur-pflegefinanzierung-heranziehen\/\">Vorsicht Eigenheim: CDU will Wohneigentum st\u00e4rker zur Pflegefinanzierung heranziehen<\/a><\/p>\n<div class=\"EmbedBlock-root EmbedBlock-all\">\n<div class=\"AllEmbed\">\n                                                <script>!function(r,u,m,b,l,e){r._Rumble=b,r[b]||(r[b]=function(){(r[b]._=r[b]._||[]).push(arguments);if(r[b]._.length==1){l=u.createElement(m),e=u.getElementsByTagName(m)[0],l.async=1,l.src=\"https:\/\/rumble.com\/embedJS\/u4\"+(arguments[1].video?'.'+arguments[1].video:'')+\"\/?url=\"+encodeURIComponent(location.href)+\"&args=\"+encodeURIComponent(JSON.stringify([].slice.apply(arguments))),e.parentNode.insertBefore(l,e)}})}(window, document, \"script\", \"Rumble\");<\/script><\/p>\n<div id=\"rumble_v7cop84\"><\/div>\n<p><script>\nRumble(\"play\", {\"video\":\"v7cop84\",\"div\":\"rumble_v7cop84\"});<\/script>\n                    <\/div>\n<\/p><\/div>\n<\/p>\n<\/div>\n","protected":false},"excerpt":{"rendered":"<p>Die gesetzliche Pflegeversicherung hat in der ersten Jahresh\u00e4lfte ein Defizit von 770 Millionen Euro angeh\u00e4uft. Das berichtet die Berliner Zeitung am Montag. Eventuell bereits im Oktober k\u00f6nnte das Geld f\u00fcr die vollen Pflegeleistungen nicht mehr ausreichen. Davor warnt der\u00a0Spitzenverband der gesetzlichen Krankenkassen, der auch die Pflegekassen vertritt. Verbandschef Oliver Blatt nimmt deutliche Worte in den [&hellip;]<\/p>\n","protected":false},"author":1,"featured_media":4846,"comment_status":"closed","ping_status":"closed","sticky":false,"template":"","format":"standard","meta":{"_gspb_post_css":"","_uag_custom_page_level_css":"","fifu_image_url":"","fifu_image_alt":"","footnotes":""},"categories":[5],"tags":[],"class_list":["post-20315","post","type-post","status-publish","format-standard","has-post-thumbnail","hentry","category-politik"],"blocksy_meta":{"styles_descriptor":{"styles":{"desktop":"","tablet":"","mobile":""},"google_fonts":[],"version":7}},"uagb_featured_image_src":{"full":["https:\/\/mleexelnfod5.i.optimole.com\/w:auto\/h:auto\/q:mauto\/f:best\/https:\/\/i2.wp.com\/meiser-tv.de\/wp-content\/uploads\/2026\/05\/RSS-Hintergrund.jpg?w=1920&fit=1920,1080&ssl=1",1920,1080,true],"thumbnail":["https:\/\/mleexelnfod5.i.optimole.com\/w:auto\/h:auto\/q:mauto\/f:best\/https:\/\/i2.wp.com\/meiser-tv.de\/wp-content\/uploads\/2026\/05\/RSS-Hintergrund.jpg?w=150&resize=150,150&ssl=1",150,150,true],"medium":["https:\/\/mleexelnfod5.i.optimole.com\/w:auto\/h:auto\/q:mauto\/f:best\/https:\/\/i2.wp.com\/meiser-tv.de\/wp-content\/uploads\/2026\/05\/RSS-Hintergrund.jpg?w=300&fit=300,300&ssl=1",300,300,true],"medium_large":["https:\/\/mleexelnfod5.i.optimole.com\/w:auto\/h:auto\/q:mauto\/f:best\/https:\/\/i2.wp.com\/meiser-tv.de\/wp-content\/uploads\/2026\/05\/RSS-Hintergrund.jpg?w=768&resize=768,0&ssl=1",768,0,true],"large":["https:\/\/mleexelnfod5.i.optimole.com\/w:auto\/h:auto\/q:mauto\/f:best\/https:\/\/i2.wp.com\/meiser-tv.de\/wp-content\/uploads\/2026\/05\/RSS-Hintergrund.jpg?w=1024&fit=1024,1024&ssl=1",1024,1024,true],"1536x1536":["https:\/\/mleexelnfod5.i.optimole.com\/w:auto\/h:auto\/q:mauto\/f:best\/https:\/\/i2.wp.com\/meiser-tv.de\/wp-content\/uploads\/2026\/05\/RSS-Hintergrund.jpg?w=1536&fit=1536,1536&ssl=1",1536,1536,true],"2048x2048":["https:\/\/mleexelnfod5.i.optimole.com\/w:auto\/h:auto\/q:mauto\/f:best\/https:\/\/i2.wp.com\/meiser-tv.de\/wp-content\/uploads\/2026\/05\/RSS-Hintergrund.jpg?w=2048&fit=2048,2048&ssl=1",2048,2048,true],"trp-custom-language-flag":["https:\/\/mleexelnfod5.i.optimole.com\/w:auto\/h:auto\/q:mauto\/f:best\/https:\/\/i2.wp.com\/meiser-tv.de\/wp-content\/uploads\/2026\/05\/RSS-Hintergrund.jpg?w=18&fit=18,12&ssl=1",18,12,true]},"uagb_author_info":{"display_name":"admin","author_link":"https:\/\/meiser-tv.de\/en\/author\/admin\/"},"uagb_comment_info":0,"uagb_excerpt":"Die gesetzliche Pflegeversicherung hat in der ersten Jahresh\u00e4lfte ein Defizit von 770 Millionen Euro angeh\u00e4uft. Das berichtet die Berliner Zeitung am Montag. Eventuell bereits im Oktober k\u00f6nnte das Geld f\u00fcr die vollen Pflegeleistungen nicht mehr ausreichen. Davor warnt der\u00a0Spitzenverband der gesetzlichen Krankenkassen, der auch die Pflegekassen vertritt. Verbandschef Oliver Blatt nimmt deutliche Worte in den&hellip;","_links":{"self":[{"href":"https:\/\/meiser-tv.de\/en\/wp-json\/wp\/v2\/posts\/20315","targetHints":{"allow":["GET"]}}],"collection":[{"href":"https:\/\/meiser-tv.de\/en\/wp-json\/wp\/v2\/posts"}],"about":[{"href":"https:\/\/meiser-tv.de\/en\/wp-json\/wp\/v2\/types\/post"}],"author":[{"embeddable":true,"href":"https:\/\/meiser-tv.de\/en\/wp-json\/wp\/v2\/users\/1"}],"replies":[{"embeddable":true,"href":"https:\/\/meiser-tv.de\/en\/wp-json\/wp\/v2\/comments?post=20315"}],"version-history":[{"count":0,"href":"https:\/\/meiser-tv.de\/en\/wp-json\/wp\/v2\/posts\/20315\/revisions"}],"wp:featuredmedia":[{"embeddable":true,"href":"https:\/\/meiser-tv.de\/en\/wp-json\/wp\/v2\/media\/4846"}],"wp:attachment":[{"href":"https:\/\/meiser-tv.de\/en\/wp-json\/wp\/v2\/media?parent=20315"}],"wp:term":[{"taxonomy":"category","embeddable":true,"href":"https:\/\/meiser-tv.de\/en\/wp-json\/wp\/v2\/categories?post=20315"},{"taxonomy":"post_tag","embeddable":true,"href":"https:\/\/meiser-tv.de\/en\/wp-json\/wp\/v2\/tags?post=20315"}],"curies":[{"name":"wp","href":"https:\/\/api.w.org\/{rel}","templated":true}]}}