{"id":20316,"date":"2026-08-31T21:03:24","date_gmt":"2026-08-31T19:03:24","guid":{"rendered":"https:\/\/meiser-tv.de\/politik\/vw-gewerkschaft-will-gegen-kahlschlag-kaempfen\/"},"modified":"2026-08-31T21:03:24","modified_gmt":"2026-08-31T19:03:24","slug":"vw-gewerkschaft-will-gegen-kahlschlag-kaempfen","status":"publish","type":"post","link":"https:\/\/meiser-tv.de\/en\/politik\/vw-gewerkschaft-will-gegen-kahlschlag-kaempfen\/","title":{"rendered":"VW: Gewerkschaft will gegen Kahlschlag k\u00e4mpfen"},"content":{"rendered":"<div>\n<p>In Hannover fand heute die letzte einer Reihe von Betriebsversammlungen in deutschen VW-Werken statt. Die Konzernleitung reagiert auf die Krise mit Sparma\u00dfnahmen\u00a0\u2013 die wom\u00f6glich das Ende mehrerer deutscher VW-Werke bedeuten. Die Besch\u00e4ftigtenvertreter k\u00fcndigen Widerstand an.<\/p>\n<p>Der Volkswagen-Konzern ist von der tiefen Krise der deutschen Automobilbauer st\u00e4rker getroffen als seine Konkurrenz. Allein in diesem Jahr ist der Aktienkurs aufgrund der schlechten Ergebnisse um 30 Prozent gefallen. Im Verlauf der letzten f\u00fcnf Jahre waren es sogar \u00fcber 60 Prozent, verglichen mit etwa 25 Prozent bei Daimler-Benz und BMW. Schon im Fr\u00fchjahr war die Rede von der Streichung von 50.000 Stellen; mittlerweile sollen es deutlich mehr werden.<\/p>\n<p>Aber der Konzernvorstand konnte sich bisher im Aufsichtsrat nicht durchsetzen. Die Besch\u00e4ftigtenvertreter und die Vertreter des Landes Niedersachsen, das Anteile an VW h\u00e4lt, waren sich in ihrer Ablehnung einig und beriefen sich dabei auch auf eine geltende Betriebsvereinbarung, die betriebsbedingte K\u00fcndigungen bis 2030 ausschlie\u00dft.<\/p>\n<p>Die Anteile des Bundeslandes Niedersachsen beruhen auf der Geschichte des VW-Konzerns, woran Thorsten Gr\u00f6ger, Bezirkschef der IG Metall, gerade erst wieder erinnerte: &#8222;Volkswagen wurde mit dem Verm\u00f6gen aufgebaut, das die Nationalsozialisten den Gewerkschaften verbrecherisch geraubt hatten. Wer diese Geschichte kennt, sollte sich seiner besonderen Verantwortung gegen\u00fcber den Besch\u00e4ftigten bewusst sein.&#8220;<\/p>\n<p>Der Vorstand, so Gr\u00f6ger, arbeite mit der Abrissbirne, und wolle Standorte &#8222;f\u00fcr immer von der VW-Landkarte verschwinden&#8220; lassen. Die dem Nutzfahrzeugwerk in Hannover vom Vorstand vorgeworfene schlechte Auslastung sei unter anderem eine Folge dessen, dass der VW-Transporter bereits seit 2024 in der T\u00fcrkei produziert werde. Auch die Werke in Emden und Zwickau sind bedroht, und in Osnabr\u00fcck sollen R\u00fcstungsg\u00fcter die Automobilproduktion ersetzen.<\/p>\n<p>Mittlerweile gibt es bereits Spekulationen, der VW-Vorstand k\u00f6nne seine Sparpl\u00e4ne auf dem Weg einer au\u00dferordentlichen Hauptversammlung am Aufsichtsrat vorbei beschlie\u00dfen lassen. Gr\u00f6ger erkl\u00e4rte dazu, er halte das &#8222;f\u00fcr einen unglaublichen Vorgang&#8220;.<\/p>\n<p>Auch auf den Betriebsversammlungen erhielten die Besch\u00e4ftigten keine genaueren Informationen dar\u00fcber, was der Vorstand nun tats\u00e4chlich vorhat. Klar ist nur, von den zus\u00e4tzlich geplanten weiteren 50.000 Stellenstreichungen soll die H\u00e4lfte auf Deutschland entfallen.<\/p>\n<p>Finanzvorstand Arno Antlitz, der sich in Hannover der Belegschaft stellte, erkl\u00e4rte: &#8222;Aufgrund der gro\u00dfen Kostenunterschiede zu anderen europ\u00e4ischen Werken haben wir\u00a0\u2013 aus heutiger Sicht\u00a0\u2013 f\u00fcr vier deutsche Standorte keine wirtschaftliche Nachbelegung, wenn die aktuellen Produkte Anfang der 30er Jahre auslaufen.&#8220;<\/p>\n<p>Neben den US-Z\u00f6llen, die Exporte in die USA deutlich verteuern, und dem Wegbrechen des einst bedeutenden Absatzmarkts China, der inzwischen von dortigen Fabrikaten beherrscht wird, und dem EU-Zwang hin zu Elektrofahrzeugen, die f\u00fcr die klassischen VW-K\u00e4ufer zu teuer sind, spielt nat\u00fcrlich in der Krise der Automobilproduktion noch ein weiteres Thema eine Rolle, das ungern erw\u00e4hnt wird: die hohen Energiekosten in Deutschland.<\/p>\n<p>Die Vorstandsvertreter wurden heute in Hannover mit Pfiffen und Buhrufen empfangen. Am Freitag wird es die n\u00e4chste Sitzung des Aufsichtsrats geben, in der die Auseinandersetzung um die Sparpl\u00e4ne fortgesetzt wird. Bis Jahresende gilt f\u00fcr die Gewerkschaft noch eine Friedenspflicht. Aber dann d\u00fcrften auch Warnstreiks beginnen. Sollte die Besch\u00e4ftigungsgarantie bis 2030 nicht eingehalten werden, k\u00fcndigte Gr\u00f6ger deutliche Reaktionen an: &#8222;Wenn der Vorstand diese Vereinbarung heute wieder infrage stellen will, dann wird der Werkboden an allen Standorten brennen.&#8220;<\/p>\n<p><strong>Mehr zum Thema<\/strong> \u2014\u00a0<a target=\"_blank\" rel=\"noopener noreferrer\" href=\"https:\/\/de-rtnews.com\/inland\/288891-chinesische-autos-erobern-europa-vw\/\">Chinesische Autos erobern Europa \u2013 VW ruft nach Sonderz\u00f6llen<\/a><\/p>\n<div class=\"EmbedBlock-root EmbedBlock-externalVideo EmbedBlock-rumble\">\n<div class=\"VkEmbed\"><iframe class=\"lazyload\" data-src=\"https:\/\/rumble.com\/embed\/v7cin0c\" frameborder=\"0\" width=\"853\" height=\"480\" allowfullscreen><\/iframe><\/div>\n<\/p><\/div>\n<\/p>\n<\/div>","protected":false},"excerpt":{"rendered":"<p>In Hannover fand heute die letzte einer Reihe von Betriebsversammlungen in deutschen VW-Werken statt. Die Konzernleitung reagiert auf die Krise mit Sparma\u00dfnahmen\u00a0\u2013 die wom\u00f6glich das Ende mehrerer deutscher VW-Werke bedeuten. Die Besch\u00e4ftigtenvertreter k\u00fcndigen Widerstand an. Der Volkswagen-Konzern ist von der tiefen Krise der deutschen Automobilbauer st\u00e4rker getroffen als seine Konkurrenz. Allein in diesem Jahr ist [&hellip;]<\/p>\n","protected":false},"author":1,"featured_media":4846,"comment_status":"closed","ping_status":"closed","sticky":false,"template":"","format":"standard","meta":{"_gspb_post_css":"","_uag_custom_page_level_css":"","fifu_image_url":"","fifu_image_alt":"","footnotes":""},"categories":[5],"tags":[],"class_list":["post-20316","post","type-post","status-publish","format-standard","has-post-thumbnail","hentry","category-politik"],"blocksy_meta":{"styles_descriptor":{"styles":{"desktop":"","tablet":"","mobile":""},"google_fonts":[],"version":7}},"uagb_featured_image_src":{"full":["https:\/\/mleexelnfod5.i.optimole.com\/w:auto\/h:auto\/q:mauto\/f:best\/https:\/\/i2.wp.com\/meiser-tv.de\/wp-content\/uploads\/2026\/05\/RSS-Hintergrund.jpg?w=1920&fit=1920,1080&ssl=1",1920,1080,true],"thumbnail":["https:\/\/mleexelnfod5.i.optimole.com\/w:auto\/h:auto\/q:mauto\/f:best\/https:\/\/i2.wp.com\/meiser-tv.de\/wp-content\/uploads\/2026\/05\/RSS-Hintergrund.jpg?w=150&resize=150,150&ssl=1",150,150,true],"medium":["https:\/\/mleexelnfod5.i.optimole.com\/w:auto\/h:auto\/q:mauto\/f:best\/https:\/\/i2.wp.com\/meiser-tv.de\/wp-content\/uploads\/2026\/05\/RSS-Hintergrund.jpg?w=300&fit=300,300&ssl=1",300,300,true],"medium_large":["https:\/\/mleexelnfod5.i.optimole.com\/w:auto\/h:auto\/q:mauto\/f:best\/https:\/\/i2.wp.com\/meiser-tv.de\/wp-content\/uploads\/2026\/05\/RSS-Hintergrund.jpg?w=768&resize=768,0&ssl=1",768,0,true],"large":["https:\/\/mleexelnfod5.i.optimole.com\/w:auto\/h:auto\/q:mauto\/f:best\/https:\/\/i2.wp.com\/meiser-tv.de\/wp-content\/uploads\/2026\/05\/RSS-Hintergrund.jpg?w=1024&fit=1024,1024&ssl=1",1024,1024,true],"1536x1536":["https:\/\/mleexelnfod5.i.optimole.com\/w:auto\/h:auto\/q:mauto\/f:best\/https:\/\/i2.wp.com\/meiser-tv.de\/wp-content\/uploads\/2026\/05\/RSS-Hintergrund.jpg?w=1536&fit=1536,1536&ssl=1",1536,1536,true],"2048x2048":["https:\/\/mleexelnfod5.i.optimole.com\/w:auto\/h:auto\/q:mauto\/f:best\/https:\/\/i2.wp.com\/meiser-tv.de\/wp-content\/uploads\/2026\/05\/RSS-Hintergrund.jpg?w=2048&fit=2048,2048&ssl=1",2048,2048,true],"trp-custom-language-flag":["https:\/\/mleexelnfod5.i.optimole.com\/w:auto\/h:auto\/q:mauto\/f:best\/https:\/\/i2.wp.com\/meiser-tv.de\/wp-content\/uploads\/2026\/05\/RSS-Hintergrund.jpg?w=18&fit=18,12&ssl=1",18,12,true]},"uagb_author_info":{"display_name":"admin","author_link":"https:\/\/meiser-tv.de\/en\/author\/admin\/"},"uagb_comment_info":0,"uagb_excerpt":"In Hannover fand heute die letzte einer Reihe von Betriebsversammlungen in deutschen VW-Werken statt. Die Konzernleitung reagiert auf die Krise mit Sparma\u00dfnahmen\u00a0\u2013 die wom\u00f6glich das Ende mehrerer deutscher VW-Werke bedeuten. Die Besch\u00e4ftigtenvertreter k\u00fcndigen Widerstand an. Der Volkswagen-Konzern ist von der tiefen Krise der deutschen Automobilbauer st\u00e4rker getroffen als seine Konkurrenz. Allein in diesem Jahr ist&hellip;","_links":{"self":[{"href":"https:\/\/meiser-tv.de\/en\/wp-json\/wp\/v2\/posts\/20316","targetHints":{"allow":["GET"]}}],"collection":[{"href":"https:\/\/meiser-tv.de\/en\/wp-json\/wp\/v2\/posts"}],"about":[{"href":"https:\/\/meiser-tv.de\/en\/wp-json\/wp\/v2\/types\/post"}],"author":[{"embeddable":true,"href":"https:\/\/meiser-tv.de\/en\/wp-json\/wp\/v2\/users\/1"}],"replies":[{"embeddable":true,"href":"https:\/\/meiser-tv.de\/en\/wp-json\/wp\/v2\/comments?post=20316"}],"version-history":[{"count":0,"href":"https:\/\/meiser-tv.de\/en\/wp-json\/wp\/v2\/posts\/20316\/revisions"}],"wp:featuredmedia":[{"embeddable":true,"href":"https:\/\/meiser-tv.de\/en\/wp-json\/wp\/v2\/media\/4846"}],"wp:attachment":[{"href":"https:\/\/meiser-tv.de\/en\/wp-json\/wp\/v2\/media?parent=20316"}],"wp:term":[{"taxonomy":"category","embeddable":true,"href":"https:\/\/meiser-tv.de\/en\/wp-json\/wp\/v2\/categories?post=20316"},{"taxonomy":"post_tag","embeddable":true,"href":"https:\/\/meiser-tv.de\/en\/wp-json\/wp\/v2\/tags?post=20316"}],"curies":[{"name":"wp","href":"https:\/\/api.w.org\/{rel}","templated":true}]}}