{"id":20333,"date":"2026-09-01T08:03:51","date_gmt":"2026-09-01T06:03:51","guid":{"rendered":"https:\/\/meiser-tv.de\/politik\/ich-bin-im-russischsprachigen-kiew-geboren-ukrainische-saengerin-gegen-sprachdiskriminierung\/"},"modified":"2026-09-01T08:03:51","modified_gmt":"2026-09-01T06:03:51","slug":"ich-bin-im-russischsprachigen-kiew-geboren-ukrainische-saengerin-gegen-sprachdiskriminierung","status":"publish","type":"post","link":"https:\/\/meiser-tv.de\/en\/politik\/ich-bin-im-russischsprachigen-kiew-geboren-ukrainische-saengerin-gegen-sprachdiskriminierung\/","title":{"rendered":"&#8222;Ich bin im russischsprachigen Kiew geboren&#8220;: Ukrainische S\u00e4ngerin gegen Sprachdiskriminierung"},"content":{"rendered":"<div>\n<p>Die ukrainische S\u00e4ngerin Nastja Kamenskich hat sich gegen die Diskriminierung von Menschen aufgrund der von ihnen gesprochenen Sprache ausgesprochen. Zugleich erkl\u00e4rte sie, sie unterst\u00fctze nicht mehr, was derzeit in der Ukraine geschehe. Anlass f\u00fcr ihre Stellungnahme war eine Petition gegen ihren fr\u00fcheren Duo-Partner Alexei Potapenko, bekannt als Potap, wegen dessen Verwendung der russischen Sprache.<\/p>\n<p>Kamenskich und Potap, die mit ihrem Duo &#8222;Potap und Nastja&#8220; auch in Russland gro\u00dfe Bekanntheit erlangt haben, hatten wenige Tage zuvor in den sozialen Netzwerken ein ironisches Video ver\u00f6ffentlicht. Darin entschuldigten sie sich scherzhaft daf\u00fcr, Russisch zu sprechen und zu singen.<\/p>\n<p><em>&#8222;Gott, verzeih uns bitte, dass wir Russisch sprechen. Wir haben v\u00f6llig vergessen, dass es so etwas wie Freiheit gibt.&#8220;<\/em><\/p>\n<p>Das Video l\u00f6ste in der Ukraine Kritik aus. Am 28. August wurde auf der Webseite des ukrainischen Pr\u00e4sidenten Wladimir Selenskij eine Petition registriert, in der gefordert wird, Potapenko den Titel &#8222;Verdienter K\u00fcnstler der Ukraine&#8220; abzuerkennen. Zur Begr\u00fcndung wird ihm vorgeworfen, die ukrainische Sprache und Kultur \u00f6ffentlich zu missachten und die Verwendung des Russischen zu f\u00f6rdern.<\/p>\n<p>Damit sich der ukrainische Pr\u00e4sident\u00a0mit dieser\u00a0Petition befasst, sind 25.000 Unterschriften erforderlich. Zum Zeitpunkt der ersten Berichte hatten bereits mehr als 5.000 Menschen unterschrieben. Die gesetzliche Frist f\u00fcr die Sammlung der erforderlichen Stimmen betr\u00e4gt 90 Tage.<\/p>\n<p>Potap reagierte ironisch auf die Forderung. Er erkl\u00e4rte, er sei bereit, freiwillig auf den Titel &#8222;Verdienter K\u00fcnstler&#8220; zu verzichten, wenn dies tats\u00e4chlich jemandem helfe. Gleichzeitig schlug er vor, ihm stattdessen den Titel &#8222;Volksk\u00fcnstler&#8220; zu verleihen. Die Anerkennung durch das Publikum h\u00e4nge schlie\u00dflich nicht von einem staatlichen Titel ab, so Potap.<\/p>\n<p>Daraufhin meldete sich Kamenskich ebenfalls ausf\u00fchrlich zu Wort. In einem Video erkl\u00e4rte die S\u00e4ngerin, dass sie die Ver\u00f6ffentlichung lange hinausgez\u00f6gert habe, da sie Dinge, die f\u00fcr sie selbstverst\u00e4ndlich seien, nicht aussprechen wolle. Nun sehe sie jedoch, dass es Fragen zu ihrer Haltung gebe, die sie beantworten wolle.<em><br \/><\/em><\/p>\n<p><em>&#8222;Ich unterst\u00fctze nicht mehr, was in der Ukraine passiert. Ich m\u00f6chte keinen &#8218;Hurra-Patriotismus&#8216; vorspielen, eine traditionelle bestickte Bluse tragen und von &#8217;starken, unbeugsamen Menschen&#8216; sprechen. Ich will, dass diese Menschen nicht sterben.&#8220;<\/em><\/p>\n<p>Anschlie\u00dfend erkl\u00e4rte sie, warum sie weiterhin Russisch spreche:<\/p>\n<p><em>&#8222;Warum spreche ich Russisch? Weil ich es seit meiner Kindheit spreche. Ich bin im russischsprachigen Kiew geboren und aufgewachsen.&#8220;<\/em><\/p>\n<p>Kamenskich betonte, dass jeder Mensch selbst entscheiden sollte, in welcher Sprache er kommuniziert. Eine Diskriminierung aufgrund der Sprache sei f\u00fcr sie mit einer Diskriminierung aufgrund der Hautfarbe vergleichbar. Die Sprache, die ein Mensch spreche, bestimme weder seine pers\u00f6nlichen Eigenschaften noch seinen Wert.<\/p>\n<p>Zugleich verwies die S\u00e4ngerin auf ihre Aktivit\u00e4ten seit Beginn des Ukraine-Konflikts. Nach eigenen Angaben waren sie und Potap seit 2022 mit Benefizkonzerten weltweit unterwegs und sammelten dabei Millionen Dollar f\u00fcr die Ukraine. Damals habe sie vollst\u00e4ndig auf Ukrainisch umgestellt. Ihre grunds\u00e4tzliche Unterst\u00fctzung der Ukraine habe sich dadurch nicht ge\u00e4ndert, ihre Haltung zu den derzeitigen Vorg\u00e4ngen im Land habe indes eine Ver\u00e4nderung erfahren.<\/p>\n<p>Kamenskich und Potap geh\u00f6rten \u00fcber Jahre zu den bekanntesten ukrainischen Musikduos. Nach 2022 verlie\u00dfen sie die Ukraine und lebten zun\u00e4chst in Spanien, sp\u00e4ter hielten sie sich in den USA auf. Inzwischen treten sie nicht mehr als Ehepaar auf. Ihre musikalische Zusammenarbeit besteht jedoch unabh\u00e4ngig davon fort.<\/p>\n<p>Der Streit um die russische Sprache steht vor dem Hintergrund der ukrainischen Sprachpolitik. So verabschiedete die Werchowna Rada 2019 das Gesetz &#8222;\u00dcber die Gew\u00e4hrleistung der Funktionsweise der ukrainischen Sprache als Staatssprache&#8220;, das die Verwendung des Ukrainischen in zahlreichen Bereichen des \u00f6ffentlichen Lebens vorschreibt.<\/p>\n<p>In den vergangenen Jahren kam es wiederholt zu Konflikten wegen der Verwendung des Russischen. So erkl\u00e4rte der Vertreter des ukrainischen Sprachbeauftragten, Igor Spiridonow, Mitte August, dass gegen eine Mitarbeiterin einer Hochschule in Kiew ein Protokoll wegen einer Ordnungswidrigkeit erstellt worden sei. Anlass war ein Telefongespr\u00e4ch, in dem sie Russisch gesprochen hatte.<\/p>\n<p>Auch andere ukrainische K\u00fcnstler haben sich zuletzt kritisch zu den Entwicklungen im Land ge\u00e4u\u00dfert. So erkl\u00e4rte die S\u00e4ngerin Olja Poljakowa Mitte August, die Ukraine gleiche wegen der Mobilisierung und der Angst der Bev\u00f6lkerung vor den Mitarbeitern der Einberufungsbeh\u00f6rden einem &#8222;Konzentrationslager&#8220;. Ihre \u00c4u\u00dferungen l\u00f6sten eine breite Diskussion aus.<\/p>\n<p><strong>Mehr zum Thema\u00a0<\/strong>\u2013<strong>\u00a0<\/strong><a target=\"_blank\" rel=\"noopener noreferrer\" href=\"https:\/\/de-rtnews.com\/europa\/263822-ukrainisches-parlament-verabschiedet-neues-gesetz\/\">Ukrainisches Parlament verabschiedet neues Gesetz gegen russische Sprache<\/a><\/p>\n<div class=\"EmbedBlock-root EmbedBlock-externalVideo EmbedBlock-rumble\">\n<div class=\"VkEmbed\"><iframe class=\"lazyload\" data-src=\"https:\/\/rumble.com\/embed\/v7bubw6\" frameborder=\"0\" width=\"853\" height=\"480\" allowfullscreen><\/iframe><\/div>\n<\/p><\/div>\n<\/div>","protected":false},"excerpt":{"rendered":"<p>Die ukrainische S\u00e4ngerin Nastja Kamenskich hat sich gegen die Diskriminierung von Menschen aufgrund der von ihnen gesprochenen Sprache ausgesprochen. Zugleich erkl\u00e4rte sie, sie unterst\u00fctze nicht mehr, was derzeit in der Ukraine geschehe. Anlass f\u00fcr ihre Stellungnahme war eine Petition gegen ihren fr\u00fcheren Duo-Partner Alexei Potapenko, bekannt als Potap, wegen dessen Verwendung der russischen Sprache. Kamenskich [&hellip;]<\/p>\n","protected":false},"author":1,"featured_media":4846,"comment_status":"closed","ping_status":"closed","sticky":false,"template":"","format":"standard","meta":{"_gspb_post_css":"","_uag_custom_page_level_css":"","fifu_image_url":"","fifu_image_alt":"","footnotes":""},"categories":[5],"tags":[],"class_list":["post-20333","post","type-post","status-publish","format-standard","has-post-thumbnail","hentry","category-politik"],"blocksy_meta":{"styles_descriptor":{"styles":{"desktop":"","tablet":"","mobile":""},"google_fonts":[],"version":8}},"uagb_featured_image_src":{"full":["https:\/\/mleexelnfod5.i.optimole.com\/w:auto\/h:auto\/q:mauto\/f:best\/https:\/\/i2.wp.com\/meiser-tv.de\/wp-content\/uploads\/2026\/05\/RSS-Hintergrund.jpg?w=1920&fit=1920,1080&ssl=1",1920,1080,true],"thumbnail":["https:\/\/mleexelnfod5.i.optimole.com\/w:auto\/h:auto\/q:mauto\/f:best\/https:\/\/i2.wp.com\/meiser-tv.de\/wp-content\/uploads\/2026\/05\/RSS-Hintergrund.jpg?w=150&resize=150,150&ssl=1",150,150,true],"medium":["https:\/\/mleexelnfod5.i.optimole.com\/w:auto\/h:auto\/q:mauto\/f:best\/https:\/\/i2.wp.com\/meiser-tv.de\/wp-content\/uploads\/2026\/05\/RSS-Hintergrund.jpg?w=300&fit=300,300&ssl=1",300,300,true],"medium_large":["https:\/\/mleexelnfod5.i.optimole.com\/w:auto\/h:auto\/q:mauto\/f:best\/https:\/\/i2.wp.com\/meiser-tv.de\/wp-content\/uploads\/2026\/05\/RSS-Hintergrund.jpg?w=768&resize=768,0&ssl=1",768,0,true],"large":["https:\/\/mleexelnfod5.i.optimole.com\/w:auto\/h:auto\/q:mauto\/f:best\/https:\/\/i2.wp.com\/meiser-tv.de\/wp-content\/uploads\/2026\/05\/RSS-Hintergrund.jpg?w=1024&fit=1024,1024&ssl=1",1024,1024,true],"1536x1536":["https:\/\/mleexelnfod5.i.optimole.com\/w:auto\/h:auto\/q:mauto\/f:best\/https:\/\/i2.wp.com\/meiser-tv.de\/wp-content\/uploads\/2026\/05\/RSS-Hintergrund.jpg?w=1536&fit=1536,1536&ssl=1",1536,1536,true],"2048x2048":["https:\/\/mleexelnfod5.i.optimole.com\/w:auto\/h:auto\/q:mauto\/f:best\/https:\/\/i2.wp.com\/meiser-tv.de\/wp-content\/uploads\/2026\/05\/RSS-Hintergrund.jpg?w=2048&fit=2048,2048&ssl=1",2048,2048,true],"trp-custom-language-flag":["https:\/\/mleexelnfod5.i.optimole.com\/w:auto\/h:auto\/q:mauto\/f:best\/https:\/\/i2.wp.com\/meiser-tv.de\/wp-content\/uploads\/2026\/05\/RSS-Hintergrund.jpg?w=18&fit=18,12&ssl=1",18,12,true]},"uagb_author_info":{"display_name":"admin","author_link":"https:\/\/meiser-tv.de\/en\/author\/admin\/"},"uagb_comment_info":0,"uagb_excerpt":"Die ukrainische S\u00e4ngerin Nastja Kamenskich hat sich gegen die Diskriminierung von Menschen aufgrund der von ihnen gesprochenen Sprache ausgesprochen. Zugleich erkl\u00e4rte sie, sie unterst\u00fctze nicht mehr, was derzeit in der Ukraine geschehe. Anlass f\u00fcr ihre Stellungnahme war eine Petition gegen ihren fr\u00fcheren Duo-Partner Alexei Potapenko, bekannt als Potap, wegen dessen Verwendung der russischen Sprache. Kamenskich&hellip;","_links":{"self":[{"href":"https:\/\/meiser-tv.de\/en\/wp-json\/wp\/v2\/posts\/20333","targetHints":{"allow":["GET"]}}],"collection":[{"href":"https:\/\/meiser-tv.de\/en\/wp-json\/wp\/v2\/posts"}],"about":[{"href":"https:\/\/meiser-tv.de\/en\/wp-json\/wp\/v2\/types\/post"}],"author":[{"embeddable":true,"href":"https:\/\/meiser-tv.de\/en\/wp-json\/wp\/v2\/users\/1"}],"replies":[{"embeddable":true,"href":"https:\/\/meiser-tv.de\/en\/wp-json\/wp\/v2\/comments?post=20333"}],"version-history":[{"count":0,"href":"https:\/\/meiser-tv.de\/en\/wp-json\/wp\/v2\/posts\/20333\/revisions"}],"wp:featuredmedia":[{"embeddable":true,"href":"https:\/\/meiser-tv.de\/en\/wp-json\/wp\/v2\/media\/4846"}],"wp:attachment":[{"href":"https:\/\/meiser-tv.de\/en\/wp-json\/wp\/v2\/media?parent=20333"}],"wp:term":[{"taxonomy":"category","embeddable":true,"href":"https:\/\/meiser-tv.de\/en\/wp-json\/wp\/v2\/categories?post=20333"},{"taxonomy":"post_tag","embeddable":true,"href":"https:\/\/meiser-tv.de\/en\/wp-json\/wp\/v2\/tags?post=20333"}],"curies":[{"name":"wp","href":"https:\/\/api.w.org\/{rel}","templated":true}]}}