{"id":20338,"date":"2026-09-01T08:03:57","date_gmt":"2026-09-01T06:03:57","guid":{"rendered":"https:\/\/meiser-tv.de\/uncategorized\/nach-meta-vergleich-nutzen-eu-und-co-den-schutz-der-kinder-als-tueroeffner-fuer-digitale-alterskontrollen\/"},"modified":"2026-09-01T08:03:57","modified_gmt":"2026-09-01T06:03:57","slug":"nach-meta-vergleich-nutzen-eu-und-co-den-schutz-der-kinder-als-tueroeffner-fuer-digitale-alterskontrollen","status":"publish","type":"post","link":"https:\/\/meiser-tv.de\/en\/uncategorized\/nach-meta-vergleich-nutzen-eu-und-co-den-schutz-der-kinder-als-tueroeffner-fuer-digitale-alterskontrollen\/","title":{"rendered":"Nach Meta-Vergleich nutzen EU und Co. den \u201eSchutz der Kinder\u201c als T\u00fcr\u00f6ffner f\u00fcr digitale Alterskontrollen"},"content":{"rendered":"<div>\n<p class=\"wp-block-paragraph\">Erst die Kinder, dann alle? Wie \u201eKinderschutz\u201c zum T\u00fcr\u00f6ffner f\u00fcr die digitale Alterskontrolle wird<\/p>\n<p class=\"wp-block-paragraph\">Kaum war der milliardenschwere Vergleich zwischen Meta und zahlreichen US-Bundesstaaten geschlossen, meldeten sich Regierungen und Institutionen auf der anderen Seite des Atlantiks zu Wort. Gro\u00dfbritannien will vergleichbare Regeln, die EU-Kommission verlangt mindestens denselben Schutz f\u00fcr europ\u00e4ische Kinder, und selbst der UN-Hochkommissar f\u00fcr Menschenrechte nutzt den Fall, um weltweite Ma\u00dfnahmen gegen die sch\u00e4dlichen Auswirkungen sozialer Medien auf Minderj\u00e4hrige zu fordern.<\/p>\n<p class=\"wp-block-paragraph\">Der Schutz von Kindern ist dabei das Argument, gegen das kaum jemand widersprechen m\u00f6chte. Doch hinter der Debatte \u00fcber Bildschirmzeiten, n\u00e4chtliche Sperren und s\u00fcchtig machende Algorithmen entsteht eine Infrastruktur, deren Bedeutung weit \u00fcber Kinder hinausreichen k\u00f6nnte: Wer Kinder aus bestimmten Bereichen des Internets aussperren will, muss zun\u00e4chst wissen, wer ein Kind ist. Und damit muss irgendwann auch der Erwachsene beweisen k\u00f6nnen, dass er keines ist.<\/p>\n<p class=\"wp-block-paragraph\">Genau darauf macht Reclaim The Net <a href=\"https:\/\/reclaimthenet.org\/meta-settlement-ignites-global-child-safety-digital-id-push\" data-type=\"link\" data-id=\"https:\/\/reclaimthenet.org\/meta-settlement-ignites-global-child-safety-digital-id-push\" target=\"_blank\" rel=\"noopener\">aufmerksam<\/a>. Der Meta-Vergleich ist kaum beschlossen, und schon wird er international als Modell pr\u00e4sentiert. In Gro\u00dfbritannien erkl\u00e4rte Arbeits- und Rentenminister Pat McFadden, man wolle nicht, dass amerikanische Jugendliche besser gesch\u00fctzt seien als britische. Die Regierung plant ohnehin, soziale Medien f\u00fcr Unter-16-J\u00e4hrige einzuschr\u00e4nken und f\u00fcr \u00e4ltere Jugendliche n\u00e4chtliche Sperrzeiten einzuf\u00fchren. Die logische Voraussetzung daf\u00fcr lautet: Die Plattform muss das Alter des Nutzers kennen.<\/p>\n<p class=\"wp-block-paragraph\">Auch Br\u00fcssel reagierte bemerkenswert schnell. EU-Kommissionssprecher Thomas Regnier best\u00e4tigte nach dem US-Vergleich Gespr\u00e4che mit Meta. Man erwarte ein angemessenes Management der Bildschirmzeit und geeignete elterliche Kontrollm\u00f6glichkeiten. Meta solle entsprechende Verpflichtungen auch in Europa anbieten, damit Kinder in der EU \u201emindestens\u201c denselben Schutz erhielten wie in den USA. Die Kommission best\u00e4tigt selbst, dass seit Bekanntwerden des Vergleichs weitere Gespr\u00e4che mit Meta stattgefunden haben. (<a href=\"https:\/\/audiovisual.ec.europa.eu\/en\/media\/video\/I-293567\" target=\"_blank\" rel=\"noopener\">audiovisual.ec.europa.eu<\/a>)<\/p>\n<p class=\"wp-block-paragraph\">Das klingt zun\u00e4chst vern\u00fcnftig. Niemand bestreitet ernsthaft, dass Kinder vor Suchtmechanismen, Grooming, Gewalt, Pornografie oder anderen problematischen Inhalten gesch\u00fctzt werden sollten.<\/p>\n<p class=\"wp-block-paragraph\">Doch eine andere Frage wird dabei auffallend selten gestellt: <strong>Seit wann ist es Aufgabe von Regierungen, supranationalen Institutionen und Technologieunternehmen, die digitale Erziehung von Kindern immer weiter an sich zu ziehen?<\/strong><\/p>\n<p class=\"wp-block-paragraph\">Kinder haben Eltern und Erziehungsberechtigte. Sie entscheiden, wann ein Kind sein erstes Smartphone erh\u00e4lt, welche Apps darauf installiert werden, ob Instagram oder TikTok benutzt werden d\u00fcrfen und ob das Telefon nachts im Kinderzimmer liegt. Moderne Betriebssysteme bieten l\u00e4ngst Bildschirmzeitbegrenzungen, Jugendschutzfilter, App-Freigaben und Familienkonten.<\/p>\n<p class=\"wp-block-paragraph\">Nat\u00fcrlich gibt es Eltern, die damit \u00fcberfordert sind oder ihrer Verantwortung nicht gerecht werden. Daraus folgt aber nicht automatisch, dass Millionen Erwachsene eine technische Alterskontroll-Infrastruktur akzeptieren m\u00fcssen.<\/p>\n<p class=\"wp-block-paragraph\">Genau hier liegt der politische Sprengstoff dieser Entwicklung.<\/p>\n<p class=\"wp-block-paragraph\">Denn ein digitales System kann nicht einfach \u201enur Kinder\u201c kontrollieren. Es muss Kinder von Erwachsenen unterscheiden. Wenn der Zugang zu einem Dienst erst ab 16 oder 18 Jahren erlaubt ist, muss der Nutzer nachweisen k\u00f6nnen, auf welcher Seite dieser Grenze er steht.<\/p>\n<p class=\"wp-block-paragraph\">Damit wird aus Kinderschutz Altersverifikation. Und aus fl\u00e4chendeckender Altersverifikation kann sehr schnell eine digitale Identit\u00e4tsinfrastruktur werden. Die EU muss diese Infrastruktur nicht einmal mehr entwickeln. Sie ist bereits dabei, sie auszurollen.<\/p>\n<p class=\"wp-block-paragraph\">Die Europ\u00e4ische Kommission erkl\u00e4rte im April, ihre europ\u00e4ische App zur Altersverifikation sei technisch bereit. Nutzer sollen sie beispielsweise mit Reisepass oder Personalausweis einrichten k\u00f6nnen. Anschlie\u00dfend soll gegen\u00fcber einem Onlinedienst lediglich best\u00e4tigt werden, dass eine bestimmte Altersgrenze erreicht wurde, ohne Name oder genaues Alter weiterzugeben. Mehrere Mitgliedstaaten planen nach Angaben der Kommission bereits, diese Technik in ihre nationalen digitalen Identit\u00e4ts-Wallets zu integrieren.<\/p>\n<p class=\"wp-block-paragraph\">Das ist ein entscheidender Punkt: <strong>Die Infrastruktur existierte bereits vor dem Meta-Vergleich. Was jetzt hinzukommt, ist ein weiterer politischer Grund, sie breit einzusetzen.<\/strong><\/p>\n<p class=\"wp-block-paragraph\">Der Meta-Vergleich f\u00e4llt damit auf einen Boden, der l\u00e4ngst vorbereitet wurde.<\/p>\n<p class=\"wp-block-paragraph\">Und pl\u00f6tzlich passt alles zusammen: Schutz vor sozialen Medien, Schutz vor Pornografie, Schutz vor s\u00fcchtig machenden Plattformen, Schutz vor gef\u00e4hrlichen Inhalten. F\u00fcr jedes Problem l\u00e4sst sich ein nachvollziehbarer Grund nennen, warum ein Anbieter wissen sollte, ob vor dem Bildschirm ein Kind oder ein Erwachsener sitzt.<\/p>\n<p class=\"wp-block-paragraph\">Das Ergebnis bleibt jedoch dasselbe: <strong>Der anonyme Zugang zum Internet wird St\u00fcck f\u00fcr St\u00fcck durch einen Zugang ersetzt, bei dem zun\u00e4chst eine Berechtigung nachgewiesen werden muss.<\/strong><\/p>\n<p class=\"wp-block-paragraph\"><strong>Alle haben pl\u00f6tzlich denselben kaum angreifbaren Grund: Wir m\u00fcssen die Kinder sch\u00fctzen.<\/strong><\/p>\n<\/div>","protected":false},"excerpt":{"rendered":"<p>Erst die Kinder, dann alle? Wie \u201eKinderschutz\u201c zum T\u00fcr\u00f6ffner f\u00fcr die digitale Alterskontrolle wird Kaum war der milliardenschwere Vergleich zwischen Meta und zahlreichen US-Bundesstaaten geschlossen, meldeten sich Regierungen und Institutionen auf der anderen Seite des Atlantiks zu Wort. Gro\u00dfbritannien will vergleichbare Regeln, die EU-Kommission verlangt mindestens denselben Schutz f\u00fcr europ\u00e4ische Kinder, und selbst der UN-Hochkommissar [&hellip;]<\/p>\n","protected":false},"author":1,"featured_media":4846,"comment_status":"closed","ping_status":"closed","sticky":false,"template":"","format":"standard","meta":{"_gspb_post_css":"","_uag_custom_page_level_css":"","fifu_image_url":"","fifu_image_alt":"","footnotes":""},"categories":[1],"tags":[],"class_list":["post-20338","post","type-post","status-publish","format-standard","has-post-thumbnail","hentry","category-uncategorized"],"blocksy_meta":{"styles_descriptor":{"styles":{"desktop":"","tablet":"","mobile":""},"google_fonts":[],"version":7}},"uagb_featured_image_src":{"full":["https:\/\/mleexelnfod5.i.optimole.com\/w:auto\/h:auto\/q:mauto\/f:best\/https:\/\/i2.wp.com\/meiser-tv.de\/wp-content\/uploads\/2026\/05\/RSS-Hintergrund.jpg?w=1920&fit=1920,1080&ssl=1",1920,1080,true],"thumbnail":["https:\/\/mleexelnfod5.i.optimole.com\/w:auto\/h:auto\/q:mauto\/f:best\/https:\/\/i2.wp.com\/meiser-tv.de\/wp-content\/uploads\/2026\/05\/RSS-Hintergrund.jpg?w=150&resize=150,150&ssl=1",150,150,true],"medium":["https:\/\/mleexelnfod5.i.optimole.com\/w:auto\/h:auto\/q:mauto\/f:best\/https:\/\/i2.wp.com\/meiser-tv.de\/wp-content\/uploads\/2026\/05\/RSS-Hintergrund.jpg?w=300&fit=300,300&ssl=1",300,300,true],"medium_large":["https:\/\/mleexelnfod5.i.optimole.com\/w:auto\/h:auto\/q:mauto\/f:best\/https:\/\/i2.wp.com\/meiser-tv.de\/wp-content\/uploads\/2026\/05\/RSS-Hintergrund.jpg?w=768&resize=768,0&ssl=1",768,0,true],"large":["https:\/\/mleexelnfod5.i.optimole.com\/w:auto\/h:auto\/q:mauto\/f:best\/https:\/\/i2.wp.com\/meiser-tv.de\/wp-content\/uploads\/2026\/05\/RSS-Hintergrund.jpg?w=1024&fit=1024,1024&ssl=1",1024,1024,true],"1536x1536":["https:\/\/mleexelnfod5.i.optimole.com\/w:auto\/h:auto\/q:mauto\/f:best\/https:\/\/i2.wp.com\/meiser-tv.de\/wp-content\/uploads\/2026\/05\/RSS-Hintergrund.jpg?w=1536&fit=1536,1536&ssl=1",1536,1536,true],"2048x2048":["https:\/\/mleexelnfod5.i.optimole.com\/w:auto\/h:auto\/q:mauto\/f:best\/https:\/\/i2.wp.com\/meiser-tv.de\/wp-content\/uploads\/2026\/05\/RSS-Hintergrund.jpg?w=2048&fit=2048,2048&ssl=1",2048,2048,true],"trp-custom-language-flag":["https:\/\/mleexelnfod5.i.optimole.com\/w:auto\/h:auto\/q:mauto\/f:best\/https:\/\/i2.wp.com\/meiser-tv.de\/wp-content\/uploads\/2026\/05\/RSS-Hintergrund.jpg?w=18&fit=18,12&ssl=1",18,12,true]},"uagb_author_info":{"display_name":"admin","author_link":"https:\/\/meiser-tv.de\/en\/author\/admin\/"},"uagb_comment_info":0,"uagb_excerpt":"Erst die Kinder, dann alle? Wie \u201eKinderschutz\u201c zum T\u00fcr\u00f6ffner f\u00fcr die digitale Alterskontrolle wird Kaum war der milliardenschwere Vergleich zwischen Meta und zahlreichen US-Bundesstaaten geschlossen, meldeten sich Regierungen und Institutionen auf der anderen Seite des Atlantiks zu Wort. Gro\u00dfbritannien will vergleichbare Regeln, die EU-Kommission verlangt mindestens denselben Schutz f\u00fcr europ\u00e4ische Kinder, und selbst der UN-Hochkommissar&hellip;","_links":{"self":[{"href":"https:\/\/meiser-tv.de\/en\/wp-json\/wp\/v2\/posts\/20338","targetHints":{"allow":["GET"]}}],"collection":[{"href":"https:\/\/meiser-tv.de\/en\/wp-json\/wp\/v2\/posts"}],"about":[{"href":"https:\/\/meiser-tv.de\/en\/wp-json\/wp\/v2\/types\/post"}],"author":[{"embeddable":true,"href":"https:\/\/meiser-tv.de\/en\/wp-json\/wp\/v2\/users\/1"}],"replies":[{"embeddable":true,"href":"https:\/\/meiser-tv.de\/en\/wp-json\/wp\/v2\/comments?post=20338"}],"version-history":[{"count":0,"href":"https:\/\/meiser-tv.de\/en\/wp-json\/wp\/v2\/posts\/20338\/revisions"}],"wp:featuredmedia":[{"embeddable":true,"href":"https:\/\/meiser-tv.de\/en\/wp-json\/wp\/v2\/media\/4846"}],"wp:attachment":[{"href":"https:\/\/meiser-tv.de\/en\/wp-json\/wp\/v2\/media?parent=20338"}],"wp:term":[{"taxonomy":"category","embeddable":true,"href":"https:\/\/meiser-tv.de\/en\/wp-json\/wp\/v2\/categories?post=20338"},{"taxonomy":"post_tag","embeddable":true,"href":"https:\/\/meiser-tv.de\/en\/wp-json\/wp\/v2\/tags?post=20338"}],"curies":[{"name":"wp","href":"https:\/\/api.w.org\/{rel}","templated":true}]}}