{"id":20385,"date":"2026-09-01T12:02:21","date_gmt":"2026-09-01T10:02:21","guid":{"rendered":"https:\/\/meiser-tv.de\/medienkritik\/im-gespraech-christian-knoche\/"},"modified":"2026-09-01T12:02:21","modified_gmt":"2026-09-01T10:02:21","slug":"im-gespraech-christian-knoche","status":"publish","type":"post","link":"https:\/\/meiser-tv.de\/en\/medienkritik\/im-gespraech-christian-knoche\/","title":{"rendered":"Im Gespr\u00e4ch: Christian Knoche | Allgemeine Impfpflicht durch die Hintert\u00fcr?"},"content":{"rendered":"<div><!--kg-card-begin: html--><br \/>\n<iframe title=\"Im Gespr\u00e4ch: Christian Knoche | Allgemeine Impfpflicht durch die Hintert\u00fcr?\" width=\"560\" height=\"418\" src=\"https:\/\/tube4.apolut.net\/videos\/embed\/tNbEwsdyCqCgKuUr97kfz2\" allow=\"fullscreen\" sandbox=\"allow-same-origin allow-scripts allow-popups allow-forms\" style=\"border-radius: 8px\"><\/iframe><br \/>\n<!--kg-card-end: html--><\/p>\n<div class=\"kg-card kg-audio-card\"><audio src=\"https:\/\/apolut.net\/content\/media\/2026\/08\/im-gespraech-christian-knoche-apolut.mp3\" preload=\"metadata\" controls><\/audio><\/div>\n<p>Der Rechtsanwalt Dr. Christian Knoche leistet ehrenamtliche Arbeit bei den &#8222;Anw\u00e4lten f\u00fcr Aufkl\u00e4rung e.V.&#8220; Im Rahmen seiner Recherchen stie\u00df er auf das Reservest\u00e4rkungsgesetz. Ein Entwurf einer Gesetzes\u00e4nderung, die sich vorgeblich ausschlie\u00dflich auf eine Umstrukturierung der Bundeswehr bezieht.<\/p>\n<p>Herr Dr. Knoche bef\u00fcrchtet aber, dass \u00fcber dieses Gesetz eine allgemeine Impfpflicht \u00fcber gro\u00dfe Teile der Bev\u00f6lkerung durch die Hintert\u00fcr ausgerollt werden soll.<\/p>\n<p>Welche Teile der B\u00fcrger betroffen sind und worum es hier genau geht, erfragte Markus Fiedler im Interview.<\/p>\n<p><strong>Erl\u00e4uterungen:<\/strong><\/p>\n<p>Paragraph 17a des <a target=\"_blank\" rel=\"noopener noreferrer\" href=\"https:\/\/www.gesetze-im-internet.de\/sg\/__17a.html?ref=apolut.net\">Soldatengesetzes (SG)<\/a> regelt die Pflicht von Soldaten zur Gesunderhaltung sowie deren Duldungspflichten bei \u00e4rztlichen Ma\u00dfnahmen. Soldaten m\u00fcssen alles tun, um ihre Gesundheit zu wahren, und d\u00fcrfen diese nicht absichtlich sch\u00e4digen. Bestimmte medizinische Eingriffe, wie Impfungen, m\u00fcssen sie gegen ihren Willen dulden.<\/p>\n<\/div>","protected":false},"excerpt":{"rendered":"<div>Der Rechtsanwalt Dr. Christian Knoche leistet ehrenamtliche Arbeit bei den &#8222;Anw\u00e4lten f\u00fcr Aufkl\u00e4rung e.V.&#8220; Im Rahmen seiner Recherchen stie\u00df er auf das Reservest\u00e4rkungsgesetz. Ein Entwurf einer Gesetzes\u00e4nderung, die sich vorgeblich ausschlie\u00dflich auf eine Umstrukturierung der Bundeswehr bezieht.<\/div>","protected":false},"author":1,"featured_media":20386,"comment_status":"closed","ping_status":"closed","sticky":false,"template":"","format":"standard","meta":{"_gspb_post_css":"","_uag_custom_page_level_css":"","fifu_image_url":"","fifu_image_alt":"","footnotes":""},"categories":[17],"tags":[],"class_list":["post-20385","post","type-post","status-publish","format-standard","has-post-thumbnail","hentry","category-medienkritik"],"blocksy_meta":{"styles_descriptor":{"styles":{"desktop":"","tablet":"","mobile":""},"google_fonts":[],"version":7}},"uagb_featured_image_src":{"full":["https:\/\/mleexelnfod5.i.optimole.com\/w:auto\/h:auto\/q:mauto\/f:best\/https:\/\/meiser-tv.de\/wp-content\/uploads\/2026\/09\/knocheclean.jpg",1920,1080,false],"thumbnail":["https:\/\/mleexelnfod5.i.optimole.com\/w:150\/h:150\/q:mauto\/rt:fill\/g:ce\/f:best\/https:\/\/meiser-tv.de\/wp-content\/uploads\/2026\/09\/knocheclean.jpg",150,150,true],"medium":["https:\/\/mleexelnfod5.i.optimole.com\/w:300\/h:169\/q:mauto\/f:best\/https:\/\/meiser-tv.de\/wp-content\/uploads\/2026\/09\/knocheclean.jpg",300,169,true],"medium_large":["https:\/\/mleexelnfod5.i.optimole.com\/w:768\/h:432\/q:mauto\/f:best\/https:\/\/meiser-tv.de\/wp-content\/uploads\/2026\/09\/knocheclean.jpg",768,432,true],"large":["https:\/\/mleexelnfod5.i.optimole.com\/w:1024\/h:576\/q:mauto\/f:best\/https:\/\/meiser-tv.de\/wp-content\/uploads\/2026\/09\/knocheclean.jpg",1024,576,true],"1536x1536":["https:\/\/mleexelnfod5.i.optimole.com\/w:1536\/h:864\/q:mauto\/f:best\/https:\/\/meiser-tv.de\/wp-content\/uploads\/2026\/09\/knocheclean.jpg",1536,864,true],"2048x2048":["https:\/\/mleexelnfod5.i.optimole.com\/w:auto\/h:auto\/q:mauto\/f:best\/https:\/\/meiser-tv.de\/wp-content\/uploads\/2026\/09\/knocheclean.jpg",1920,1080,false],"trp-custom-language-flag":["https:\/\/mleexelnfod5.i.optimole.com\/w:18\/h:10\/q:mauto\/f:best\/dpr:2\/https:\/\/meiser-tv.de\/wp-content\/uploads\/2026\/09\/knocheclean.jpg",18,10,true]},"uagb_author_info":{"display_name":"admin","author_link":"https:\/\/meiser-tv.de\/en\/author\/admin\/"},"uagb_comment_info":0,"uagb_excerpt":"Der Rechtsanwalt Dr. Christian Knoche leistet ehrenamtliche Arbeit bei den \"Anw\u00e4lten f\u00fcr Aufkl\u00e4rung e.V.\" Im Rahmen seiner Recherchen stie\u00df er auf das Reservest\u00e4rkungsgesetz. Ein Entwurf einer Gesetzes\u00e4nderung, die sich vorgeblich ausschlie\u00dflich auf eine Umstrukturierung der Bundeswehr bezieht.","_links":{"self":[{"href":"https:\/\/meiser-tv.de\/en\/wp-json\/wp\/v2\/posts\/20385","targetHints":{"allow":["GET"]}}],"collection":[{"href":"https:\/\/meiser-tv.de\/en\/wp-json\/wp\/v2\/posts"}],"about":[{"href":"https:\/\/meiser-tv.de\/en\/wp-json\/wp\/v2\/types\/post"}],"author":[{"embeddable":true,"href":"https:\/\/meiser-tv.de\/en\/wp-json\/wp\/v2\/users\/1"}],"replies":[{"embeddable":true,"href":"https:\/\/meiser-tv.de\/en\/wp-json\/wp\/v2\/comments?post=20385"}],"version-history":[{"count":0,"href":"https:\/\/meiser-tv.de\/en\/wp-json\/wp\/v2\/posts\/20385\/revisions"}],"wp:featuredmedia":[{"embeddable":true,"href":"https:\/\/meiser-tv.de\/en\/wp-json\/wp\/v2\/media\/20386"}],"wp:attachment":[{"href":"https:\/\/meiser-tv.de\/en\/wp-json\/wp\/v2\/media?parent=20385"}],"wp:term":[{"taxonomy":"category","embeddable":true,"href":"https:\/\/meiser-tv.de\/en\/wp-json\/wp\/v2\/categories?post=20385"},{"taxonomy":"post_tag","embeddable":true,"href":"https:\/\/meiser-tv.de\/en\/wp-json\/wp\/v2\/tags?post=20385"}],"curies":[{"name":"wp","href":"https:\/\/api.w.org\/{rel}","templated":true}]}}