{"id":20390,"date":"2026-09-01T12:03:12","date_gmt":"2026-09-01T10:03:12","guid":{"rendered":"https:\/\/meiser-tv.de\/politik\/landtagswahl-in-sachsen-anhalt-der-schock-den-deutschland-braucht\/"},"modified":"2026-09-01T12:03:12","modified_gmt":"2026-09-01T10:03:12","slug":"landtagswahl-in-sachsen-anhalt-der-schock-den-deutschland-braucht","status":"publish","type":"post","link":"https:\/\/meiser-tv.de\/en\/politik\/landtagswahl-in-sachsen-anhalt-der-schock-den-deutschland-braucht\/","title":{"rendered":"Landtagswahl in Sachsen-Anhalt: Der Schock, den Deutschland braucht"},"content":{"rendered":"<div>\n<p><em>Von Alexej Danckwardt<\/em><\/p>\n<p>Am kommenden Sonntag ist es so weit: In gewisser Weise entscheidet die anstehende Landtagswahl in Sachsen-Anhalt \u00fcber das Schicksal Deutschlands, Europas, Russlands und der Welt. Sie entscheidet \u00fcber Leben oder Tod von Millionen und Abermillionen von Menschen, die in einem Dritten Weltkrieg sterben werden \u2013 oder eben nicht.<\/p>\n<p>Derartige Aussagen klangen vielleicht vor zw\u00f6lf Jahren weit hergeholt, als ich zum ersten Mal warnte, dass die Ausbreitung der NATO in die Ukraine, den weichen Unterbauch Russlands, uns zwangsl\u00e4ufig <a href=\"https:\/\/de-rtnews.com\/meinung\/283935-feind-will-revanche-ueber-vorbereitung\/\" target=\"_blank\" rel=\"noopener noreferrer\">in den Dritten Weltkrieg<\/a> f\u00fchrt. Nur dem, der nachdachte, leuchtete es schon damals ein. Einerseits, weil dieses sture Streben wider alle Warnungen aus Moskau denklogisch gar nicht anders zu verstehen ist, als die Vorbereitung eines neuen Eroberungskrieges gegen das Riesenland und eines Vernichtungskrieges gegen sein Volk. Andererseits weil Russland es sich unter keinem Pr\u00e4sidenten, auch wenn er Gorbatschow oder Jelzin hie\u00dfe, leisten kann,\u00a0in eine strategische Situation gedr\u00e4ngt zu werden, in der es auch mit Atomwaffen <a href=\"https:\/\/de-rtnews.com\/meinung\/173604-wagner-marsch-auf-moskau-zeigt\/\" target=\"_blank\" rel=\"noopener noreferrer\">nicht mehr zu verteidigen<\/a> ist. Selbst dann nicht, wenn Europ\u00e4er friedliebende Eliten h\u00e4tten, die nie, niemals zuvor versucht h\u00e4tten, Russland zu \u00fcberfallen und zu vernichten.<\/p>\n<p>Doch heute, wo es jeder europ\u00e4ische Politspatz von jedem Talkshowdach <a href=\"https:\/\/de-rtnews.com\/inland\/160681-ex-brigadegeneral-erich-vad-warnt-vor-dritten-weltkrieg\/\" target=\"_blank\" rel=\"noopener noreferrer\">pfeift<\/a>, wo konkrete Jahreszahlen genannt werden, wo Kriegsvorbereitungen allenthalben sichtbar sind, welchen Grund gibt es noch, Kassandra f\u00fcr verr\u00fcckt zu erkl\u00e4ren? Es ist bereits Nacht \u00fcber Troja und die Danaer kriechen aus ihrem Versteck.<\/p>\n<p>Deutschland spielt bei alldem eine Schl\u00fcsselrolle. Als gr\u00f6\u00dftes Land Europas und das drittgr\u00f6\u00dfte Land (nach den USA und der T\u00fcrkei) der NATO. Als derjenige, der die kollektivwestliche Verschw\u00f6rung brechen und Br\u00fccken der Vernunft nach Russland bauen k\u00f6nnte. Deutsche k\u00f6nnen den schlimmsten und wahrscheinlich letzten Krieg verhindern \u2013 nach zwei Weltkriegen sind sie es sich selbst und der Menschheit schuldig.<\/p>\n<p>Doch seit zw\u00f6lf Jahren \u00e4ndert sich nichts in der festgefahrenen deutschen Politik, egal welche der etablierten Parteien gerade die Oberhand hat. Nicht einmal in Kleinigkeiten revidiert man offensichtliche Fehler: ob bei der Kriminalit\u00e4t illegaler Migranten, ob bei COVID, ob bei den sinnlosesten und <a href=\"https:\/\/de-rtnews.com\/europa\/248898-folgen-eu-verkehrsblockade-foltergleiche-zustaende\/\" target=\"_blank\" rel=\"noopener noreferrer\">wegen offensichtlicher Ungeeignetheit unverh\u00e4ltnism\u00e4\u00dfigsten<\/a> unter den Russland-Sanktionen. Keine einzige der vielen falschen Aussagen wird zur\u00fcckgenommen, f\u00fcr nichts wird sich entschuldigt, nichts auf seine Sachdienlichkeit \u00fcberpr\u00fcft.<\/p>\n<p>Die deutsche politische Kaste, die das Land in Beschlag genommen und die Demokratie (&#8222;Unsere Demokratie&#8220;) usurpiert hat, ist \u00fcberzeugt, sich kein Fehlereingest\u00e4ndnis leisten zu k\u00f6nnen. Inzwischen ist so viel passiert, dass sie damit vielleicht sogar Recht hat. Lieber opfert sie Millionen Menschenleben, als dass sie zur\u00fccktritt und als Privatier weiterlebt. Dieses <a href=\"https:\/\/de-rtnews.com\/meinung\/272462-welt-am-abgrund-deutschland-zerrissen-zeit-zur-vernunft-zu-kommen\/\" target=\"_blank\" rel=\"noopener noreferrer\">Angebot<\/a>\u00a0wurde ihr schon oft gemacht: Amnestie f\u00fcr alle Seiten, Hauptsache wir fangen zu bremsen an, so knapp vor dem Abgrund. Doch die &#8222;Politelite&#8220; kennt nicht nur den R\u00fcckw\u00e4rtsgang nicht, sie hat auch vom Bremspedal nie geh\u00f6rt. Sie klammert sich ans Steuer und dr\u00fcckt immer tiefer aufs Gas. Eskalation folgt auf Eskalation folgt auf Eskalation.<\/p>\n<p>Was kann uns da noch retten? Nur ein Schockereignis, das die im Fahrersitz aus der Starre und alle anderen aus ihrem Wachkoma rei\u00dft. Es muss das geschehen, wovor sie panische Angst haben.\u00a0<\/p>\n<p>Warum die da oben angesichts von Umfragewerten der AfD von fast 30 Prozent im Bund und \u00fcber 40 Prozent in einigen Bundesl\u00e4ndern in Panik sind, verstehe ich voll und ganz. Nicht so umfassend ist mein Verst\u00e4ndnis f\u00fcr die Angst einiger auf der R\u00fcckbank. Tief durchatmen und nachdenken, bitte!<\/p>\n<p>Erstens: Die AfD ist <strong>nicht<\/strong> die NSDAP. Der Vergleich ist allein schon deshalb widerlich, weil er die Verbrechen des deutschen Faschismus relativiert. Noch vor zehn Jahren (und solange es nicht um die AfD geht, auch heute noch) h\u00e4tte man f\u00fcr Derartiges einen Shitstorm am Hals, der sich gewaschen hat, und ein Parteiausschlussverfahren. Seit wann ist es bitte zul\u00e4ssig, das historisch Einmalige des Hitlerfaschismus durch diese Vergleiche wei\u00dfzuwaschen? Nichts in Programmatik oder den \u00c4u\u00dferungen der AfD rechtfertigt die Gleichsetzung.<\/p>\n<p>Aber was wundert das st\u00e4ndige Hyperventilieren der selbsternannten &#8222;Antifaschisten&#8220;? Wer keine Ordnung im Kopf hat, l\u00e4sst auch die Kirche nicht im Dorf, um ein christliches Sprichwort auf Atheisten zu m\u00fcnzen.<\/p>\n<p>Selbst nach den schlimmsten Bef\u00fcrchtungen ist die AfD nicht genozidal: Illegal Eingewanderte aus dem Land zu weisen, ist kein Genozid, es war noch vor 30 Jahren Gesetz und Mainstream. Gesetz ist es immer noch.<\/p>\n<p>Die AfD will keine Juden t\u00f6ten \u2013 sie ist dar\u00fcber hinaus nicht minder proisraelisch als Gr\u00fcne, SPD und die Union. Proisraelischer als Die Linke ist sie allemal.<\/p>\n<p>Und: Die AfD ist neben dem BSW und den leider vorerst chancenlosen Kommunisten die einzige deutsche Partei, in der bislang nur ein <a href=\"https:\/\/de-rtnews.com\/meinung\/250772-nach-kampfeinsatz-als-soeldner-fuer-ukraine-tim-schramm-afd-droht-parteiausschluss\/\" target=\"_blank\" rel=\"noopener noreferrer\">Ukraine-Fanatiker<\/a> \u00f6ffentlich aufgetreten ist, der Russen t\u00f6ten will \u2013 Fragen deshalb und wegen <a href=\"https:\/\/de-rtnews.com\/meinung\/256110-warum-unterstuetzte-afd-parteivorsitzende-weidel\/\" target=\"_blank\" rel=\"noopener noreferrer\">anderer Sachen<\/a> bleiben. In allen anderen Bundestagsparteien zuz\u00fcglich FDP, selbst in der Linken, wimmelt es nur so von Russenhassern. Ebenso ist die AfD die einzige deutsche Partei (au\u00dfer BSW und Kommunisten), die einen Krieg gegen Russland und das mit deutschem Geld finanzierte ukrainische Abschlachten russischer Zivilisten\u00a0konsequent ablehnt. Verbal und bislang, diese Einschr\u00e4nkung muss man machen.<\/p>\n<p>Zweitens, selbst wenn man der Meinung ist, mit dem Aufstieg der AfD wiederhole sich der Aufstieg der NSDAP, welchen Unterschied macht das bitte, wenn die &#8222;Weimarer Parteien&#8220; selbst den &#8222;Plan Barbarossa&#8220; l\u00e4ngst auf dem Tisch liegen und seine Umsetzung beschlossen haben? Dass sie Juden nicht vernichten? Will auch die AfD nicht, das ist Fakt. Dass sie keine KZs errichten? Wer sagt das? Kein heiliger Rechtsgrundsatz, den sie <a href=\"https:\/\/de-rtnews.com\/meinung\/190461-kiesewetter-generalbundesanwalt-raeuber-genieren-sich-nicht\/\" target=\"_blank\" rel=\"noopener noreferrer\">nicht bereits gebrochen<\/a> haben, kein Grundrecht, das sie nicht bereits <a href=\"https:\/\/de-rtnews.com\/meinung\/245540-kommentar-zu-sanktionen\/\" target=\"_blank\" rel=\"noopener noreferrer\">in seinem Kern angetastet<\/a> haben. Kein Zweifel: Wenn der Schutz &#8222;unserer Demokratie&#8220; es gebietet, kommen auch die KZs. Auch f\u00fcr euch, ihr da, links auf dem R\u00fccksitz!<\/p>\n<p>Drittens, die Wahl in Sachsen-Anhalt ist keine &#8222;Machtergreifung&#8220;. Es ist eine Landtagswahl. Landtag und &#8222;Landesvater&#8220; haben weder die rechtlichen Kompetenzen noch die tats\u00e4chlichen M\u00f6glichkeiten dazu, eine Diktatur zu errichten. Nicht einmal in Landesgrenzen, geschweige denn in ganz Deutschland. Sollte sich Ulrich Siegmund erdreisten, irgendwo zwischen Halle und Magdeburg ein KZ bauen zu lassen, r\u00fcckt die Bundeswehr ein und befreit die Inhaftierten, Artikel 37 Grundgesetz. Beschlie\u00dft der Landtag ein &#8222;Landesgesetz zur Wiederherstellung des Berufsbeamtentums&#8220;, wird bundesexekutiert, Artikel 91 Grundgesetz. Das Risiko h\u00e4lt sich in Grenzen.<\/p>\n<p>Ich habe auch den <a href=\"https:\/\/de-rtnews.com\/meinung\/289621-panikmacher-schattenkaempfer-millionenspenden-blaue-testlauf\/\" target=\"_blank\" rel=\"noopener noreferrer\">Artikel von Alexandra Nollok<\/a> gelesen. Was ihr widerfahren ist, offenbar von einem AfD-Anh\u00e4nger, ist widerlich. Eine &#8222;linke Sau&#8220; bin ich auch, es bleibt mein Selbstbekenntnis, auch wenn ich mir mit diesem Artikel im deutschen linken Lager keine Freunde mache und die letzten verliere. Aber halten wir zugleich fest: Die Zeiten bleiben vorerst so oder so rau und ruppig. Sollte die AfD verlieren, nicht minder. Die Gewalt wird nicht weniger, sie wird im Zweifel mehr, wenn man den Gang, den die Geschichte sich ausgesucht hat, mit aller Gewalt zu versperren versucht.<\/p>\n<p>Ich h\u00e4tte es lieber, wenn heute eine echte linke Friedenspartei in Umfragen bei 43 Prozent st\u00fcnde. Ich bin es nicht, der Die Linke gezwungen hat, jedes ihrer fr\u00fcheren Ideale zu verraten und zu zerrei\u00dfen, und als Systemopposition unglaubhaft zu werden.<\/p>\n<p>Ich bin gegen die faschistische Diktatur in Kiew aufgestanden, habe mein Renommee und meine berufliche Existenz daf\u00fcr eingesetzt und habe verloren \u2013 Die Linke lieb\u00e4ugelt mit der Hitlers Schergen ehrenden und Russen mordenden Ukraine. Ich stemmte mich mit all meiner schwachen Kraft gegen die Wiedergeburt des deutschen Imperialismus, Die Linke paktiert mit ihm der P\u00f6stchen, Mandate und des H\u00e4ndedrucks von Merz wegen. Zwischenfrage: Was hat\u00a0Jean-Luc M\u00e9lenchon <a href=\"https:\/\/de-rtnews.com\/meinung\/210965-frankreich-wird-republikanische-damm-le-pen%C3%B6-verhindern\/\" target=\"_blank\" rel=\"noopener noreferrer\">sein Taktieren<\/a>\u00a0und Paktieren mit Kriegstreibern eigentlich gebracht?<\/p>\n<p>Ich zog von einer Plattenbauwohnung in die n\u00e4chste, S\u00f6ren Pellmann zog aus Gr\u00fcnau in ein wokes Gr\u00fcnderzeitviertel (verloren hatte Die Linke <a href=\"https:\/\/de-rtnews.com\/meinung\/238312-schlag-nazi-sau-linke-ist-beim-unterschichtenbashing-angekommen\/\" target=\"_blank\" rel=\"noopener noreferrer\">die Proleten<\/a> in Leipzig-Gr\u00fcnau und Berlin-Marzahn allerdings schon zuvor). Ich zog schlie\u00dflich nach Moskau, Pellmann macht der AfD in Bundestags-Zwischenrufen ihre zaghaften Kontakte hierher zum Vorwurf.<\/p>\n<p>Und das BSW? Das BSW kam einfach zu sp\u00e4t und wird nun vom Leben bestraft f\u00fcr das Zusp\u00e4tkommen. Es war Sp\u00e4therbst 2015, als meine Gegner meine Losung &#8222;Spaltung (der Linken) jetzt!&#8220; auf die W\u00e4nde plakatierten \u2013 es sollte mich diskreditieren, ich aber danke f\u00fcr die Dokumentation. Das damals war der erfolgversprechende Zeitpunkt, die Sozialisten aus Gysis und Ramelows babylonischer Gefangenschaft herauszuf\u00fchren. Sahra hat <a href=\"https:\/\/de-rtnews.com\/meinung\/193310-grober-politischer-fehler-wagenknecht-truppe-gegen-friedensverhandlungen\/\" target=\"_blank\" rel=\"noopener noreferrer\">zu lange gez\u00f6gert<\/a> und seitdem <a href=\"https:\/\/de-rtnews.com\/meinung\/238196-willkuer-bei-deutschen-wahlen-oder-sahras-leiden\/\" target=\"_blank\" rel=\"noopener noreferrer\">zu viele Fehler<\/a> gemacht.<\/p>\n<p>Und so nimmt die Geschichte ihren Lauf, den Lauf, den wir selbst ihr als einzigen noch nicht verbaut haben. Ihr dieses Mal ihren Willen zu lassen, l\u00e4sst uns noch eine letzte Chance, den Letzten Weltkrieg zu verhindern. Eine andere sehe ich nach zw\u00f6lf Jahren vergeblichen Hoffens schlichtweg nicht.<\/p>\n<p>Ein Schock kann heilsam sein. Deutschland hat ihn dringend n\u00f6tig.<\/p>\n<p><strong>Mehr zum Thema<\/strong> \u2013\u00a0<a target=\"_blank\" rel=\"noopener noreferrer\" href=\"https:\/\/de-rtnews.com\/meinung\/290276-krieg-als-zukunft-deutschen-bekommen\/\">Krieg als Zukunft: Die Deutschen bekommen Wahlen ohne Wahl<\/a><\/p>\n<div class=\"EmbedBlock-root EmbedBlock-externalVideo EmbedBlock-rumble\">\n<div class=\"VkEmbed\"><iframe class=\"lazyload\" data-src=\"https:\/\/rumble.com\/embed\/v7cl4ai\" frameborder=\"0\" width=\"853\" height=\"480\" allowfullscreen><\/iframe><\/div>\n<\/p><\/div>\n<\/div>","protected":false},"excerpt":{"rendered":"<p>Von Alexej Danckwardt Am kommenden Sonntag ist es so weit: In gewisser Weise entscheidet die anstehende Landtagswahl in Sachsen-Anhalt \u00fcber das Schicksal Deutschlands, Europas, Russlands und der Welt. Sie entscheidet \u00fcber Leben oder Tod von Millionen und Abermillionen von Menschen, die in einem Dritten Weltkrieg sterben werden \u2013 oder eben nicht. Derartige Aussagen klangen vielleicht [&hellip;]<\/p>\n","protected":false},"author":1,"featured_media":4846,"comment_status":"closed","ping_status":"closed","sticky":false,"template":"","format":"standard","meta":{"_gspb_post_css":"","_uag_custom_page_level_css":"","fifu_image_url":"","fifu_image_alt":"","footnotes":""},"categories":[5],"tags":[],"class_list":["post-20390","post","type-post","status-publish","format-standard","has-post-thumbnail","hentry","category-politik"],"blocksy_meta":{"styles_descriptor":{"styles":{"desktop":"","tablet":"","mobile":""},"google_fonts":[],"version":7}},"uagb_featured_image_src":{"full":["https:\/\/mleexelnfod5.i.optimole.com\/w:auto\/h:auto\/q:mauto\/f:best\/https:\/\/i2.wp.com\/meiser-tv.de\/wp-content\/uploads\/2026\/05\/RSS-Hintergrund.jpg?w=1920&fit=1920,1080&ssl=1",1920,1080,true],"thumbnail":["https:\/\/mleexelnfod5.i.optimole.com\/w:auto\/h:auto\/q:mauto\/f:best\/https:\/\/i2.wp.com\/meiser-tv.de\/wp-content\/uploads\/2026\/05\/RSS-Hintergrund.jpg?w=150&resize=150,150&ssl=1",150,150,true],"medium":["https:\/\/mleexelnfod5.i.optimole.com\/w:auto\/h:auto\/q:mauto\/f:best\/https:\/\/i2.wp.com\/meiser-tv.de\/wp-content\/uploads\/2026\/05\/RSS-Hintergrund.jpg?w=300&fit=300,300&ssl=1",300,300,true],"medium_large":["https:\/\/mleexelnfod5.i.optimole.com\/w:auto\/h:auto\/q:mauto\/f:best\/https:\/\/i2.wp.com\/meiser-tv.de\/wp-content\/uploads\/2026\/05\/RSS-Hintergrund.jpg?w=768&resize=768,0&ssl=1",768,0,true],"large":["https:\/\/mleexelnfod5.i.optimole.com\/w:auto\/h:auto\/q:mauto\/f:best\/https:\/\/i2.wp.com\/meiser-tv.de\/wp-content\/uploads\/2026\/05\/RSS-Hintergrund.jpg?w=1024&fit=1024,1024&ssl=1",1024,1024,true],"1536x1536":["https:\/\/mleexelnfod5.i.optimole.com\/w:auto\/h:auto\/q:mauto\/f:best\/https:\/\/i2.wp.com\/meiser-tv.de\/wp-content\/uploads\/2026\/05\/RSS-Hintergrund.jpg?w=1536&fit=1536,1536&ssl=1",1536,1536,true],"2048x2048":["https:\/\/mleexelnfod5.i.optimole.com\/w:auto\/h:auto\/q:mauto\/f:best\/https:\/\/i2.wp.com\/meiser-tv.de\/wp-content\/uploads\/2026\/05\/RSS-Hintergrund.jpg?w=2048&fit=2048,2048&ssl=1",2048,2048,true],"trp-custom-language-flag":["https:\/\/mleexelnfod5.i.optimole.com\/w:auto\/h:auto\/q:mauto\/f:best\/https:\/\/i2.wp.com\/meiser-tv.de\/wp-content\/uploads\/2026\/05\/RSS-Hintergrund.jpg?w=18&fit=18,12&ssl=1",18,12,true]},"uagb_author_info":{"display_name":"admin","author_link":"https:\/\/meiser-tv.de\/en\/author\/admin\/"},"uagb_comment_info":0,"uagb_excerpt":"Von Alexej Danckwardt Am kommenden Sonntag ist es so weit: In gewisser Weise entscheidet die anstehende Landtagswahl in Sachsen-Anhalt \u00fcber das Schicksal Deutschlands, Europas, Russlands und der Welt. Sie entscheidet \u00fcber Leben oder Tod von Millionen und Abermillionen von Menschen, die in einem Dritten Weltkrieg sterben werden \u2013 oder eben nicht. Derartige Aussagen klangen vielleicht&hellip;","_links":{"self":[{"href":"https:\/\/meiser-tv.de\/en\/wp-json\/wp\/v2\/posts\/20390","targetHints":{"allow":["GET"]}}],"collection":[{"href":"https:\/\/meiser-tv.de\/en\/wp-json\/wp\/v2\/posts"}],"about":[{"href":"https:\/\/meiser-tv.de\/en\/wp-json\/wp\/v2\/types\/post"}],"author":[{"embeddable":true,"href":"https:\/\/meiser-tv.de\/en\/wp-json\/wp\/v2\/users\/1"}],"replies":[{"embeddable":true,"href":"https:\/\/meiser-tv.de\/en\/wp-json\/wp\/v2\/comments?post=20390"}],"version-history":[{"count":0,"href":"https:\/\/meiser-tv.de\/en\/wp-json\/wp\/v2\/posts\/20390\/revisions"}],"wp:featuredmedia":[{"embeddable":true,"href":"https:\/\/meiser-tv.de\/en\/wp-json\/wp\/v2\/media\/4846"}],"wp:attachment":[{"href":"https:\/\/meiser-tv.de\/en\/wp-json\/wp\/v2\/media?parent=20390"}],"wp:term":[{"taxonomy":"category","embeddable":true,"href":"https:\/\/meiser-tv.de\/en\/wp-json\/wp\/v2\/categories?post=20390"},{"taxonomy":"post_tag","embeddable":true,"href":"https:\/\/meiser-tv.de\/en\/wp-json\/wp\/v2\/tags?post=20390"}],"curies":[{"name":"wp","href":"https:\/\/api.w.org\/{rel}","templated":true}]}}