{"id":20393,"date":"2026-09-01T12:04:14","date_gmt":"2026-09-01T10:04:14","guid":{"rendered":"https:\/\/meiser-tv.de\/uncategorized\/deutsche-regierung-klimaluegen-auf-hoechster-ebene\/"},"modified":"2026-09-01T12:04:14","modified_gmt":"2026-09-01T10:04:14","slug":"deutsche-regierung-klimaluegen-auf-hoechster-ebene","status":"publish","type":"post","link":"https:\/\/meiser-tv.de\/en\/uncategorized\/deutsche-regierung-klimaluegen-auf-hoechster-ebene\/","title":{"rendered":"Deutsche Regierung: Klimal\u00fcgen auf h\u00f6chster Ebene"},"content":{"rendered":"<div>\n<p class=\"wp-block-paragraph\"><strong>Fred F. Mueller<\/strong><\/p>\n<p class=\"wp-block-paragraph\"><em>Braungebrannt nach \u00fcber drei Wochen Urlaub und standesgem\u00e4\u00df im Hubschrauber schwebte Bundeskanzler Merz nach dem L\u00f6schen des Waldbrandes in H\u00fcrtgenwald am 22. August im Schadensgebiet ein, vorgeblich vor allem, um den Helfern zu danken. Trotz Buhrufen, Hupkonzert und einem Pfeifkonzert von Anwohnern und Landwirten lie\u00df er sich nicht davon abbringen, die seiner Ansicht nach offenkundig wichtigste Botschaft zu verk\u00fcnden: Schuld an der Katastrophe sei der Mensch wegen des \u201eKlimawandels\u201c.<\/em><\/p>\n<p class=\"wp-block-paragraph\">\u201eWas hier passiert ist, das ist der Klimawandel\u201c diktierte der Kanzler in die Mikrofone der zahlreich erschienenen Medienvertreter, <strong>Bild 1 oben<\/strong>. Die Regierung werde alles tun, um den Klimawandel zur\u00fcckzudr\u00e4ngen. Mit Blick auf protestierende Anwohner, die sich gegen sein sp\u00e4tes Erscheinen wandten, meinte er dagegen, er lasse sich \u201evon denjenigen, die hier herumschreien, nicht beeindrucken. Ich spreche mit denen, die nicht schreien, sondern ich spreche mit denen, die arbeiten.\u201c Dass zu den Protestierern auch zahlreiche \u00f6rtliche Landwirte geh\u00f6rten, die zuvor tagelang mit ihren Traktoren Hilfe z.B. durch den Transport von gro\u00dfen Mengen L\u00f6schwasser geleistet hatten, ignorierte er. Ebenso wenig schien im klar zu sein, dass er<\/p>\n<\/div>","protected":false},"excerpt":{"rendered":"<p>Fred F. Mueller Braungebrannt nach \u00fcber drei Wochen Urlaub und standesgem\u00e4\u00df im Hubschrauber schwebte Bundeskanzler Merz nach dem L\u00f6schen des Waldbrandes in H\u00fcrtgenwald am 22. August im Schadensgebiet ein, vorgeblich vor allem, um den Helfern zu danken. Trotz Buhrufen, Hupkonzert und einem Pfeifkonzert von Anwohnern und Landwirten lie\u00df er sich nicht davon abbringen, die seiner [&hellip;]<\/p>\n","protected":false},"author":1,"featured_media":4846,"comment_status":"closed","ping_status":"closed","sticky":false,"template":"","format":"standard","meta":{"_gspb_post_css":"","_uag_custom_page_level_css":"","fifu_image_url":"","fifu_image_alt":"","footnotes":""},"categories":[1],"tags":[],"class_list":["post-20393","post","type-post","status-publish","format-standard","has-post-thumbnail","hentry","category-uncategorized"],"blocksy_meta":{"styles_descriptor":{"styles":{"desktop":"","tablet":"","mobile":""},"google_fonts":[],"version":7}},"uagb_featured_image_src":{"full":["https:\/\/mleexelnfod5.i.optimole.com\/w:auto\/h:auto\/q:mauto\/f:best\/https:\/\/i2.wp.com\/meiser-tv.de\/wp-content\/uploads\/2026\/05\/RSS-Hintergrund.jpg?w=1920&fit=1920,1080&ssl=1",1920,1080,true],"thumbnail":["https:\/\/mleexelnfod5.i.optimole.com\/w:auto\/h:auto\/q:mauto\/f:best\/https:\/\/i2.wp.com\/meiser-tv.de\/wp-content\/uploads\/2026\/05\/RSS-Hintergrund.jpg?w=150&resize=150,150&ssl=1",150,150,true],"medium":["https:\/\/mleexelnfod5.i.optimole.com\/w:auto\/h:auto\/q:mauto\/f:best\/https:\/\/i2.wp.com\/meiser-tv.de\/wp-content\/uploads\/2026\/05\/RSS-Hintergrund.jpg?w=300&fit=300,300&ssl=1",300,300,true],"medium_large":["https:\/\/mleexelnfod5.i.optimole.com\/w:auto\/h:auto\/q:mauto\/f:best\/https:\/\/i2.wp.com\/meiser-tv.de\/wp-content\/uploads\/2026\/05\/RSS-Hintergrund.jpg?w=768&resize=768,0&ssl=1",768,0,true],"large":["https:\/\/mleexelnfod5.i.optimole.com\/w:auto\/h:auto\/q:mauto\/f:best\/https:\/\/i2.wp.com\/meiser-tv.de\/wp-content\/uploads\/2026\/05\/RSS-Hintergrund.jpg?w=1024&fit=1024,1024&ssl=1",1024,1024,true],"1536x1536":["https:\/\/mleexelnfod5.i.optimole.com\/w:auto\/h:auto\/q:mauto\/f:best\/https:\/\/i2.wp.com\/meiser-tv.de\/wp-content\/uploads\/2026\/05\/RSS-Hintergrund.jpg?w=1536&fit=1536,1536&ssl=1",1536,1536,true],"2048x2048":["https:\/\/mleexelnfod5.i.optimole.com\/w:auto\/h:auto\/q:mauto\/f:best\/https:\/\/i2.wp.com\/meiser-tv.de\/wp-content\/uploads\/2026\/05\/RSS-Hintergrund.jpg?w=2048&fit=2048,2048&ssl=1",2048,2048,true],"trp-custom-language-flag":["https:\/\/mleexelnfod5.i.optimole.com\/w:auto\/h:auto\/q:mauto\/f:best\/https:\/\/i2.wp.com\/meiser-tv.de\/wp-content\/uploads\/2026\/05\/RSS-Hintergrund.jpg?w=18&fit=18,12&ssl=1",18,12,true]},"uagb_author_info":{"display_name":"admin","author_link":"https:\/\/meiser-tv.de\/en\/author\/admin\/"},"uagb_comment_info":0,"uagb_excerpt":"Fred F. Mueller Braungebrannt nach \u00fcber drei Wochen Urlaub und standesgem\u00e4\u00df im Hubschrauber schwebte Bundeskanzler Merz nach dem L\u00f6schen des Waldbrandes in H\u00fcrtgenwald am 22. August im Schadensgebiet ein, vorgeblich vor allem, um den Helfern zu danken. Trotz Buhrufen, Hupkonzert und einem Pfeifkonzert von Anwohnern und Landwirten lie\u00df er sich nicht davon abbringen, die seiner&hellip;","_links":{"self":[{"href":"https:\/\/meiser-tv.de\/en\/wp-json\/wp\/v2\/posts\/20393","targetHints":{"allow":["GET"]}}],"collection":[{"href":"https:\/\/meiser-tv.de\/en\/wp-json\/wp\/v2\/posts"}],"about":[{"href":"https:\/\/meiser-tv.de\/en\/wp-json\/wp\/v2\/types\/post"}],"author":[{"embeddable":true,"href":"https:\/\/meiser-tv.de\/en\/wp-json\/wp\/v2\/users\/1"}],"replies":[{"embeddable":true,"href":"https:\/\/meiser-tv.de\/en\/wp-json\/wp\/v2\/comments?post=20393"}],"version-history":[{"count":0,"href":"https:\/\/meiser-tv.de\/en\/wp-json\/wp\/v2\/posts\/20393\/revisions"}],"wp:featuredmedia":[{"embeddable":true,"href":"https:\/\/meiser-tv.de\/en\/wp-json\/wp\/v2\/media\/4846"}],"wp:attachment":[{"href":"https:\/\/meiser-tv.de\/en\/wp-json\/wp\/v2\/media?parent=20393"}],"wp:term":[{"taxonomy":"category","embeddable":true,"href":"https:\/\/meiser-tv.de\/en\/wp-json\/wp\/v2\/categories?post=20393"},{"taxonomy":"post_tag","embeddable":true,"href":"https:\/\/meiser-tv.de\/en\/wp-json\/wp\/v2\/tags?post=20393"}],"curies":[{"name":"wp","href":"https:\/\/api.w.org\/{rel}","templated":true}]}}