{"id":20400,"date":"2026-09-01T13:03:14","date_gmt":"2026-09-01T11:03:14","guid":{"rendered":"https:\/\/meiser-tv.de\/politik\/region-krasnojarsk-schuelerin-greift-lehrerin-am-ersten-schultag-mit-messer-an\/"},"modified":"2026-09-01T13:03:14","modified_gmt":"2026-09-01T11:03:14","slug":"region-krasnojarsk-schuelerin-greift-lehrerin-am-ersten-schultag-mit-messer-an","status":"publish","type":"post","link":"https:\/\/meiser-tv.de\/en\/politik\/region-krasnojarsk-schuelerin-greift-lehrerin-am-ersten-schultag-mit-messer-an\/","title":{"rendered":"Region Krasnojarsk: Sch\u00fclerin greift Lehrerin am ersten Schultag mit Messer an"},"content":{"rendered":"<div>\n<p>Am Dienstagmorgen hat eine Sch\u00fclerin eine Lehrerin w\u00e4hrend der Feierlichkeiten anl\u00e4sslich des neuen Schuljahres mit einem Messer angegriffen, wie das lokale Nachrichtenportal <em>NGS24<\/em> mitteilte. Der Vorfall ereignete sich in der Schule Nr. 2 in der Stadt Kansk in der russischen Region Krasnojarsk.\u00a0<\/p>\n<p>Das Interregionale Zentrum f\u00fcr Kinderrechte <a href=\"https:\/\/vk.ru\/wall277922887_5366\" target=\"_blank\" rel=\"noopener noreferrer\">berichtete<\/a> im sozialen Netzwerk Vkontakte, dass eine Siebtkl\u00e4sslerin eine Physiklehrerin mit Pfefferspray bespr\u00fcht habe. Danach habe das M\u00e4dchen versucht, die Lehrerin mit einem Messer anzugreifen. Die Mutter einer der Sch\u00fcler habe den Angriff jedoch verhindert und das M\u00e4dchen aus dem Klassenzimmer gedr\u00e4ngt. Augenzeugen zufolge versuchte die Sch\u00fclerin anschlie\u00dfend, einen Molotowcocktail zu werfen.<\/p>\n<div class=\"EmbedBlock-root EmbedBlock-all\">\n<div class=\"AllEmbed\">\n                                                <script async src=\"https:\/\/telegram.org\/js\/telegram-widget.js?24\" data-telegram-post=\"kras_breaking\/1798\" data-width=\"100%\"><\/script>\n                    <\/div>\n<\/p><\/div>\n<p>Der Telegram-Kanal <em>Baza<\/em>\u00a0<a href=\"https:\/\/t.me\/bazabazon\/48750\" target=\"_blank\" rel=\"noopener noreferrer\">berichtete<\/a>\u00a0unter Berufung auf Augenzeugen \u00fcber weitere Details zum Vorfall. Wie es hei\u00dft, habe sich das M\u00e4dchen vor dem Angriff seltsam verhalten \u2013 &#8222;ihre Pupillen waren geweitet, sie war nerv\u00f6s&#8220;. Die Sch\u00fclerin sei zur festlichen Schulversammlung am Morgen gekommen und habe etwa zwei Stunden in der Schule verbracht. Vor dem Unterricht habe sie sich in der Toilette eingeschlossen. Nach zehn Minuten sei sie bereits bewaffnet ins Klassenzimmer zur\u00fcckgekehrt und habe die Lehrerin angegriffen.<\/p>\n<p>Augenzeugen berichteten weiter, dass die Kinder trotz der Metalldetektoren am Schuleingang nicht kontrolliert worden seien. Laut Mitsch\u00fclern habe die Angreiferin zuvor keine ernsthaften Probleme in der Schule gehabt \u2013 sie sei lediglich wegen ihres Aussehens ermahnt und gebeten worden, sich dezenter zu kleiden und zu schminken.<\/p>\n<p>Der Pressedienst des Gesundheitsministeriums der Region Krasnojarsk teilte <em>NGS24<\/em> mit, dass sieben Personen durch den Einsatz von Pfefferspray verletzt worden seien. &#8222;Insgesamt sieben Verletzte wurden mit dem Krankenwagen in das regionale Krankenhaus in Kansk gebracht. Unter ihnen waren zwei Erwachsene und f\u00fcnf Kinder. Die Verletzten wurden untersucht, erhielten die notwendige medizinische Versorgung und werden ambulant behandelt&#8220;, so der Pressedienst.<\/p>\n<p><strong>Mehr zum Thema<\/strong> \u2013 <a target=\"_blank\" rel=\"noopener noreferrer\" href=\"https:\/\/de-rtnews.com\/inland\/289267-berlin-steigende-kinder-und-jugendgewalt\/\">Berlin: Steigende Kinder- und Jugendgewalt \u2013 Senat plant &#8222;Schulen f\u00fcr Erziehungshilfe&#8220;<\/a><\/p>\n<div class=\"EmbedBlock-root EmbedBlock-externalVideo EmbedBlock-rumble\">\n<div class=\"VkEmbed\"><iframe class=\"lazyload\" data-src=\"https:\/\/rumble.com\/embed\/v7bo0ha\" frameborder=\"0\" width=\"853\" height=\"480\" allowfullscreen><\/iframe><\/div>\n<\/p><\/div>\n<\/p>\n<\/div>","protected":false},"excerpt":{"rendered":"<p>Am Dienstagmorgen hat eine Sch\u00fclerin eine Lehrerin w\u00e4hrend der Feierlichkeiten anl\u00e4sslich des neuen Schuljahres mit einem Messer angegriffen, wie das lokale Nachrichtenportal NGS24 mitteilte. Der Vorfall ereignete sich in der Schule Nr. 2 in der Stadt Kansk in der russischen Region Krasnojarsk.\u00a0 Das Interregionale Zentrum f\u00fcr Kinderrechte berichtete im sozialen Netzwerk Vkontakte, dass eine Siebtkl\u00e4sslerin [&hellip;]<\/p>\n","protected":false},"author":1,"featured_media":4846,"comment_status":"closed","ping_status":"closed","sticky":false,"template":"","format":"standard","meta":{"_gspb_post_css":"","_uag_custom_page_level_css":"","fifu_image_url":"","fifu_image_alt":"","footnotes":""},"categories":[5],"tags":[],"class_list":["post-20400","post","type-post","status-publish","format-standard","has-post-thumbnail","hentry","category-politik"],"blocksy_meta":{"styles_descriptor":{"styles":{"desktop":"","tablet":"","mobile":""},"google_fonts":[],"version":7}},"uagb_featured_image_src":{"full":["https:\/\/mleexelnfod5.i.optimole.com\/w:auto\/h:auto\/q:mauto\/f:best\/https:\/\/i2.wp.com\/meiser-tv.de\/wp-content\/uploads\/2026\/05\/RSS-Hintergrund.jpg?w=1920&fit=1920,1080&ssl=1",1920,1080,true],"thumbnail":["https:\/\/mleexelnfod5.i.optimole.com\/w:auto\/h:auto\/q:mauto\/f:best\/https:\/\/i2.wp.com\/meiser-tv.de\/wp-content\/uploads\/2026\/05\/RSS-Hintergrund.jpg?w=150&resize=150,150&ssl=1",150,150,true],"medium":["https:\/\/mleexelnfod5.i.optimole.com\/w:auto\/h:auto\/q:mauto\/f:best\/https:\/\/i2.wp.com\/meiser-tv.de\/wp-content\/uploads\/2026\/05\/RSS-Hintergrund.jpg?w=300&fit=300,300&ssl=1",300,300,true],"medium_large":["https:\/\/mleexelnfod5.i.optimole.com\/w:auto\/h:auto\/q:mauto\/f:best\/https:\/\/i2.wp.com\/meiser-tv.de\/wp-content\/uploads\/2026\/05\/RSS-Hintergrund.jpg?w=768&resize=768,0&ssl=1",768,0,true],"large":["https:\/\/mleexelnfod5.i.optimole.com\/w:auto\/h:auto\/q:mauto\/f:best\/https:\/\/i2.wp.com\/meiser-tv.de\/wp-content\/uploads\/2026\/05\/RSS-Hintergrund.jpg?w=1024&fit=1024,1024&ssl=1",1024,1024,true],"1536x1536":["https:\/\/mleexelnfod5.i.optimole.com\/w:auto\/h:auto\/q:mauto\/f:best\/https:\/\/i2.wp.com\/meiser-tv.de\/wp-content\/uploads\/2026\/05\/RSS-Hintergrund.jpg?w=1536&fit=1536,1536&ssl=1",1536,1536,true],"2048x2048":["https:\/\/mleexelnfod5.i.optimole.com\/w:auto\/h:auto\/q:mauto\/f:best\/https:\/\/i2.wp.com\/meiser-tv.de\/wp-content\/uploads\/2026\/05\/RSS-Hintergrund.jpg?w=2048&fit=2048,2048&ssl=1",2048,2048,true],"trp-custom-language-flag":["https:\/\/mleexelnfod5.i.optimole.com\/w:auto\/h:auto\/q:mauto\/f:best\/https:\/\/i2.wp.com\/meiser-tv.de\/wp-content\/uploads\/2026\/05\/RSS-Hintergrund.jpg?w=18&fit=18,12&ssl=1",18,12,true]},"uagb_author_info":{"display_name":"admin","author_link":"https:\/\/meiser-tv.de\/en\/author\/admin\/"},"uagb_comment_info":0,"uagb_excerpt":"Am Dienstagmorgen hat eine Sch\u00fclerin eine Lehrerin w\u00e4hrend der Feierlichkeiten anl\u00e4sslich des neuen Schuljahres mit einem Messer angegriffen, wie das lokale Nachrichtenportal NGS24 mitteilte. Der Vorfall ereignete sich in der Schule Nr. 2 in der Stadt Kansk in der russischen Region Krasnojarsk.\u00a0 Das Interregionale Zentrum f\u00fcr Kinderrechte berichtete im sozialen Netzwerk Vkontakte, dass eine Siebtkl\u00e4sslerin&hellip;","_links":{"self":[{"href":"https:\/\/meiser-tv.de\/en\/wp-json\/wp\/v2\/posts\/20400","targetHints":{"allow":["GET"]}}],"collection":[{"href":"https:\/\/meiser-tv.de\/en\/wp-json\/wp\/v2\/posts"}],"about":[{"href":"https:\/\/meiser-tv.de\/en\/wp-json\/wp\/v2\/types\/post"}],"author":[{"embeddable":true,"href":"https:\/\/meiser-tv.de\/en\/wp-json\/wp\/v2\/users\/1"}],"replies":[{"embeddable":true,"href":"https:\/\/meiser-tv.de\/en\/wp-json\/wp\/v2\/comments?post=20400"}],"version-history":[{"count":0,"href":"https:\/\/meiser-tv.de\/en\/wp-json\/wp\/v2\/posts\/20400\/revisions"}],"wp:featuredmedia":[{"embeddable":true,"href":"https:\/\/meiser-tv.de\/en\/wp-json\/wp\/v2\/media\/4846"}],"wp:attachment":[{"href":"https:\/\/meiser-tv.de\/en\/wp-json\/wp\/v2\/media?parent=20400"}],"wp:term":[{"taxonomy":"category","embeddable":true,"href":"https:\/\/meiser-tv.de\/en\/wp-json\/wp\/v2\/categories?post=20400"},{"taxonomy":"post_tag","embeddable":true,"href":"https:\/\/meiser-tv.de\/en\/wp-json\/wp\/v2\/tags?post=20400"}],"curies":[{"name":"wp","href":"https:\/\/api.w.org\/{rel}","templated":true}]}}