{"id":20402,"date":"2026-09-01T13:03:15","date_gmt":"2026-09-01T11:03:15","guid":{"rendered":"https:\/\/meiser-tv.de\/politik\/medien-bundesregierung-will-russland-fuer-drohnen-vorfall-in-leipzig-verantwortlich-machen\/"},"modified":"2026-09-01T13:03:15","modified_gmt":"2026-09-01T11:03:15","slug":"medien-bundesregierung-will-russland-fuer-drohnen-vorfall-in-leipzig-verantwortlich-machen","status":"publish","type":"post","link":"https:\/\/meiser-tv.de\/en\/politik\/medien-bundesregierung-will-russland-fuer-drohnen-vorfall-in-leipzig-verantwortlich-machen\/","title":{"rendered":"Medien: Bundesregierung will Russland f\u00fcr Drohnen-Vorfall in Leipzig verantwortlich machen"},"content":{"rendered":"<div>\n<p>Die Bundesregierung will einen russischen Geheimdienst f\u00fcr den versuchten Anschlag mit einer Sprengstoffdrohne Anfang August am Flughafen Leipzig\/Halle verantwortlich machen.<\/p>\n<p>Nach Informationen des <em>Spiegel<\/em> haben sich die Erkenntnisse \u00fcber eine oder mehrere\u00a0angeblich an dem Anschlagsversuch beteiligte Personen im Zuge der Ermittlungen so weit verdichtet, dass die Bundesregierung die Ergebnisse noch am Dienstag \u00f6ffentlich machen und den Angriff einem russischen Geheimdienst zuordnen will. Damit w\u00fcrde Berlin Russland erstmals offiziell und direkt f\u00fcr die Attacke verantwortlich machen. Zuvor hatte die <em>Bild<\/em>-Zeitung dar\u00fcber berichtet.<\/p>\n<p>Welcher russische Geheimdienst hinter dem Anschlagsversuch stehen soll und welche Konsequenzen Berlin plant, war zun\u00e4chst unklar. Die Bundesregierung hatte zuletzt \u00fcber ein Ma\u00dfnahmenpaket mit Strafma\u00dfnahmen gegen mutma\u00dflich beteiligte russische Staatsstellen beraten.<\/p>\n<p>Dem Vernehmen nach plant die Bundesregierung die Ausweisung weiterer russischer Diplomaten. Auch die Schlie\u00dfung des letzten noch ge\u00f6ffneten russischen Generalkonsulats in Bonn wurde in den vergangenen Tagen diskutiert. Zudem steht m\u00f6glicherweise eine Schlie\u00dfung des Russischen Hauses in Berlin im Raum. Eine Befassung der NATO, etwa im Rahmen von Beratungen nach Artikel 4 des Nordatlantikvertrags, will die Bundesregierung dagegen vorerst vermeiden.<\/p>\n<p>Dem Vernehmen nach wollen Au\u00dfenminister Johann Wadephul (CDU) und Innenminister Alexander Dobrindt (CSU) am sp\u00e4ten Nachmittag \u00fcber die Ermittlungsergebnisse und die geplante Reaktion der Bundesregierung informieren.<\/p>\n<p><strong>Mehr zum Thema<\/strong> &#8211; <a href=\"https:\/\/freedert.online\/meinung\/290266-der-schock-den-deutschland-braucht\/\" target=\"_blank\" rel=\"noopener noreferrer\">Landtagswahl in Sachsen-Anhalt: Der Schock, den Deutschland braucht<\/a><\/p>\n<div class=\"EmbedBlock-root EmbedBlock-externalVideo EmbedBlock-rumble\">\n<div class=\"VkEmbed\"><iframe class=\"lazyload\" data-src=\"https:\/\/rumble.com\/embed\/v7cr6h2\" frameborder=\"0\" width=\"853\" height=\"480\" allowfullscreen><\/iframe><\/div>\n<\/p><\/div>\n<\/p>\n<\/div>","protected":false},"excerpt":{"rendered":"<p>Die Bundesregierung will einen russischen Geheimdienst f\u00fcr den versuchten Anschlag mit einer Sprengstoffdrohne Anfang August am Flughafen Leipzig\/Halle verantwortlich machen. Nach Informationen des Spiegel haben sich die Erkenntnisse \u00fcber eine oder mehrere\u00a0angeblich an dem Anschlagsversuch beteiligte Personen im Zuge der Ermittlungen so weit verdichtet, dass die Bundesregierung die Ergebnisse noch am Dienstag \u00f6ffentlich machen und [&hellip;]<\/p>\n","protected":false},"author":1,"featured_media":4846,"comment_status":"closed","ping_status":"closed","sticky":false,"template":"","format":"standard","meta":{"_gspb_post_css":"","_uag_custom_page_level_css":"","fifu_image_url":"","fifu_image_alt":"","footnotes":""},"categories":[5],"tags":[],"class_list":["post-20402","post","type-post","status-publish","format-standard","has-post-thumbnail","hentry","category-politik"],"blocksy_meta":{"styles_descriptor":{"styles":{"desktop":"","tablet":"","mobile":""},"google_fonts":[],"version":7}},"uagb_featured_image_src":{"full":["https:\/\/mleexelnfod5.i.optimole.com\/w:auto\/h:auto\/q:mauto\/f:best\/https:\/\/i2.wp.com\/meiser-tv.de\/wp-content\/uploads\/2026\/05\/RSS-Hintergrund.jpg?w=1920&fit=1920,1080&ssl=1",1920,1080,true],"thumbnail":["https:\/\/mleexelnfod5.i.optimole.com\/w:auto\/h:auto\/q:mauto\/f:best\/https:\/\/i2.wp.com\/meiser-tv.de\/wp-content\/uploads\/2026\/05\/RSS-Hintergrund.jpg?w=150&resize=150,150&ssl=1",150,150,true],"medium":["https:\/\/mleexelnfod5.i.optimole.com\/w:auto\/h:auto\/q:mauto\/f:best\/https:\/\/i2.wp.com\/meiser-tv.de\/wp-content\/uploads\/2026\/05\/RSS-Hintergrund.jpg?w=300&fit=300,300&ssl=1",300,300,true],"medium_large":["https:\/\/mleexelnfod5.i.optimole.com\/w:auto\/h:auto\/q:mauto\/f:best\/https:\/\/i2.wp.com\/meiser-tv.de\/wp-content\/uploads\/2026\/05\/RSS-Hintergrund.jpg?w=768&resize=768,0&ssl=1",768,0,true],"large":["https:\/\/mleexelnfod5.i.optimole.com\/w:auto\/h:auto\/q:mauto\/f:best\/https:\/\/i2.wp.com\/meiser-tv.de\/wp-content\/uploads\/2026\/05\/RSS-Hintergrund.jpg?w=1024&fit=1024,1024&ssl=1",1024,1024,true],"1536x1536":["https:\/\/mleexelnfod5.i.optimole.com\/w:auto\/h:auto\/q:mauto\/f:best\/https:\/\/i2.wp.com\/meiser-tv.de\/wp-content\/uploads\/2026\/05\/RSS-Hintergrund.jpg?w=1536&fit=1536,1536&ssl=1",1536,1536,true],"2048x2048":["https:\/\/mleexelnfod5.i.optimole.com\/w:auto\/h:auto\/q:mauto\/f:best\/https:\/\/i2.wp.com\/meiser-tv.de\/wp-content\/uploads\/2026\/05\/RSS-Hintergrund.jpg?w=2048&fit=2048,2048&ssl=1",2048,2048,true],"trp-custom-language-flag":["https:\/\/mleexelnfod5.i.optimole.com\/w:auto\/h:auto\/q:mauto\/f:best\/https:\/\/i2.wp.com\/meiser-tv.de\/wp-content\/uploads\/2026\/05\/RSS-Hintergrund.jpg?w=18&fit=18,12&ssl=1",18,12,true]},"uagb_author_info":{"display_name":"admin","author_link":"https:\/\/meiser-tv.de\/en\/author\/admin\/"},"uagb_comment_info":0,"uagb_excerpt":"Die Bundesregierung will einen russischen Geheimdienst f\u00fcr den versuchten Anschlag mit einer Sprengstoffdrohne Anfang August am Flughafen Leipzig\/Halle verantwortlich machen. Nach Informationen des Spiegel haben sich die Erkenntnisse \u00fcber eine oder mehrere\u00a0angeblich an dem Anschlagsversuch beteiligte Personen im Zuge der Ermittlungen so weit verdichtet, dass die Bundesregierung die Ergebnisse noch am Dienstag \u00f6ffentlich machen und&hellip;","_links":{"self":[{"href":"https:\/\/meiser-tv.de\/en\/wp-json\/wp\/v2\/posts\/20402","targetHints":{"allow":["GET"]}}],"collection":[{"href":"https:\/\/meiser-tv.de\/en\/wp-json\/wp\/v2\/posts"}],"about":[{"href":"https:\/\/meiser-tv.de\/en\/wp-json\/wp\/v2\/types\/post"}],"author":[{"embeddable":true,"href":"https:\/\/meiser-tv.de\/en\/wp-json\/wp\/v2\/users\/1"}],"replies":[{"embeddable":true,"href":"https:\/\/meiser-tv.de\/en\/wp-json\/wp\/v2\/comments?post=20402"}],"version-history":[{"count":0,"href":"https:\/\/meiser-tv.de\/en\/wp-json\/wp\/v2\/posts\/20402\/revisions"}],"wp:featuredmedia":[{"embeddable":true,"href":"https:\/\/meiser-tv.de\/en\/wp-json\/wp\/v2\/media\/4846"}],"wp:attachment":[{"href":"https:\/\/meiser-tv.de\/en\/wp-json\/wp\/v2\/media?parent=20402"}],"wp:term":[{"taxonomy":"category","embeddable":true,"href":"https:\/\/meiser-tv.de\/en\/wp-json\/wp\/v2\/categories?post=20402"},{"taxonomy":"post_tag","embeddable":true,"href":"https:\/\/meiser-tv.de\/en\/wp-json\/wp\/v2\/tags?post=20402"}],"curies":[{"name":"wp","href":"https:\/\/api.w.org\/{rel}","templated":true}]}}